{"id":212283,"date":"2024-02-25T18:00:00","date_gmt":"2024-02-25T17:00:00","guid":{"rendered":"https:\/\/www.tucomarca.com\/wordpress\/segunda\/?p=212283"},"modified":"2024-02-25T19:31:07","modified_gmt":"2024-02-25T18:31:07","slug":"els-bombers-rescaten-en-helicopter-a-una-jove-lesionada-en-el-charco-azul-de-chulilla","status":"publish","type":"post","link":"https:\/\/tucomarca.whitekongsoftware.com\/ca\/els-bombers-rescaten-en-helicopter-a-una-jove-lesionada-en-el-charco-azul-de-chulilla\/","title":{"rendered":"Els bombers rescaten en helic\u00f2pter a una jove lesionada en el Charco Azul de Chulilla"},"content":{"rendered":"\n<p class=\"wp-block-paragraph\">Efectius del Grup de Rescat a Altura (GERA) del Consorci Provincial de Bombers de Val\u00e8ncia han rescatat en helic\u00f2pter aquest diumenge al voltant de les 16,30 hores a una jove que s&#8217;havia lesionat al peu mentre transitava pel Charco Azul de Chulilla.<\/p>\n\n\n\n<p class=\"wp-block-paragraph\">El rescat s&#8217;ha dut a terme mitjan\u00e7ant l&#8217;helic\u00f2pter V-990 del consorci Provincial de Bombers que compta amb un metge, a m\u00e9s d&#8217;amb un coordinador forestal del Consorci i una unitat de Bombers de la Genealitat Valenciana.<\/p>\n\n\n\n<p class=\"wp-block-paragraph\">La jove ferida ha sigut evacuada per via a\u00e8ria fins a l&#8217;hospital de Ll\u00edria i all\u00ed transferida als mitjans sanitaris.<\/p>\n\n\n\n<figure class=\"wp-block-gallery has-nested-images columns-1 is-cropped wp-block-gallery-1 is-layout-flex wp-block-gallery-is-layout-flex\">\n<figure class=\"wp-block-image size-large\"><img loading=\"lazy\" decoding=\"async\" width=\"1600\" height=\"1115\" data-id=\"212278\" src=\"http:\/\/www.tucomarca.com\/wordpress\/segunda\/wp-content\/uploads\/2024\/02\/ChulillaBomberos2.jpg\" alt=\"\" class=\"wp-image-212278\" srcset=\"https:\/\/tucomarca.whitekongsoftware.com\/wp-content\/uploads\/2024\/02\/ChulillaBomberos2.jpg 1600w, https:\/\/tucomarca.whitekongsoftware.com\/wp-content\/uploads\/2024\/02\/ChulillaBomberos2-300x209.jpg 300w, https:\/\/tucomarca.whitekongsoftware.com\/wp-content\/uploads\/2024\/02\/ChulillaBomberos2-1024x714.jpg 1024w, https:\/\/tucomarca.whitekongsoftware.com\/wp-content\/uploads\/2024\/02\/ChulillaBomberos2-768x535.jpg 768w, https:\/\/tucomarca.whitekongsoftware.com\/wp-content\/uploads\/2024\/02\/ChulillaBomberos2-1536x1070.jpg 1536w\" sizes=\"auto, (max-width: 1600px) 100vw, 1600px\" \/><\/figure>\n\n\n\n<figure class=\"wp-block-image size-large\"><img loading=\"lazy\" decoding=\"async\" width=\"1600\" height=\"1164\" data-id=\"212276\" src=\"http:\/\/www.tucomarca.com\/wordpress\/segunda\/wp-content\/uploads\/2024\/02\/ChulillaBomberos3.jpg\" alt=\"\" class=\"wp-image-212276\" srcset=\"https:\/\/tucomarca.whitekongsoftware.com\/wp-content\/uploads\/2024\/02\/ChulillaBomberos3.jpg 1600w, https:\/\/tucomarca.whitekongsoftware.com\/wp-content\/uploads\/2024\/02\/ChulillaBomberos3-300x218.jpg 300w, https:\/\/tucomarca.whitekongsoftware.com\/wp-content\/uploads\/2024\/02\/ChulillaBomberos3-1024x745.jpg 1024w, https:\/\/tucomarca.whitekongsoftware.com\/wp-content\/uploads\/2024\/02\/ChulillaBomberos3-768x559.jpg 768w, https:\/\/tucomarca.whitekongsoftware.com\/wp-content\/uploads\/2024\/02\/ChulillaBomberos3-1536x1117.jpg 1536w\" sizes=\"auto, (max-width: 1600px) 100vw, 1600px\" \/><\/figure>\n<\/figure>\n","protected":false},"excerpt":{"rendered":"<div class=\"mh-excerpt\">Efectius del Grup de Rescat a Altura (GERA) del Consorci Provincial de Bombers de Val\u00e8ncia han rescatat en helic\u00f2pter aquest diumenge al voltant de les 16,30 hores a una jove que s&#8217;havia lesionat al peu <a class=\"mh-excerpt-more\" href=\"https:\/\/tucomarca.whitekongsoftware.com\/ca\/els-bombers-rescaten-en-helicopter-a-una-jove-lesionada-en-el-charco-azul-de-chulilla\/\" title=\"Els bombers rescaten en helic\u00f2pter a una jove lesionada en el Charco Azul de Chulilla\">[+] <\/a><\/div>\n","protected":false},"author":1,"featured_media":212281,"comment_status":"open","ping_status":"open","sticky":false,"template":"","format":"gallery","meta":{"footnotes":""},"categories":[11036,11046,10898,10948,10894,10904,10903,10896,10897],"tags":[12834,11928,11080,10901],"class_list":["post-212283","post","type-post","status-publish","format-gallery","has-post-thumbnail","category-chulilla-ca","category-los-serranos-ca","category-ventana-ca","category-infraestructuras-ca","category-la-comarca-ca","category-sin-categorizar-ca","category-medio-ambiente-la-comarca-ca","category-seccion-ca","category-sucesos-la-comarca-ca","tag-consorcio-provincial-de-bomberos-de-valencia-ca","tag-la-serrania-ca","tag-los-serranos-ca","tag-sucesos-ca","post_format-post-format-gallery"],"_links":{"self":[{"href":"https:\/\/tucomarca.whitekongsoftware.com\/ca\/wp-json\/wp\/v2\/posts\/212283","targetHints":{"allow":["GET"]}}],"collection":[{"href":"https:\/\/tucomarca.whitekongsoftware.com\/ca\/wp-json\/wp\/v2\/posts"}],"about":[{"href":"https:\/\/tucomarca.whitekongsoftware.com\/ca\/wp-json\/wp\/v2\/types\/post"}],"author":[{"embeddable":true,"href":"https:\/\/tucomarca.whitekongsoftware.com\/ca\/wp-json\/wp\/v2\/users\/1"}],"replies":[{"embeddable":true,"href":"https:\/\/tucomarca.whitekongsoftware.com\/ca\/wp-json\/wp\/v2\/comments?post=212283"}],"version-history":[{"count":0,"href":"https:\/\/tucomarca.whitekongsoftware.com\/ca\/wp-json\/wp\/v2\/posts\/212283\/revisions"}],"wp:featuredmedia":[{"embeddable":true,"href":"https:\/\/tucomarca.whitekongsoftware.com\/ca\/wp-json\/wp\/v2\/media\/212281"}],"wp:attachment":[{"href":"https:\/\/tucomarca.whitekongsoftware.com\/ca\/wp-json\/wp\/v2\/media?parent=212283"}],"wp:term":[{"taxonomy":"category","embeddable":true,"href":"https:\/\/tucomarca.whitekongsoftware.com\/ca\/wp-json\/wp\/v2\/categories?post=212283"},{"taxonomy":"post_tag","embeddable":true,"href":"https:\/\/tucomarca.whitekongsoftware.com\/ca\/wp-json\/wp\/v2\/tags?post=212283"}],"curies":[{"name":"wp","href":"https:\/\/api.w.org\/{rel}","templated":true}]}}