{"id":212262,"date":"2024-02-24T18:00:00","date_gmt":"2024-02-24T17:00:00","guid":{"rendered":"https:\/\/www.tucomarca.com\/wordpress\/segunda\/?p=212262"},"modified":"2024-02-25T20:19:56","modified_gmt":"2024-02-25T19:19:56","slug":"mor-un-motorista-i-un-altre-resulta-ferit-en-un-accident-aquest-dissabte-a-xiva","status":"publish","type":"post","link":"https:\/\/tucomarca.whitekongsoftware.com\/ca\/mor-un-motorista-i-un-altre-resulta-ferit-en-un-accident-aquest-dissabte-a-xiva\/","title":{"rendered":"Mor un motorista i un altre resulta ferit en un accident aquest dissabte a Xiva"},"content":{"rendered":"\n<p class=\"wp-block-paragraph\">Un home ha mort aquest dissabte i un altre ha resultat ferit amb politraumatismes en un accident de moto que s&#8217;ha produ\u00eft a Xiva, en un dels accessos a l&#8217;autovia A-3, segons ha informat el Centre d&#8217;Informaci\u00f3 i Coordinaci\u00f3 d&#8217;Urg\u00e8ncies (CICU) en un comunicat. <\/p>\n\n\n\n<p class=\"wp-block-paragraph\">L&#8217;av\u00eds ha arribat sobre les 14,00 hores, i fins al lloc s&#8217;han mobilitzat dues unitats del SAMU i una unitat de suport vital b\u00e0sic. <\/p>\n\n\n\n<p class=\"wp-block-paragraph\">A conseq\u00fc\u00e8ncia del sinistre en el qual ha mort un home, els serveis m\u00e8dics han realitzat maniobres d&#8217;estabilitzaci\u00f3 a l&#8217;altre ocupant de la moto, un home de 50 anys, que presentava politraumatisme. <\/p>\n\n\n\n<p class=\"wp-block-paragraph\">El ferit ha sigut traslladat al centre hospitalari m\u00e9s pr\u00f2xim en una de les ambul\u00e0ncies de suport vital avan\u00e7at.<\/p>\n","protected":false},"excerpt":{"rendered":"<div class=\"mh-excerpt\">Un home ha mort aquest dissabte i un altre ha resultat ferit amb politraumatismes en un accident de moto que s&#8217;ha produ\u00eft a Xiva, en un dels accessos a l&#8217;autovia A-3, segons ha informat el <a class=\"mh-excerpt-more\" href=\"https:\/\/tucomarca.whitekongsoftware.com\/ca\/mor-un-motorista-i-un-altre-resulta-ferit-en-un-accident-aquest-dissabte-a-xiva\/\" title=\"Mor un motorista i un altre resulta ferit en un accident aquest dissabte a Xiva\">[+] <\/a><\/div>\n","protected":false},"author":12,"featured_media":212323,"comment_status":"open","ping_status":"open","sticky":false,"template":"","format":"standard","meta":{"footnotes":""},"categories":[10898,10894,10904,10912,10896,10897,10975],"tags":[11195,10914],"class_list":["post-212262","post","type-post","status-publish","format-standard","has-post-thumbnail","category-ventana-ca","category-la-comarca-ca","category-sin-categorizar-ca","category-la-hoya-ca","category-seccion-ca","category-sucesos-la-comarca-ca","category-chiva-ca","tag-chiva-ca","tag-la-hoya-de-bunol-chiva-ca"],"_links":{"self":[{"href":"https:\/\/tucomarca.whitekongsoftware.com\/ca\/wp-json\/wp\/v2\/posts\/212262","targetHints":{"allow":["GET"]}}],"collection":[{"href":"https:\/\/tucomarca.whitekongsoftware.com\/ca\/wp-json\/wp\/v2\/posts"}],"about":[{"href":"https:\/\/tucomarca.whitekongsoftware.com\/ca\/wp-json\/wp\/v2\/types\/post"}],"author":[{"embeddable":true,"href":"https:\/\/tucomarca.whitekongsoftware.com\/ca\/wp-json\/wp\/v2\/users\/12"}],"replies":[{"embeddable":true,"href":"https:\/\/tucomarca.whitekongsoftware.com\/ca\/wp-json\/wp\/v2\/comments?post=212262"}],"version-history":[{"count":0,"href":"https:\/\/tucomarca.whitekongsoftware.com\/ca\/wp-json\/wp\/v2\/posts\/212262\/revisions"}],"wp:featuredmedia":[{"embeddable":true,"href":"https:\/\/tucomarca.whitekongsoftware.com\/ca\/wp-json\/wp\/v2\/media\/212323"}],"wp:attachment":[{"href":"https:\/\/tucomarca.whitekongsoftware.com\/ca\/wp-json\/wp\/v2\/media?parent=212262"}],"wp:term":[{"taxonomy":"category","embeddable":true,"href":"https:\/\/tucomarca.whitekongsoftware.com\/ca\/wp-json\/wp\/v2\/categories?post=212262"},{"taxonomy":"post_tag","embeddable":true,"href":"https:\/\/tucomarca.whitekongsoftware.com\/ca\/wp-json\/wp\/v2\/tags?post=212262"}],"curies":[{"name":"wp","href":"https:\/\/api.w.org\/{rel}","templated":true}]}}