{"id":212176,"date":"2024-02-23T12:00:00","date_gmt":"2024-02-23T11:00:00","guid":{"rendered":"https:\/\/www.tucomarca.com\/wordpress\/segunda\/?p=212176"},"modified":"2024-02-23T14:13:52","modified_gmt":"2024-02-23T13:13:52","slug":"la-generalitat-declara-tres-dies-de-dol-oficial-per-lincendi-dels-edificis-del-barri-de-campanar-a-valencia","status":"publish","type":"post","link":"https:\/\/tucomarca.whitekongsoftware.com\/ca\/la-generalitat-declara-tres-dies-de-dol-oficial-per-lincendi-dels-edificis-del-barri-de-campanar-a-valencia\/","title":{"rendered":"La Generalitat declara tres dies de dol oficial per l\u2019incendi dels edificis del barri de Campanar a Val\u00e8ncia"},"content":{"rendered":"\n<h3 class=\"wp-block-heading\"><strong>El Consell manifesta el seu dolor i vol fer p\u00fabliques les seues condolences i la seua solidaritat amb totes les persones afectades<\/strong>.<\/h3>\n\n\n\n<p class=\"wp-block-paragraph\">La Generalitat ha declarat dol oficial durant tres dies per les v\u00edctimes de l\u2019incendi d\u2019edificis residencials al barri de Campanar de la ciutat de Val\u00e8ncia, tal com es recull en el decret publicat en el&nbsp;<em>Diari Oficial de la Generalitat Valenciana<\/em>.<\/p>\n\n\n\n<p class=\"wp-block-paragraph\">El Consell manifesta el seu dolor i vol fer p\u00fabliques les seues condolences i la seua solidaritat amb totes les persones afectades davant d\u2019un succ\u00e9s que ha commogut profundament tota la societat valenciana.<\/p>\n\n\n\n<p class=\"wp-block-paragraph\">Tal com establix el decret firmat pel president de la Generalitat, les banderes oficials ondejaran a mitja asta en l\u2019exterior dels edificis p\u00fablics de la Generalitat en senyal de respecte, condol i dol, i convida el conjunt de les institucions valencianes a secundar esta mesura.<\/p>\n\n\n\n<p class=\"wp-block-paragraph\">En estos moments, quan encara continuen els treballs d\u2019extinci\u00f3, el Consell considera necessari recon\u00e9ixer i agrair el gran esfor\u00e7 dels servicis p\u00fablics d\u2019emerg\u00e8ncies, de protecci\u00f3 civil i sanitaris, aix\u00ed com de les persones i entitats que, desinteressadament, estan col\u00b7laborant en l\u2019atenci\u00f3 a les v\u00edctimes.<\/p>\n","protected":false},"excerpt":{"rendered":"<div class=\"mh-excerpt\">El Consell manifesta el seu dolor i vol fer p\u00fabliques les seues condolences i la seua solidaritat amb totes les persones afectades. La Generalitat ha declarat dol oficial durant tres dies per les v\u00edctimes de <a class=\"mh-excerpt-more\" href=\"https:\/\/tucomarca.whitekongsoftware.com\/ca\/la-generalitat-declara-tres-dies-de-dol-oficial-per-lincendi-dels-edificis-del-barri-de-campanar-a-valencia\/\" title=\"La Generalitat declara tres dies de dol oficial per l\u2019incendi dels edificis del barri de Campanar a Val\u00e8ncia\">[+] <\/a><\/div>\n","protected":false},"author":1,"featured_media":212173,"comment_status":"open","ping_status":"open","sticky":false,"template":"","format":"standard","meta":{"footnotes":""},"categories":[10898,10948,10894,10904,10947,10896,10897],"tags":[11199],"class_list":["post-212176","post","type-post","status-publish","format-standard","has-post-thumbnail","category-ventana-ca","category-infraestructuras-ca","category-la-comarca-ca","category-sin-categorizar-ca","category-politica","category-seccion-ca","category-sucesos-la-comarca-ca","tag-la-comunitat-ca"],"_links":{"self":[{"href":"https:\/\/tucomarca.whitekongsoftware.com\/ca\/wp-json\/wp\/v2\/posts\/212176","targetHints":{"allow":["GET"]}}],"collection":[{"href":"https:\/\/tucomarca.whitekongsoftware.com\/ca\/wp-json\/wp\/v2\/posts"}],"about":[{"href":"https:\/\/tucomarca.whitekongsoftware.com\/ca\/wp-json\/wp\/v2\/types\/post"}],"author":[{"embeddable":true,"href":"https:\/\/tucomarca.whitekongsoftware.com\/ca\/wp-json\/wp\/v2\/users\/1"}],"replies":[{"embeddable":true,"href":"https:\/\/tucomarca.whitekongsoftware.com\/ca\/wp-json\/wp\/v2\/comments?post=212176"}],"version-history":[{"count":0,"href":"https:\/\/tucomarca.whitekongsoftware.com\/ca\/wp-json\/wp\/v2\/posts\/212176\/revisions"}],"wp:featuredmedia":[{"embeddable":true,"href":"https:\/\/tucomarca.whitekongsoftware.com\/ca\/wp-json\/wp\/v2\/media\/212173"}],"wp:attachment":[{"href":"https:\/\/tucomarca.whitekongsoftware.com\/ca\/wp-json\/wp\/v2\/media?parent=212176"}],"wp:term":[{"taxonomy":"category","embeddable":true,"href":"https:\/\/tucomarca.whitekongsoftware.com\/ca\/wp-json\/wp\/v2\/categories?post=212176"},{"taxonomy":"post_tag","embeddable":true,"href":"https:\/\/tucomarca.whitekongsoftware.com\/ca\/wp-json\/wp\/v2\/tags?post=212176"}],"curies":[{"name":"wp","href":"https:\/\/api.w.org\/{rel}","templated":true}]}}