{"id":212095,"date":"2024-02-22T17:00:00","date_gmt":"2024-02-22T16:00:00","guid":{"rendered":"https:\/\/www.tucomarca.com\/wordpress\/segunda\/?p=212095"},"modified":"2024-02-22T18:13:00","modified_gmt":"2024-02-22T17:13:00","slug":"el-ple-de-xest-celebra-una-sessio-extraordinaria-a-fi-daprovar-lampliacio-de-la-plantilla-municipal","status":"publish","type":"post","link":"https:\/\/tucomarca.whitekongsoftware.com\/ca\/el-ple-de-xest-celebra-una-sessio-extraordinaria-a-fi-daprovar-lampliacio-de-la-plantilla-municipal\/","title":{"rendered":"El ple de Xest celebra una sessi\u00f3 extraordin\u00e0ria a fi d&#8217;aprovar l&#8217;ampliaci\u00f3 de la plantilla municipal"},"content":{"rendered":"\n<p class=\"wp-block-paragraph\">Ahir, dimecres 21 de febrer, es va celebrar una sessi\u00f3 plen\u00e0ria extraordin\u00e0ria en la qual es va aprovar la incorporaci\u00f3 a la plantilla municipal de dues treballadores, per resoluci\u00f3 judicial, i tamb\u00e9 una moci\u00f3 perqu\u00e8 l&#8217;Associaci\u00f3 de monitors de les Escoles esportives municipals tinga el suport de l&#8217;Ajuntament per a sol\u00b7licitar un pr\u00e9stec amb el qual pagar les n\u00f2mines pendents.<\/p>\n\n\n\n<figure class=\"wp-block-image size-full\"><img loading=\"lazy\" decoding=\"async\" width=\"886\" height=\"591\" src=\"http:\/\/www.tucomarca.com\/wordpress\/segunda\/wp-content\/uploads\/2024\/02\/Cheste_PlenoExtraordinario_4.jpg\" alt=\"\" class=\"wp-image-212093\" srcset=\"https:\/\/tucomarca.whitekongsoftware.com\/wp-content\/uploads\/2024\/02\/Cheste_PlenoExtraordinario_4.jpg 886w, https:\/\/tucomarca.whitekongsoftware.com\/wp-content\/uploads\/2024\/02\/Cheste_PlenoExtraordinario_4-300x200.jpg 300w, https:\/\/tucomarca.whitekongsoftware.com\/wp-content\/uploads\/2024\/02\/Cheste_PlenoExtraordinario_4-768x512.jpg 768w\" sizes=\"auto, (max-width: 886px) 100vw, 886px\" \/><\/figure>\n\n\n\n<p class=\"wp-block-paragraph\"><strong>Ampliaci\u00f3 de la plantilla municipal<\/strong><\/p>\n\n\n\n<p class=\"wp-block-paragraph\">Tal com va introduir l&#8217;alcalde, Jos\u00e9 Morell, la modificaci\u00f3 de la plantilla municipal es va emportar a ple per a donar compliment a dues resolucions judicials relatives a dues treballadores, una de l&#8217;\u00e0rea de Cultura i una altra d&#8217;Urbanisme. \u201cEn les sent\u00e8ncies, tant la Seguretat Social com el Secretari judicial, consideren que no s\u00f3n treballadores per compte propi, sin\u00f3 treballadores municipals amb la condici\u00f3 de laboral indefinit no-fix\u201d, explicava l&#8217;alcalde.<\/p>\n\n\n\n<p class=\"wp-block-paragraph\">La regidora d&#8217;Esquerra Unida, M\u00aa \u00c1ngeles Llorente, per part seua, va explicar la necessitat de contractar aquestes persones en el seu moment. \u201cAquestes treballadores van ser contractades en la primera legislatura del nostre govern per a complir tasques necess\u00e0ries quan no pod\u00edem contractar a ning\u00fa m\u00e9s excepte per un proc\u00e9s de contractaci\u00f3 de serveis\u201d, explicava Llorente.<\/p>\n\n\n\n<p class=\"wp-block-paragraph\"><strong>Moci\u00f3 en favor de l&#8217;Associaci\u00f3 de monitors<\/strong><\/p>\n\n\n\n<p class=\"wp-block-paragraph\">Morell va ser tamb\u00e9 l&#8217;encarregat d&#8217;explicar la moci\u00f3 presentada en favor de l&#8217;Associaci\u00f3 de monitors de les Escoles esportives municipals. \u201cL&#8217;Associaci\u00f3 de monitors es finan\u00e7a a trav\u00e9s d&#8217;una subvenci\u00f3 que li dona l&#8217;Ajuntament; el que est\u00e0 ocorrent \u00e9s que, com quasi tots els anys, no s&#8217;est\u00e0 fent front als salaris dels monitors, ja que les subvencions no es donen a principi d&#8217;any, sin\u00f3 despr\u00e9s de la justificaci\u00f3. El que far\u00e0, mentre la subvenci\u00f3 municipal es tramita i es fa efectiva, \u00e9s sol\u00b7licitar un pr\u00e9stec, i perqu\u00e8 se li concedisca, necessita una garantia enfront del banc que rebr\u00e0 eixa subvenci\u00f3, per aix\u00f2 hui portem aquesta moci\u00f3 amb el comprom\u00eds per part de la Corporaci\u00f3 que aix\u00f2 succeir\u00e0\u201d, explicava l&#8217;alcalde. \u201cDes de la Regidoria d&#8217;Esports s&#8217;est\u00e0 fent una an\u00e0lisi profunda dels comptes i dels models de gesti\u00f3 i creiem que, amb les mesures que s&#8217;estan implementant, aquesta ser\u00e0 l&#8217;\u00faltima vegada que els monitors estiguen sense cobrar, ser\u00e0 una soluci\u00f3 definitiva. \u00c9s un proc\u00e9s dif\u00edcil, implica molta gent i estem treballant amb molta intensitat per a continuar garantint la qualitat de les escoles esportives en les quals tanta gent confia cada temporada\u201d.<\/p>\n","protected":false},"excerpt":{"rendered":"<div class=\"mh-excerpt\">Ahir, dimecres 21 de febrer, es va celebrar una sessi\u00f3 plen\u00e0ria extraordin\u00e0ria en la qual es va aprovar la incorporaci\u00f3 a la plantilla municipal de dues treballadores, per resoluci\u00f3 judicial, i tamb\u00e9 una moci\u00f3 perqu\u00e8 <a class=\"mh-excerpt-more\" href=\"https:\/\/tucomarca.whitekongsoftware.com\/ca\/el-ple-de-xest-celebra-una-sessio-extraordinaria-a-fi-daprovar-lampliacio-de-la-plantilla-municipal\/\" title=\"El ple de Xest celebra una sessi\u00f3 extraordin\u00e0ria a fi d&#8217;aprovar l&#8217;ampliaci\u00f3 de la plantilla municipal\">[+] <\/a><\/div>\n","protected":false},"author":12,"featured_media":212092,"comment_status":"open","ping_status":"open","sticky":false,"template":"","format":"standard","meta":{"footnotes":""},"categories":[10894,10912,10947,10896,10974],"tags":[11071,10914],"class_list":["post-212095","post","type-post","status-publish","format-standard","has-post-thumbnail","category-la-comarca-ca","category-la-hoya-ca","category-politica","category-seccion-ca","category-cheste-ca","tag-cheste","tag-la-hoya-de-bunol-chiva-ca"],"_links":{"self":[{"href":"https:\/\/tucomarca.whitekongsoftware.com\/ca\/wp-json\/wp\/v2\/posts\/212095","targetHints":{"allow":["GET"]}}],"collection":[{"href":"https:\/\/tucomarca.whitekongsoftware.com\/ca\/wp-json\/wp\/v2\/posts"}],"about":[{"href":"https:\/\/tucomarca.whitekongsoftware.com\/ca\/wp-json\/wp\/v2\/types\/post"}],"author":[{"embeddable":true,"href":"https:\/\/tucomarca.whitekongsoftware.com\/ca\/wp-json\/wp\/v2\/users\/12"}],"replies":[{"embeddable":true,"href":"https:\/\/tucomarca.whitekongsoftware.com\/ca\/wp-json\/wp\/v2\/comments?post=212095"}],"version-history":[{"count":0,"href":"https:\/\/tucomarca.whitekongsoftware.com\/ca\/wp-json\/wp\/v2\/posts\/212095\/revisions"}],"wp:featuredmedia":[{"embeddable":true,"href":"https:\/\/tucomarca.whitekongsoftware.com\/ca\/wp-json\/wp\/v2\/media\/212092"}],"wp:attachment":[{"href":"https:\/\/tucomarca.whitekongsoftware.com\/ca\/wp-json\/wp\/v2\/media?parent=212095"}],"wp:term":[{"taxonomy":"category","embeddable":true,"href":"https:\/\/tucomarca.whitekongsoftware.com\/ca\/wp-json\/wp\/v2\/categories?post=212095"},{"taxonomy":"post_tag","embeddable":true,"href":"https:\/\/tucomarca.whitekongsoftware.com\/ca\/wp-json\/wp\/v2\/tags?post=212095"}],"curies":[{"name":"wp","href":"https:\/\/api.w.org\/{rel}","templated":true}]}}