{"id":211994,"date":"2024-02-22T10:00:00","date_gmt":"2024-02-22T09:00:00","guid":{"rendered":"https:\/\/www.tucomarca.com\/wordpress\/segunda\/?p=211994"},"modified":"2024-02-22T12:11:55","modified_gmt":"2024-02-22T11:11:55","slug":"las-ventas-de-bunyol-presenta-aquest-dissabte-a-sara-carrascosa-criado-i-paula-carreno-rehues-com-a-falleres-majors-2024","status":"publish","type":"post","link":"https:\/\/tucomarca.whitekongsoftware.com\/ca\/las-ventas-de-bunyol-presenta-aquest-dissabte-a-sara-carrascosa-criado-i-paula-carreno-rehues-com-a-falleres-majors-2024\/","title":{"rendered":"Las Ventas de Bunyol presenta aquest dissabte a Sara Carrascosa Criado i Paula Carre\u00f1o Rehu\u00e9s com a Falleres Majors 2024"},"content":{"rendered":"\n<p class=\"wp-block-paragraph\">Aquest dissabte, 24 de febrer, tindr\u00e0 lloc en el Teatre Montecarlo l&#8217;\u00faltima de les presentacions Falleres d&#8217;enguany a Bunyol, ser\u00e0 l&#8217;exaltaci\u00f3 de les Falleres Majors de la comissi\u00f3 m\u00e9s nombrosa de la localitat, Las Ventas de Bunyol.&nbsp;<\/p>\n\n\n\n<p class=\"wp-block-paragraph\">A partir de les 18,30 hores est\u00e0 prevista la posada de llarg de Sara Carrascosa Criado i de la xiqueta Paula Carre\u00f1o Rehu\u00e9s, en la seua presentaci\u00f3 estaran acompanyades pel nou president Infantil, Javier Espert Espert, i el nou president, Ra\u00fal Parla Villanueva.<\/p>\n\n\n\n<p class=\"wp-block-paragraph\">Tamb\u00e9 es donar\u00e0 a&nbsp;con\u00e9ixer la cort d&#8217;honor que acompanyar\u00e0 a les falleres durant aquest 2024. Les m\u00e0ximes representants de Les Vendes comencen ja el compte arrere per a les festes falleres al costat de les seues fam\u00edlies, amics i la seua benvolguda comissi\u00f3.<\/p>\n\n\n\n<figure class=\"wp-block-image size-large\"><img loading=\"lazy\" decoding=\"async\" width=\"1024\" height=\"1024\" src=\"http:\/\/www.tucomarca.com\/wordpress\/segunda\/wp-content\/uploads\/2024\/02\/FallaVentas-1-1024x1024.jpg\" alt=\"\" class=\"wp-image-211991\" srcset=\"https:\/\/tucomarca.whitekongsoftware.com\/wp-content\/uploads\/2024\/02\/FallaVentas-1-1024x1024.jpg 1024w, https:\/\/tucomarca.whitekongsoftware.com\/wp-content\/uploads\/2024\/02\/FallaVentas-1-300x300.jpg 300w, https:\/\/tucomarca.whitekongsoftware.com\/wp-content\/uploads\/2024\/02\/FallaVentas-1-290x290.jpg 290w, https:\/\/tucomarca.whitekongsoftware.com\/wp-content\/uploads\/2024\/02\/FallaVentas-1-768x768.jpg 768w, https:\/\/tucomarca.whitekongsoftware.com\/wp-content\/uploads\/2024\/02\/FallaVentas-1.jpg 1080w\" sizes=\"auto, (max-width: 1024px) 100vw, 1024px\" \/><\/figure>\n","protected":false},"excerpt":{"rendered":"<div class=\"mh-excerpt\">Aquest dissabte, 24 de febrer, tindr\u00e0 lloc en el Teatre Montecarlo l&#8217;\u00faltima de les presentacions Falleres d&#8217;enguany a Bunyol, ser\u00e0 l&#8217;exaltaci\u00f3 de les Falleres Majors de la comissi\u00f3 m\u00e9s nombrosa de la localitat, Las Ventas <a class=\"mh-excerpt-more\" href=\"https:\/\/tucomarca.whitekongsoftware.com\/ca\/las-ventas-de-bunyol-presenta-aquest-dissabte-a-sara-carrascosa-criado-i-paula-carreno-rehues-com-a-falleres-majors-2024\/\" title=\"Las Ventas de Bunyol presenta aquest dissabte a Sara Carrascosa Criado i Paula Carre\u00f1o Rehu\u00e9s com a Falleres Majors 2024\">[+] <\/a><\/div>\n","protected":false},"author":12,"featured_media":211992,"comment_status":"open","ping_status":"open","sticky":false,"template":"","format":"standard","meta":{"footnotes":""},"categories":[11019,10911,10894,10912,11007,10896],"tags":[10913,11894,10914],"class_list":["post-211994","post","type-post","status-publish","format-standard","has-post-thumbnail","category-agenda-ca","category-bunol-ca","category-la-comarca-ca","category-la-hoya-ca","category-ocio-y-cultura-ca","category-seccion-ca","tag-bunol-ca","tag-falla-las-ventas-de-bunol-ca","tag-la-hoya-de-bunol-chiva-ca"],"_links":{"self":[{"href":"https:\/\/tucomarca.whitekongsoftware.com\/ca\/wp-json\/wp\/v2\/posts\/211994","targetHints":{"allow":["GET"]}}],"collection":[{"href":"https:\/\/tucomarca.whitekongsoftware.com\/ca\/wp-json\/wp\/v2\/posts"}],"about":[{"href":"https:\/\/tucomarca.whitekongsoftware.com\/ca\/wp-json\/wp\/v2\/types\/post"}],"author":[{"embeddable":true,"href":"https:\/\/tucomarca.whitekongsoftware.com\/ca\/wp-json\/wp\/v2\/users\/12"}],"replies":[{"embeddable":true,"href":"https:\/\/tucomarca.whitekongsoftware.com\/ca\/wp-json\/wp\/v2\/comments?post=211994"}],"version-history":[{"count":0,"href":"https:\/\/tucomarca.whitekongsoftware.com\/ca\/wp-json\/wp\/v2\/posts\/211994\/revisions"}],"wp:featuredmedia":[{"embeddable":true,"href":"https:\/\/tucomarca.whitekongsoftware.com\/ca\/wp-json\/wp\/v2\/media\/211992"}],"wp:attachment":[{"href":"https:\/\/tucomarca.whitekongsoftware.com\/ca\/wp-json\/wp\/v2\/media?parent=211994"}],"wp:term":[{"taxonomy":"category","embeddable":true,"href":"https:\/\/tucomarca.whitekongsoftware.com\/ca\/wp-json\/wp\/v2\/categories?post=211994"},{"taxonomy":"post_tag","embeddable":true,"href":"https:\/\/tucomarca.whitekongsoftware.com\/ca\/wp-json\/wp\/v2\/tags?post=211994"}],"curies":[{"name":"wp","href":"https:\/\/api.w.org\/{rel}","templated":true}]}}