{"id":211922,"date":"2024-02-21T16:55:00","date_gmt":"2024-02-21T15:55:00","guid":{"rendered":"https:\/\/www.tucomarca.com\/wordpress\/segunda\/?p=211922"},"modified":"2024-02-21T19:57:39","modified_gmt":"2024-02-21T18:57:39","slug":"la-plataforma-ciutadana-per-la-defensa-del-sector-primari-de-requena-utiel-convoca-la-seua-primera-marxa-de-tractors-reivindicativa","status":"publish","type":"post","link":"https:\/\/tucomarca.whitekongsoftware.com\/ca\/la-plataforma-ciutadana-per-la-defensa-del-sector-primari-de-requena-utiel-convoca-la-seua-primera-marxa-de-tractors-reivindicativa\/","title":{"rendered":"La Plataforma Ciutadana per la defensa del sector primari de Requena-Utiel convoca la seua primera marxa de tractors reivindicativa"},"content":{"rendered":"\n<p class=\"wp-block-paragraph\">La Plataforma Ciutadana per la Defensa del Sector Primari a Requena-Utiel ha convocat per a dilluns que ve, 26 de febrer, la Primera Marxa de Tractors de la comarca amb l&#8217;eixida a Requena i dest\u00ed Val\u00e8ncia.<br>A les 6.15 hores es reuniran els tractors en la rotonda de la carretera de Xera , prop del nucli urb\u00e0 de Requena, per a eixir poc despr\u00e9s amb destinaci\u00f3 a Val\u00e8ncia.<br>Condu\u00efts per la Gu\u00e0rdia Civil entraren a l&#8217;autovia A-3, sentit Val\u00e8ncia, amb els tractors i cotxes que s&#8217;unisquen a la marxa.<br>Est\u00e0 previst que durant el trajecte d&#8217;aproximadament 4 hores facen alguna parada, segons comunique la Gu\u00e0rdia Civil. \u201cDurant el trajecte, segurament s&#8217;uniran altres companys de La Foia de Bunyol i a Val\u00e8ncia, ens han comunicat la seua adhesi\u00f3 els companys de la Vall D\u00b4Uix\u00f3\u201d van avan\u00e7ar representants de la plataforma.\u00a0<br>Al voltant de les 11 hores, est\u00e0 prevista l&#8217;arribada a Val\u00e8ncia i escortats per la Policia Local d&#8217;aquesta ciutat, faran un recorregut per ella, mostrant l&#8217;esplendor de la Gran Caravana de Tractors. Recorreran els carrers i places m\u00e9s c\u00e8ntriques: Plaza d&#8217;Espanya, carrer de Sant Vicent, Plaza de l&#8217;Ajuntament i carrer Les Barques, finalitzant el recorregut en la Pla\u00e7a del Temple. En la Delegaci\u00f3 del Govern llegiran un manifest amb totes les reivindicacions de la plataforma.<br>A les 15 hores, com haur\u00e0 acabat el perm\u00eds de concentraci\u00f3, prendran els tractors i escortats de nou per la Policia Local de Val\u00e8ncia, eixiran cap a la Ciutat de les Ci\u00e8ncies i per la V-30 arribaran a l&#8217;autovia A-3, retornats a la Gu\u00e0rdia Civil, perqu\u00e8 els trasllade a Requena. Informa, <strong>Luis Ib\u00e1\u00f1ez<\/strong>.<\/p>\n","protected":false},"excerpt":{"rendered":"<div class=\"mh-excerpt\">La Plataforma Ciutadana per la Defensa del Sector Primari a Requena-Utiel ha convocat per a dilluns que ve, 26 de febrer, la Primera Marxa de Tractors de la comarca amb l&#8217;eixida a Requena i dest\u00ed <a class=\"mh-excerpt-more\" href=\"https:\/\/tucomarca.whitekongsoftware.com\/ca\/la-plataforma-ciutadana-per-la-defensa-del-sector-primari-de-requena-utiel-convoca-la-seua-primera-marxa-de-tractors-reivindicativa\/\" title=\"La Plataforma Ciutadana per la defensa del sector primari de Requena-Utiel convoca la seua primera marxa de tractors reivindicativa\">[+] <\/a><\/div>\n","protected":false},"author":12,"featured_media":210201,"comment_status":"open","ping_status":"open","sticky":false,"template":"","format":"standard","meta":{"footnotes":""},"categories":[11019,10905,10948,10894,10947,10909,10896],"tags":[20324,10910],"class_list":["post-211922","post","type-post","status-publish","format-standard","has-post-thumbnail","category-agenda-ca","category-agricultura-la-comarca-ca","category-infraestructuras-ca","category-la-comarca-ca","category-politica","category-requena-utiel-ca","category-seccion-ca","tag-plataforma-ciudadana-por-la-defensa-de-sector-primario-ca","tag-requena-utiel-ca"],"_links":{"self":[{"href":"https:\/\/tucomarca.whitekongsoftware.com\/ca\/wp-json\/wp\/v2\/posts\/211922","targetHints":{"allow":["GET"]}}],"collection":[{"href":"https:\/\/tucomarca.whitekongsoftware.com\/ca\/wp-json\/wp\/v2\/posts"}],"about":[{"href":"https:\/\/tucomarca.whitekongsoftware.com\/ca\/wp-json\/wp\/v2\/types\/post"}],"author":[{"embeddable":true,"href":"https:\/\/tucomarca.whitekongsoftware.com\/ca\/wp-json\/wp\/v2\/users\/12"}],"replies":[{"embeddable":true,"href":"https:\/\/tucomarca.whitekongsoftware.com\/ca\/wp-json\/wp\/v2\/comments?post=211922"}],"version-history":[{"count":0,"href":"https:\/\/tucomarca.whitekongsoftware.com\/ca\/wp-json\/wp\/v2\/posts\/211922\/revisions"}],"wp:featuredmedia":[{"embeddable":true,"href":"https:\/\/tucomarca.whitekongsoftware.com\/ca\/wp-json\/wp\/v2\/media\/210201"}],"wp:attachment":[{"href":"https:\/\/tucomarca.whitekongsoftware.com\/ca\/wp-json\/wp\/v2\/media?parent=211922"}],"wp:term":[{"taxonomy":"category","embeddable":true,"href":"https:\/\/tucomarca.whitekongsoftware.com\/ca\/wp-json\/wp\/v2\/categories?post=211922"},{"taxonomy":"post_tag","embeddable":true,"href":"https:\/\/tucomarca.whitekongsoftware.com\/ca\/wp-json\/wp\/v2\/tags?post=211922"}],"curies":[{"name":"wp","href":"https:\/\/api.w.org\/{rel}","templated":true}]}}