{"id":211874,"date":"2024-02-21T13:00:00","date_gmt":"2024-02-21T12:00:00","guid":{"rendered":"https:\/\/www.tucomarca.com\/wordpress\/segunda\/?p=211874"},"modified":"2024-02-21T13:06:38","modified_gmt":"2024-02-21T12:06:38","slug":"porvernir-de-cortes-de-pallas-participara-en-la-reunio-de-mes-de-500-carrecs-electes-independents-de-tota-espanya-per-a-crear-una-xarxa-municipalista","status":"publish","type":"post","link":"https:\/\/tucomarca.whitekongsoftware.com\/ca\/porvernir-de-cortes-de-pallas-participara-en-la-reunio-de-mes-de-500-carrecs-electes-independents-de-tota-espanya-per-a-crear-una-xarxa-municipalista\/","title":{"rendered":"Porvernir de Cortes de Pall\u00e0s participar\u00e0 en la reuni\u00f3 de m\u00e9s de 500 c\u00e0rrecs electes independents de tota Espanya per a crear una xarxa municipalista"},"content":{"rendered":"\n<figure class=\"wp-block-image size-full\"><img loading=\"lazy\" decoding=\"async\" width=\"554\" height=\"568\" src=\"http:\/\/www.tucomarca.com\/wordpress\/segunda\/wp-content\/uploads\/2024\/02\/PorvenirCortes.jpg\" alt=\"\" class=\"wp-image-211871\" srcset=\"https:\/\/tucomarca.whitekongsoftware.com\/wp-content\/uploads\/2024\/02\/PorvenirCortes.jpg 554w, https:\/\/tucomarca.whitekongsoftware.com\/wp-content\/uploads\/2024\/02\/PorvenirCortes-293x300.jpg 293w\" sizes=\"auto, (max-width: 554px) 100vw, 554px\" \/><\/figure>\n\n\n\n<p class=\"wp-block-paragraph\">Aquest pr\u00f2xim dissabte 24 de febrer, el Novotel Madrid Center al carrer O&#8217;Donnell no 53, ser\u00e0 l&#8217;epicentre d&#8217;una trobada hist\u00f2rica per al municipalisme espanyol. M\u00e9s de 500 alcaldes, regidors i diputats provincials, tots independents i provinents de cada rac\u00f3 del pa\u00eds, es reuniran per a forjar una xarxa municipalista cohesionada i din\u00e0mica.<\/p>\n\n\n\n<p class=\"wp-block-paragraph\">Una cita a la qual ja han anunciat la seua assist\u00e8ncia partits com a Porvenir de Cortes de Pall\u00e0s, des d&#8217;on el seu portaveu en el plenari local i regidor d&#8217;Urbanisme, David Herrera, ha destacat &#8220;la import\u00e0ncia d&#8217;una reuni\u00f3 d&#8217;aquest tipus a nivell nacional, en la qual participarem partits independents i municipalistes com Porvenir&#8221;.\u00a0<\/p>\n\n\n\n<p class=\"wp-block-paragraph\">El prop\u00f2sit d&#8217;aquesta convenci\u00f3 \u00e9s transcendir les barreres geogr\u00e0fiques i partidistes, abordant de front els desafiaments que enfronta el municipalisme en l&#8217;actualitat. Per a aix\u00f2, s&#8217;han programat tres taules redones que serviran com a plataforma per a l&#8217;intercanvi d&#8217;idees i la identificaci\u00f3 d&#8217;estrat\u00e8gies conjuntes. L&#8217;enfocament central estar\u00e0 en la creaci\u00f3 de sinergies que enfortisquen el moviment municipalista a nivell estatal.<\/p>\n\n\n\n<p class=\"wp-block-paragraph\">L&#8217;assist\u00e8ncia presencial de m\u00e9s de 500 c\u00e0rrecs electes independents de tota Espanya confirma el comprom\u00eds i la determinaci\u00f3 d&#8217;aquesta iniciativa. El seu objectiu \u00e9s establir els fonaments d&#8217;una confederaci\u00f3 estatal que aglutine als partits i agrupacions independents de car\u00e0cter municipalista, preservant l&#8217;autonomia de cada grup.<\/p>\n\n\n\n<p class=\"wp-block-paragraph\">&#8220;Som milers de representants independents que ens neguem a quedar en la perif\u00e8ria de la pol\u00edtica. Hem de coordinar-nos per a potenciar la nostra veu i la nostra influ\u00e8ncia, ja que junts representem una for\u00e7a pol\u00edtica significativa al nostre pa\u00eds&#8221;, expressen els promotors del projecte. La futura confederaci\u00f3 municipalista aspira a representar inicialment a m\u00e9s de 1500 c\u00e0rrecs electes independents, distribu\u00efts en aproximadament 300 grups pol\u00edtics diferents.<\/p>\n\n\n\n<p class=\"wp-block-paragraph\">Un dels reptes que s&#8217;han marcat els promotors d&#8217;aquesta iniciativa \u00e9s la creaci\u00f3 de coalicions electorals en les diferents prov\u00edncies cara al 2027 per a aconseguir obtindre representaci\u00f3 en el major nombre de diputacions provincials possibles (en aquest moment hi ha representaci\u00f3 en les diputacions de Cadis, Val\u00e8ncia, Pal\u00e8ncia, Zamora, Burgos i Girona). A m\u00e9s, es busca la inserci\u00f3 del municipalisme independent en institucions clau com la Federaci\u00f3 Espanyola de Municipis i Prov\u00edncies (FEMP), aix\u00ed com en les federacions auton\u00f2miques de municipis i prov\u00edncies.<\/p>\n\n\n\n<p class=\"wp-block-paragraph\">&#8221;Hi ha milers de c\u00e0rrecs electes de car\u00e0cter independent en tota Espanya, que no estem ni volem estar en disciplines de grans partits. Moltes vegades ens trobem en soledat enfront de les grans maquin\u00e0ries de partits i hem de ser capa\u00e7os de coordinar-nos i fer valdre la for\u00e7a que tenim, perqu\u00e8 junts som la tercera for\u00e7a pol\u00edtica al nostre pa\u00eds&#8221;, prossegueixen les fonts.<\/p>\n\n\n\n<p class=\"wp-block-paragraph\">L&#8217;impuls i la unitat demostrats en aquesta convenci\u00f3 marquen una fita en l&#8217;evoluci\u00f3 del municipalisme espanyol, consolidant el seu paper com a actor rellevant en el panorama pol\u00edtic nacional.<\/p>\n","protected":false},"excerpt":{"rendered":"<div class=\"mh-excerpt\">Aquest pr\u00f2xim dissabte 24 de febrer, el Novotel Madrid Center al carrer O&#8217;Donnell no 53, ser\u00e0 l&#8217;epicentre d&#8217;una trobada hist\u00f2rica per al municipalisme espanyol. M\u00e9s de 500 alcaldes, regidors i diputats provincials, tots independents i <a class=\"mh-excerpt-more\" href=\"https:\/\/tucomarca.whitekongsoftware.com\/ca\/porvernir-de-cortes-de-pallas-participara-en-la-reunio-de-mes-de-500-carrecs-electes-independents-de-tota-espanya-per-a-crear-una-xarxa-municipalista\/\" title=\"Porvernir de Cortes de Pall\u00e0s participar\u00e0 en la reuni\u00f3 de m\u00e9s de 500 c\u00e0rrecs electes independents de tota Espanya per a crear una xarxa municipalista\">[+] <\/a><\/div>\n","protected":false},"author":1,"featured_media":211872,"comment_status":"open","ping_status":"open","sticky":false,"template":"","format":"standard","meta":{"footnotes":""},"categories":[11019,10951,10953,10948,10894,10904,10947,10896],"tags":[11216,11230],"class_list":["post-211874","post","type-post","status-publish","format-standard","has-post-thumbnail","category-agenda-ca","category-ayora-cofrentes-ca","category-cortes-de-pallas-ca","category-infraestructuras-ca","category-la-comarca-ca","category-sin-categorizar-ca","category-politica","category-seccion-ca","tag-ayora-cofrentes-ca","tag-cortes-de-pallas-ca"],"_links":{"self":[{"href":"https:\/\/tucomarca.whitekongsoftware.com\/ca\/wp-json\/wp\/v2\/posts\/211874","targetHints":{"allow":["GET"]}}],"collection":[{"href":"https:\/\/tucomarca.whitekongsoftware.com\/ca\/wp-json\/wp\/v2\/posts"}],"about":[{"href":"https:\/\/tucomarca.whitekongsoftware.com\/ca\/wp-json\/wp\/v2\/types\/post"}],"author":[{"embeddable":true,"href":"https:\/\/tucomarca.whitekongsoftware.com\/ca\/wp-json\/wp\/v2\/users\/1"}],"replies":[{"embeddable":true,"href":"https:\/\/tucomarca.whitekongsoftware.com\/ca\/wp-json\/wp\/v2\/comments?post=211874"}],"version-history":[{"count":0,"href":"https:\/\/tucomarca.whitekongsoftware.com\/ca\/wp-json\/wp\/v2\/posts\/211874\/revisions"}],"wp:featuredmedia":[{"embeddable":true,"href":"https:\/\/tucomarca.whitekongsoftware.com\/ca\/wp-json\/wp\/v2\/media\/211872"}],"wp:attachment":[{"href":"https:\/\/tucomarca.whitekongsoftware.com\/ca\/wp-json\/wp\/v2\/media?parent=211874"}],"wp:term":[{"taxonomy":"category","embeddable":true,"href":"https:\/\/tucomarca.whitekongsoftware.com\/ca\/wp-json\/wp\/v2\/categories?post=211874"},{"taxonomy":"post_tag","embeddable":true,"href":"https:\/\/tucomarca.whitekongsoftware.com\/ca\/wp-json\/wp\/v2\/tags?post=211874"}],"curies":[{"name":"wp","href":"https:\/\/api.w.org\/{rel}","templated":true}]}}