{"id":211640,"date":"2024-02-19T09:10:00","date_gmt":"2024-02-19T08:10:00","guid":{"rendered":"https:\/\/www.tucomarca.com\/wordpress\/segunda\/?p=211640"},"modified":"2024-02-19T19:39:48","modified_gmt":"2024-02-19T18:39:48","slug":"fotogaleria-yolanda-rodrigo-ja-es-fallera-major-de-la-falla-bunyol-poble","status":"publish","type":"post","link":"https:\/\/tucomarca.whitekongsoftware.com\/ca\/fotogaleria-yolanda-rodrigo-ja-es-fallera-major-de-la-falla-bunyol-poble\/","title":{"rendered":"Fotogaler\u00eda: Yolanda Rodrigo ja \u00e9s Fallera Major de la Falla Bunyol Poble"},"content":{"rendered":"\n<p class=\"wp-block-paragraph\">El teatre Montecarlo de Bunyol ha acollit aquest dissabte&nbsp;l&#8217;acte de presentaci\u00f3 de la Fallera Major de la comissi\u00f3 Bunyol Poble per a l&#8217;exercici 2024, Yolanda Rodrigo.<\/p>\n\n\n\n<p class=\"wp-block-paragraph\">Despr\u00e9s de la presentaci\u00f3 de la seua nova Cort d&#8217;Honor, Yolanda es va dirigir a l&#8217;escenari on va ser rebuda amb nombroses mostres d&#8217;afecte&nbsp;per la presidenta de la comissi\u00f3, Ana G\u00f3mez, i la Fallera Major sortint, Isabel Sol\u00e1, qui li va imposar la banda com a nova Fallera Major i es va acomiadar del p\u00fablic amb unes emotives paraules, ja que ha representat a aquesta comissi\u00f3 durant dos anys seguits.<\/p>\n\n\n\n<p class=\"wp-block-paragraph\">L&#8217;aplaudiment del p\u00fablic a les falleres i fallers de la comissi\u00f3 Bunyol Poble \u00e9s la major mostra d&#8217;afecte i reconeixement per a aquesta veterana falla.<\/p>\n\n\n\n<p class=\"wp-block-paragraph\">La cita va ser seguida en primera persona per l&#8217;alcaldessa de Bunyol, Virg\u00ednia Sanz, acompanyada per Indalecio Zan\u00f3n, president de Junta Local; el regidor de Festes, Sergio Galarza; i la Reina de les Festes,\u00a0Celeste Agustina; les representants de les societats musicals, de les falles de Bunyol i de les comissions falleres amigues.<\/p>\n\n\n\n<p class=\"wp-block-paragraph\">Fotos:&nbsp;<strong>Jos\u00e9 Luis Mont\u00f3n<\/strong><\/p>\n\n\n\n<figure class=\"wp-block-gallery has-nested-images columns-2 is-cropped wp-block-gallery-1 is-layout-flex wp-block-gallery-is-layout-flex\">\n<figure class=\"wp-block-image size-large\"><img loading=\"lazy\" decoding=\"async\" width=\"886\" height=\"710\" data-id=\"211627\" src=\"https:\/\/www.tucomarca.com\/wordpress\/segunda\/wp-content\/uploads\/2024\/02\/PresBunolPueblo01.jpg\" alt=\"\" class=\"wp-image-211627\" srcset=\"https:\/\/tucomarca.whitekongsoftware.com\/wp-content\/uploads\/2024\/02\/PresBunolPueblo01.jpg 886w, https:\/\/tucomarca.whitekongsoftware.com\/wp-content\/uploads\/2024\/02\/PresBunolPueblo01-300x240.jpg 300w, https:\/\/tucomarca.whitekongsoftware.com\/wp-content\/uploads\/2024\/02\/PresBunolPueblo01-768x615.jpg 768w\" sizes=\"auto, (max-width: 886px) 100vw, 886px\" \/><\/figure>\n\n\n\n<figure class=\"wp-block-image size-large\"><img loading=\"lazy\" decoding=\"async\" width=\"886\" height=\"591\" data-id=\"211624\" src=\"https:\/\/www.tucomarca.com\/wordpress\/segunda\/wp-content\/uploads\/2024\/02\/PresBunolPueblo02.jpg\" alt=\"\" class=\"wp-image-211624\" srcset=\"https:\/\/tucomarca.whitekongsoftware.com\/wp-content\/uploads\/2024\/02\/PresBunolPueblo02.jpg 886w, https:\/\/tucomarca.whitekongsoftware.com\/wp-content\/uploads\/2024\/02\/PresBunolPueblo02-300x200.jpg 300w, https:\/\/tucomarca.whitekongsoftware.com\/wp-content\/uploads\/2024\/02\/PresBunolPueblo02-768x512.jpg 768w\" sizes=\"auto, (max-width: 886px) 100vw, 886px\" \/><\/figure>\n\n\n\n<figure class=\"wp-block-image size-large\"><img loading=\"lazy\" decoding=\"async\" width=\"886\" height=\"591\" data-id=\"211616\" src=\"https:\/\/www.tucomarca.com\/wordpress\/segunda\/wp-content\/uploads\/2024\/02\/PresBunolPueblo03.jpg\" alt=\"\" class=\"wp-image-211616\" srcset=\"https:\/\/tucomarca.whitekongsoftware.com\/wp-content\/uploads\/2024\/02\/PresBunolPueblo03.jpg 886w, https:\/\/tucomarca.whitekongsoftware.com\/wp-content\/uploads\/2024\/02\/PresBunolPueblo03-300x200.jpg 300w, https:\/\/tucomarca.whitekongsoftware.com\/wp-content\/uploads\/2024\/02\/PresBunolPueblo03-768x512.jpg 768w\" sizes=\"auto, (max-width: 886px) 100vw, 886px\" \/><\/figure>\n\n\n\n<figure class=\"wp-block-image size-large\"><img loading=\"lazy\" decoding=\"async\" width=\"886\" height=\"674\" data-id=\"211619\" src=\"https:\/\/www.tucomarca.com\/wordpress\/segunda\/wp-content\/uploads\/2024\/02\/PresBunolPueblo04.jpg\" alt=\"\" class=\"wp-image-211619\" srcset=\"https:\/\/tucomarca.whitekongsoftware.com\/wp-content\/uploads\/2024\/02\/PresBunolPueblo04.jpg 886w, https:\/\/tucomarca.whitekongsoftware.com\/wp-content\/uploads\/2024\/02\/PresBunolPueblo04-300x228.jpg 300w, https:\/\/tucomarca.whitekongsoftware.com\/wp-content\/uploads\/2024\/02\/PresBunolPueblo04-768x584.jpg 768w, https:\/\/tucomarca.whitekongsoftware.com\/wp-content\/uploads\/2024\/02\/PresBunolPueblo04-80x60.jpg 80w\" sizes=\"auto, (max-width: 886px) 100vw, 886px\" \/><\/figure>\n\n\n\n<figure class=\"wp-block-image size-large\"><img loading=\"lazy\" decoding=\"async\" width=\"886\" height=\"591\" data-id=\"211631\" src=\"https:\/\/www.tucomarca.com\/wordpress\/segunda\/wp-content\/uploads\/2024\/02\/PresBunolPueblo05.jpg\" alt=\"\" class=\"wp-image-211631\" srcset=\"https:\/\/tucomarca.whitekongsoftware.com\/wp-content\/uploads\/2024\/02\/PresBunolPueblo05.jpg 886w, https:\/\/tucomarca.whitekongsoftware.com\/wp-content\/uploads\/2024\/02\/PresBunolPueblo05-300x200.jpg 300w, https:\/\/tucomarca.whitekongsoftware.com\/wp-content\/uploads\/2024\/02\/PresBunolPueblo05-768x512.jpg 768w\" sizes=\"auto, (max-width: 886px) 100vw, 886px\" \/><\/figure>\n\n\n\n<figure class=\"wp-block-image size-large\"><img loading=\"lazy\" decoding=\"async\" width=\"886\" height=\"591\" data-id=\"211635\" src=\"https:\/\/www.tucomarca.com\/wordpress\/segunda\/wp-content\/uploads\/2024\/02\/PresBunolPueblo09.jpg\" alt=\"\" class=\"wp-image-211635\" srcset=\"https:\/\/tucomarca.whitekongsoftware.com\/wp-content\/uploads\/2024\/02\/PresBunolPueblo09.jpg 886w, https:\/\/tucomarca.whitekongsoftware.com\/wp-content\/uploads\/2024\/02\/PresBunolPueblo09-300x200.jpg 300w, https:\/\/tucomarca.whitekongsoftware.com\/wp-content\/uploads\/2024\/02\/PresBunolPueblo09-768x512.jpg 768w\" sizes=\"auto, (max-width: 886px) 100vw, 886px\" \/><\/figure>\n\n\n\n<figure class=\"wp-block-image size-large\"><img loading=\"lazy\" decoding=\"async\" width=\"886\" height=\"591\" data-id=\"211618\" src=\"https:\/\/www.tucomarca.com\/wordpress\/segunda\/wp-content\/uploads\/2024\/02\/PresBunolPueblo07.jpg\" alt=\"\" class=\"wp-image-211618\" srcset=\"https:\/\/tucomarca.whitekongsoftware.com\/wp-content\/uploads\/2024\/02\/PresBunolPueblo07.jpg 886w, https:\/\/tucomarca.whitekongsoftware.com\/wp-content\/uploads\/2024\/02\/PresBunolPueblo07-300x200.jpg 300w, https:\/\/tucomarca.whitekongsoftware.com\/wp-content\/uploads\/2024\/02\/PresBunolPueblo07-768x512.jpg 768w\" sizes=\"auto, (max-width: 886px) 100vw, 886px\" \/><\/figure>\n\n\n\n<figure class=\"wp-block-image size-large\"><img loading=\"lazy\" decoding=\"async\" width=\"886\" height=\"591\" data-id=\"211632\" src=\"https:\/\/www.tucomarca.com\/wordpress\/segunda\/wp-content\/uploads\/2024\/02\/PresBunolPueblo08.jpg\" alt=\"\" class=\"wp-image-211632\" srcset=\"https:\/\/tucomarca.whitekongsoftware.com\/wp-content\/uploads\/2024\/02\/PresBunolPueblo08.jpg 886w, https:\/\/tucomarca.whitekongsoftware.com\/wp-content\/uploads\/2024\/02\/PresBunolPueblo08-300x200.jpg 300w, https:\/\/tucomarca.whitekongsoftware.com\/wp-content\/uploads\/2024\/02\/PresBunolPueblo08-768x512.jpg 768w\" sizes=\"auto, (max-width: 886px) 100vw, 886px\" \/><\/figure>\n\n\n\n<figure class=\"wp-block-image size-large\"><img loading=\"lazy\" decoding=\"async\" width=\"886\" height=\"591\" data-id=\"211629\" src=\"https:\/\/www.tucomarca.com\/wordpress\/segunda\/wp-content\/uploads\/2024\/02\/PresBunolPueblo10.jpg\" alt=\"\" class=\"wp-image-211629\" srcset=\"https:\/\/tucomarca.whitekongsoftware.com\/wp-content\/uploads\/2024\/02\/PresBunolPueblo10.jpg 886w, https:\/\/tucomarca.whitekongsoftware.com\/wp-content\/uploads\/2024\/02\/PresBunolPueblo10-300x200.jpg 300w, https:\/\/tucomarca.whitekongsoftware.com\/wp-content\/uploads\/2024\/02\/PresBunolPueblo10-768x512.jpg 768w\" sizes=\"auto, (max-width: 886px) 100vw, 886px\" \/><\/figure>\n\n\n\n<figure class=\"wp-block-image size-full\"><img loading=\"lazy\" decoding=\"async\" width=\"886\" height=\"659\" data-id=\"211625\" src=\"https:\/\/www.tucomarca.com\/wordpress\/segunda\/wp-content\/uploads\/2024\/02\/PresBunolPueblo11.jpg\" alt=\"\" class=\"wp-image-211625\" srcset=\"https:\/\/tucomarca.whitekongsoftware.com\/wp-content\/uploads\/2024\/02\/PresBunolPueblo11.jpg 886w, https:\/\/tucomarca.whitekongsoftware.com\/wp-content\/uploads\/2024\/02\/PresBunolPueblo11-300x223.jpg 300w, https:\/\/tucomarca.whitekongsoftware.com\/wp-content\/uploads\/2024\/02\/PresBunolPueblo11-768x571.jpg 768w, https:\/\/tucomarca.whitekongsoftware.com\/wp-content\/uploads\/2024\/02\/PresBunolPueblo11-80x60.jpg 80w\" sizes=\"auto, (max-width: 886px) 100vw, 886px\" \/><\/figure>\n<\/figure>\n","protected":false},"excerpt":{"rendered":"<div class=\"mh-excerpt\">El teatre Montecarlo de Bunyol ha acollit aquest dissabte&nbsp;l&#8217;acte de presentaci\u00f3 de la Fallera Major de la comissi\u00f3 Bunyol Poble per a l&#8217;exercici 2024, Yolanda Rodrigo. Despr\u00e9s de la presentaci\u00f3 de la seua nova Cort <a class=\"mh-excerpt-more\" href=\"https:\/\/tucomarca.whitekongsoftware.com\/ca\/fotogaleria-yolanda-rodrigo-ja-es-fallera-major-de-la-falla-bunyol-poble\/\" title=\"Fotogaler\u00eda: Yolanda Rodrigo ja \u00e9s Fallera Major de la Falla Bunyol Poble\">[+] <\/a><\/div>\n","protected":false},"author":12,"featured_media":211623,"comment_status":"open","ping_status":"open","sticky":false,"template":"","format":"gallery","meta":{"footnotes":""},"categories":[10911,10894,10912,11004,11007,11008,10896],"tags":[10913,16555,19154,10914],"class_list":["post-211640","post","type-post","status-publish","format-gallery","has-post-thumbnail","category-bunol-ca","category-la-comarca-ca","category-la-hoya-ca","category-la-semana-en-imagenes-ca","category-ocio-y-cultura-ca","category-pueblos-en-fiestas-ca","category-seccion-ca","tag-bunol-ca","tag-falla-bunol-pueblo-ca","tag-fallas-2024-ca","tag-la-hoya-de-bunol-chiva-ca","post_format-post-format-gallery"],"_links":{"self":[{"href":"https:\/\/tucomarca.whitekongsoftware.com\/ca\/wp-json\/wp\/v2\/posts\/211640","targetHints":{"allow":["GET"]}}],"collection":[{"href":"https:\/\/tucomarca.whitekongsoftware.com\/ca\/wp-json\/wp\/v2\/posts"}],"about":[{"href":"https:\/\/tucomarca.whitekongsoftware.com\/ca\/wp-json\/wp\/v2\/types\/post"}],"author":[{"embeddable":true,"href":"https:\/\/tucomarca.whitekongsoftware.com\/ca\/wp-json\/wp\/v2\/users\/12"}],"replies":[{"embeddable":true,"href":"https:\/\/tucomarca.whitekongsoftware.com\/ca\/wp-json\/wp\/v2\/comments?post=211640"}],"version-history":[{"count":0,"href":"https:\/\/tucomarca.whitekongsoftware.com\/ca\/wp-json\/wp\/v2\/posts\/211640\/revisions"}],"wp:featuredmedia":[{"embeddable":true,"href":"https:\/\/tucomarca.whitekongsoftware.com\/ca\/wp-json\/wp\/v2\/media\/211623"}],"wp:attachment":[{"href":"https:\/\/tucomarca.whitekongsoftware.com\/ca\/wp-json\/wp\/v2\/media?parent=211640"}],"wp:term":[{"taxonomy":"category","embeddable":true,"href":"https:\/\/tucomarca.whitekongsoftware.com\/ca\/wp-json\/wp\/v2\/categories?post=211640"},{"taxonomy":"post_tag","embeddable":true,"href":"https:\/\/tucomarca.whitekongsoftware.com\/ca\/wp-json\/wp\/v2\/tags?post=211640"}],"curies":[{"name":"wp","href":"https:\/\/api.w.org\/{rel}","templated":true}]}}