{"id":211565,"date":"2024-02-19T09:00:00","date_gmt":"2024-02-19T08:00:00","guid":{"rendered":"https:\/\/www.tucomarca.com\/wordpress\/segunda\/?p=211565"},"modified":"2024-02-19T14:52:31","modified_gmt":"2024-02-19T13:52:31","slug":"fotogaleria-lescola-municipal-de-teatre-de-xest-estrena-una-nova-obra-sota-el-titol-de-el-viatge","status":"publish","type":"post","link":"https:\/\/tucomarca.whitekongsoftware.com\/ca\/fotogaleria-lescola-municipal-de-teatre-de-xest-estrena-una-nova-obra-sota-el-titol-de-el-viatge\/","title":{"rendered":"Fotogaler\u00eda: l&#8217;escola municipal de teatre de Xest estrena una nova obra sota el t\u00edtol de \u201cEl viatge\u201d"},"content":{"rendered":"\n<p class=\"wp-block-paragraph\">El grup mitj\u00e0 de l&#8217;escola municipal de teatre de Xest va presentar ahir diumenge, 18 de febrer, l&#8217;obra El viatge en el teatre Liceu, sota la direcci\u00f3 de Manuel Puchades. Sobre un escenari que simulava un vaixell, onze alumnes d&#8217;edats compreses entre els 13 i els 16 anys van donar vida a un grup d&#8217;adolescents, acompanyades dels seus pares, que empr\u00e9n un creuer a \u00c0frica.<\/p>\n\n\n\n<p class=\"wp-block-paragraph\">\u201cEl mes passat vam tindre l&#8217;estrena de l&#8217;obra del grup dels xicotets, Cam\u00ed a Oz, i hui li toca al grup de les mitjanes; amb elles el treball que hem fet ha sigut totalment diferent, ja que ac\u00ed l&#8217;important \u00e9s el text, la qual cosa es diu, com es diu, la coordinaci\u00f3 i els moviments, \u00e9s un treball complicat per\u00f2 estic conven\u00e7ut que hem pogut portar a bon port, i mai m\u00e9s ben dit, perqu\u00e8 l&#8217;acci\u00f3 d&#8217;aquesta obra es desenvolupa en un vaixell\u201d, explicava Puchades. \u201cCom sempre, vull agrair a l&#8217;Ajuntament la seua col\u00b7laboraci\u00f3, a M\u00f3nica Verduch, el seu treball com a ajudant de direcci\u00f3; a Ricardo Maldonado, el disseny d&#8217;una escenografia totalment sostenible, feta amb materials reciclats; a Teresa Vilanova, la seua ajuda amb l&#8217;escenografia i el vestuari; a Sonoc, per fer-ho tot molt f\u00e0cil, i sobretot, a tots vosaltres, per estar sempre ac\u00ed donant-nos suport\u201d.<\/p>\n\n\n\n<p class=\"wp-block-paragraph\">En finalitzar l&#8217;obra el p\u00fablic assistent va dedicar una \u00e0mplia ovaci\u00f3 a les actrius, que han treballat durant un any en el muntatge, cada divendres a la vesprada.<\/p>\n\n\n\n<figure class=\"wp-block-gallery has-nested-images columns-2 is-cropped wp-block-gallery-1 is-layout-flex wp-block-gallery-is-layout-flex\">\n<figure class=\"wp-block-image size-large\"><img loading=\"lazy\" decoding=\"async\" width=\"886\" height=\"591\" data-id=\"211547\" src=\"https:\/\/www.tucomarca.com\/wordpress\/segunda\/wp-content\/uploads\/2024\/02\/ChesteElViajeTallerTeatro_1.jpg\" alt=\"\" class=\"wp-image-211547\" srcset=\"https:\/\/tucomarca.whitekongsoftware.com\/wp-content\/uploads\/2024\/02\/ChesteElViajeTallerTeatro_1.jpg 886w, https:\/\/tucomarca.whitekongsoftware.com\/wp-content\/uploads\/2024\/02\/ChesteElViajeTallerTeatro_1-300x200.jpg 300w, https:\/\/tucomarca.whitekongsoftware.com\/wp-content\/uploads\/2024\/02\/ChesteElViajeTallerTeatro_1-768x512.jpg 768w\" sizes=\"auto, (max-width: 886px) 100vw, 886px\" \/><\/figure>\n\n\n\n<figure class=\"wp-block-image size-large\"><img loading=\"lazy\" decoding=\"async\" width=\"886\" height=\"591\" data-id=\"211556\" src=\"https:\/\/www.tucomarca.com\/wordpress\/segunda\/wp-content\/uploads\/2024\/02\/ChesteElViajeTallerTeatro_3.jpg\" alt=\"\" class=\"wp-image-211556\" srcset=\"https:\/\/tucomarca.whitekongsoftware.com\/wp-content\/uploads\/2024\/02\/ChesteElViajeTallerTeatro_3.jpg 886w, https:\/\/tucomarca.whitekongsoftware.com\/wp-content\/uploads\/2024\/02\/ChesteElViajeTallerTeatro_3-300x200.jpg 300w, https:\/\/tucomarca.whitekongsoftware.com\/wp-content\/uploads\/2024\/02\/ChesteElViajeTallerTeatro_3-768x512.jpg 768w\" sizes=\"auto, (max-width: 886px) 100vw, 886px\" \/><\/figure>\n\n\n\n<figure class=\"wp-block-image size-large\"><img loading=\"lazy\" decoding=\"async\" width=\"886\" height=\"591\" data-id=\"211545\" src=\"https:\/\/www.tucomarca.com\/wordpress\/segunda\/wp-content\/uploads\/2024\/02\/ChesteElViajeTallerTeatro_4.jpg\" alt=\"\" class=\"wp-image-211545\" srcset=\"https:\/\/tucomarca.whitekongsoftware.com\/wp-content\/uploads\/2024\/02\/ChesteElViajeTallerTeatro_4.jpg 886w, https:\/\/tucomarca.whitekongsoftware.com\/wp-content\/uploads\/2024\/02\/ChesteElViajeTallerTeatro_4-300x200.jpg 300w, https:\/\/tucomarca.whitekongsoftware.com\/wp-content\/uploads\/2024\/02\/ChesteElViajeTallerTeatro_4-768x512.jpg 768w\" sizes=\"auto, (max-width: 886px) 100vw, 886px\" \/><\/figure>\n\n\n\n<figure class=\"wp-block-image size-large\"><img loading=\"lazy\" decoding=\"async\" width=\"886\" height=\"591\" data-id=\"211543\" src=\"https:\/\/www.tucomarca.com\/wordpress\/segunda\/wp-content\/uploads\/2024\/02\/ChesteElViajeTallerTeatro_6.jpg\" alt=\"\" class=\"wp-image-211543\" srcset=\"https:\/\/tucomarca.whitekongsoftware.com\/wp-content\/uploads\/2024\/02\/ChesteElViajeTallerTeatro_6.jpg 886w, https:\/\/tucomarca.whitekongsoftware.com\/wp-content\/uploads\/2024\/02\/ChesteElViajeTallerTeatro_6-300x200.jpg 300w, https:\/\/tucomarca.whitekongsoftware.com\/wp-content\/uploads\/2024\/02\/ChesteElViajeTallerTeatro_6-768x512.jpg 768w\" sizes=\"auto, (max-width: 886px) 100vw, 886px\" \/><\/figure>\n\n\n\n<figure class=\"wp-block-image size-full\"><img loading=\"lazy\" decoding=\"async\" width=\"886\" height=\"591\" data-id=\"211552\" src=\"https:\/\/www.tucomarca.com\/wordpress\/segunda\/wp-content\/uploads\/2024\/02\/ChesteElViajeTallerTeatro_7.jpg\" alt=\"\" class=\"wp-image-211552\" srcset=\"https:\/\/tucomarca.whitekongsoftware.com\/wp-content\/uploads\/2024\/02\/ChesteElViajeTallerTeatro_7.jpg 886w, https:\/\/tucomarca.whitekongsoftware.com\/wp-content\/uploads\/2024\/02\/ChesteElViajeTallerTeatro_7-300x200.jpg 300w, https:\/\/tucomarca.whitekongsoftware.com\/wp-content\/uploads\/2024\/02\/ChesteElViajeTallerTeatro_7-768x512.jpg 768w\" sizes=\"auto, (max-width: 886px) 100vw, 886px\" \/><\/figure>\n\n\n\n<figure class=\"wp-block-image size-large\"><img loading=\"lazy\" decoding=\"async\" width=\"886\" height=\"591\" data-id=\"211553\" src=\"https:\/\/www.tucomarca.com\/wordpress\/segunda\/wp-content\/uploads\/2024\/02\/ChesteElViajeTallerTeatro_8.jpg\" alt=\"\" class=\"wp-image-211553\" srcset=\"https:\/\/tucomarca.whitekongsoftware.com\/wp-content\/uploads\/2024\/02\/ChesteElViajeTallerTeatro_8.jpg 886w, https:\/\/tucomarca.whitekongsoftware.com\/wp-content\/uploads\/2024\/02\/ChesteElViajeTallerTeatro_8-300x200.jpg 300w, https:\/\/tucomarca.whitekongsoftware.com\/wp-content\/uploads\/2024\/02\/ChesteElViajeTallerTeatro_8-768x512.jpg 768w\" sizes=\"auto, (max-width: 886px) 100vw, 886px\" \/><\/figure>\n\n\n\n<figure class=\"wp-block-image size-large\"><img loading=\"lazy\" decoding=\"async\" width=\"886\" height=\"591\" data-id=\"211557\" src=\"https:\/\/www.tucomarca.com\/wordpress\/segunda\/wp-content\/uploads\/2024\/02\/ChesteElViajeTallerTeatro_9.jpg\" alt=\"\" class=\"wp-image-211557\" srcset=\"https:\/\/tucomarca.whitekongsoftware.com\/wp-content\/uploads\/2024\/02\/ChesteElViajeTallerTeatro_9.jpg 886w, https:\/\/tucomarca.whitekongsoftware.com\/wp-content\/uploads\/2024\/02\/ChesteElViajeTallerTeatro_9-300x200.jpg 300w, https:\/\/tucomarca.whitekongsoftware.com\/wp-content\/uploads\/2024\/02\/ChesteElViajeTallerTeatro_9-768x512.jpg 768w\" sizes=\"auto, (max-width: 886px) 100vw, 886px\" \/><\/figure>\n<\/figure>\n","protected":false},"excerpt":{"rendered":"<div class=\"mh-excerpt\">El grup mitj\u00e0 de l&#8217;escola municipal de teatre de Xest va presentar ahir diumenge, 18 de febrer, l&#8217;obra El viatge en el teatre Liceu, sota la direcci\u00f3 de Manuel Puchades. Sobre un escenari que simulava <a class=\"mh-excerpt-more\" href=\"https:\/\/tucomarca.whitekongsoftware.com\/ca\/fotogaleria-lescola-municipal-de-teatre-de-xest-estrena-una-nova-obra-sota-el-titol-de-el-viatge\/\" title=\"Fotogaler\u00eda: l&#8217;escola municipal de teatre de Xest estrena una nova obra sota el t\u00edtol de \u201cEl viatge\u201d\">[+] <\/a><\/div>\n","protected":false},"author":12,"featured_media":211550,"comment_status":"open","ping_status":"open","sticky":false,"template":"","format":"gallery","meta":{"footnotes":""},"categories":[10894,10912,11007,10896,10974],"tags":[11071,20308,10914],"class_list":["post-211565","post","type-post","status-publish","format-gallery","has-post-thumbnail","category-la-comarca-ca","category-la-hoya-ca","category-ocio-y-cultura-ca","category-seccion-ca","category-cheste-ca","tag-cheste","tag-escuela-municipal-de-teatro-ca","tag-la-hoya-de-bunol-chiva-ca","post_format-post-format-gallery"],"_links":{"self":[{"href":"https:\/\/tucomarca.whitekongsoftware.com\/ca\/wp-json\/wp\/v2\/posts\/211565","targetHints":{"allow":["GET"]}}],"collection":[{"href":"https:\/\/tucomarca.whitekongsoftware.com\/ca\/wp-json\/wp\/v2\/posts"}],"about":[{"href":"https:\/\/tucomarca.whitekongsoftware.com\/ca\/wp-json\/wp\/v2\/types\/post"}],"author":[{"embeddable":true,"href":"https:\/\/tucomarca.whitekongsoftware.com\/ca\/wp-json\/wp\/v2\/users\/12"}],"replies":[{"embeddable":true,"href":"https:\/\/tucomarca.whitekongsoftware.com\/ca\/wp-json\/wp\/v2\/comments?post=211565"}],"version-history":[{"count":0,"href":"https:\/\/tucomarca.whitekongsoftware.com\/ca\/wp-json\/wp\/v2\/posts\/211565\/revisions"}],"wp:featuredmedia":[{"embeddable":true,"href":"https:\/\/tucomarca.whitekongsoftware.com\/ca\/wp-json\/wp\/v2\/media\/211550"}],"wp:attachment":[{"href":"https:\/\/tucomarca.whitekongsoftware.com\/ca\/wp-json\/wp\/v2\/media?parent=211565"}],"wp:term":[{"taxonomy":"category","embeddable":true,"href":"https:\/\/tucomarca.whitekongsoftware.com\/ca\/wp-json\/wp\/v2\/categories?post=211565"},{"taxonomy":"post_tag","embeddable":true,"href":"https:\/\/tucomarca.whitekongsoftware.com\/ca\/wp-json\/wp\/v2\/tags?post=211565"}],"curies":[{"name":"wp","href":"https:\/\/api.w.org\/{rel}","templated":true}]}}