{"id":211499,"date":"2024-02-19T10:00:00","date_gmt":"2024-02-19T09:00:00","guid":{"rendered":"https:\/\/www.tucomarca.com\/wordpress\/segunda\/?p=211499"},"modified":"2024-02-19T15:06:58","modified_gmt":"2024-02-19T14:06:58","slug":"la-fauna-silvestre-continua-amenacant-a-les-vinyes-a-requena-utiel","status":"publish","type":"post","link":"https:\/\/tucomarca.whitekongsoftware.com\/ca\/la-fauna-silvestre-continua-amenacant-a-les-vinyes-a-requena-utiel\/","title":{"rendered":"La fauna silvestre continua amena\u00e7ant a les vinyes a Requena-Utiel"},"content":{"rendered":"\n<p class=\"wp-block-paragraph\">A mesura que s&#8217;aproxima un nou cicle vegetatiu de les vinyes, que s&#8217;iniciar\u00e0 a la fi de mar\u00e7, creix la preocupaci\u00f3 dels viticultors de Requena-Utiel pels possibles danys que puga causar la fauna silvestre.<\/p>\n\n\n\n<p class=\"wp-block-paragraph\">Els agricultors han detectat que enguany abunden els senglars &#8220;que estan realitzant en algunes parcel\u00b7les de vinya profunds clots que deixen al descobert els troncs de les vinyes\u201d, afirmen.<\/p>\n\n\n\n<p class=\"wp-block-paragraph\">En els \u00faltims anys s\u00f3n diverses les esp\u00e8cies de fauna silvestre que venen causant estralls en les vinyes: cabres, cabirols, muflons, c\u00e9rvols, senglars i conills, figuren entre la fauna nociva per a les vinyes. Informa, <strong>Luis Ib\u00e1\u00f1ez.<\/strong><\/p>\n","protected":false},"excerpt":{"rendered":"<div class=\"mh-excerpt\">A mesura que s&#8217;aproxima un nou cicle vegetatiu de les vinyes, que s&#8217;iniciar\u00e0 a la fi de mar\u00e7, creix la preocupaci\u00f3 dels viticultors de Requena-Utiel pels possibles danys que puga causar la fauna silvestre. Els <a class=\"mh-excerpt-more\" href=\"https:\/\/tucomarca.whitekongsoftware.com\/ca\/la-fauna-silvestre-continua-amenacant-a-les-vinyes-a-requena-utiel\/\" title=\"La fauna silvestre continua amena\u00e7ant a les vinyes a Requena-Utiel\">[+] <\/a><\/div>\n","protected":false},"author":12,"featured_media":211497,"comment_status":"open","ping_status":"open","sticky":false,"template":"","format":"standard","meta":{"footnotes":""},"categories":[10905,10948,10894,10904,10903,10909,10896,10897],"tags":[20306,11099,10910,11174],"class_list":["post-211499","post","type-post","status-publish","format-standard","has-post-thumbnail","category-agricultura-la-comarca-ca","category-infraestructuras-ca","category-la-comarca-ca","category-sin-categorizar-ca","category-medio-ambiente-la-comarca-ca","category-requena-utiel-ca","category-seccion-ca","category-sucesos-la-comarca-ca","tag-fauna-silvestre-ca","tag-requena-ca","tag-requena-utiel-ca","tag-utiel-ca"],"_links":{"self":[{"href":"https:\/\/tucomarca.whitekongsoftware.com\/ca\/wp-json\/wp\/v2\/posts\/211499","targetHints":{"allow":["GET"]}}],"collection":[{"href":"https:\/\/tucomarca.whitekongsoftware.com\/ca\/wp-json\/wp\/v2\/posts"}],"about":[{"href":"https:\/\/tucomarca.whitekongsoftware.com\/ca\/wp-json\/wp\/v2\/types\/post"}],"author":[{"embeddable":true,"href":"https:\/\/tucomarca.whitekongsoftware.com\/ca\/wp-json\/wp\/v2\/users\/12"}],"replies":[{"embeddable":true,"href":"https:\/\/tucomarca.whitekongsoftware.com\/ca\/wp-json\/wp\/v2\/comments?post=211499"}],"version-history":[{"count":0,"href":"https:\/\/tucomarca.whitekongsoftware.com\/ca\/wp-json\/wp\/v2\/posts\/211499\/revisions"}],"wp:featuredmedia":[{"embeddable":true,"href":"https:\/\/tucomarca.whitekongsoftware.com\/ca\/wp-json\/wp\/v2\/media\/211497"}],"wp:attachment":[{"href":"https:\/\/tucomarca.whitekongsoftware.com\/ca\/wp-json\/wp\/v2\/media?parent=211499"}],"wp:term":[{"taxonomy":"category","embeddable":true,"href":"https:\/\/tucomarca.whitekongsoftware.com\/ca\/wp-json\/wp\/v2\/categories?post=211499"},{"taxonomy":"post_tag","embeddable":true,"href":"https:\/\/tucomarca.whitekongsoftware.com\/ca\/wp-json\/wp\/v2\/tags?post=211499"}],"curies":[{"name":"wp","href":"https:\/\/api.w.org\/{rel}","templated":true}]}}