{"id":211476,"date":"2024-02-19T07:45:00","date_gmt":"2024-02-19T06:45:00","guid":{"rendered":"https:\/\/www.tucomarca.com\/wordpress\/segunda\/?p=211476"},"modified":"2024-02-19T19:34:40","modified_gmt":"2024-02-19T18:34:40","slug":"el-conservatori-professional-de-musica-de-bunyol-realitza-un-conveni-de-collaboracio-amb-lescola-superior-de-musica-dalt-rendiment-esmar","status":"publish","type":"post","link":"https:\/\/tucomarca.whitekongsoftware.com\/ca\/el-conservatori-professional-de-musica-de-bunyol-realitza-un-conveni-de-collaboracio-amb-lescola-superior-de-musica-dalt-rendiment-esmar\/","title":{"rendered":"El Conservatori Professional de M\u00fasica de Bunyol realitza un conveni de col\u00b7laboraci\u00f3 amb l&#8217;Escola Superior de M\u00fasica d&#8217;Alt Rendiment (ESMAR)"},"content":{"rendered":"\n<p class=\"wp-block-paragraph\">Dins del marc\/conveni de col\u00b7laboraci\u00f3 existent entre les dues entitats referenciades, perqu\u00e8 els alumnes de ESMAR puguen fer les Pr\u00e0ctiques de Professorat en el nostre centre de Bunyol, el passat 8 de febrer van concloure les sessions realitzades a aquest efecte amb l&#8217;alumnat de la ESMAR que aix\u00ed ho va sol\u00b7licitar en el seu moment.<\/p>\n\n\n\n<p class=\"wp-block-paragraph\">Ha sigut un gran plaer per part del centre, i especialment del professor Enrique Hern\u00e1ndez, l&#8217;haver acollit a la seua Aula de Llenguatge Musical (Curs 2n) a Aitana Ortiz, percussionista i pianista bu\u00f1olense en la seua \u00faltima etapa dels estudis de Pedagogia que ve cursant en la ESMAR.<\/p>\n\n\n\n<p class=\"wp-block-paragraph\">La seua gran professionalitat ha fet curtes aquestes pr\u00e0ctiques, i l&#8217;alumnat dels Grups B i C de l&#8217;assignatura abans citada la tiraran molt de menys, ja que han sigut uns mesos genials on s&#8217;ha treballat durament el temari amb dinamisme i professionalitat.<\/p>\n\n\n\n<p class=\"wp-block-paragraph\">El professor al c\u00e0rrec, Enrique, manifesta la seua satisfacci\u00f3 amb la predisposici\u00f3 i el nivell demostrat per l&#8217;Alumna en pr\u00e0ctiques, Aitana, aix\u00ed com la seua assimilaci\u00f3 de t\u00e8cniques i continguts, tant en el te\u00f2ric com en el pr\u00e0ctic.&nbsp;<\/p>\n\n\n\n<p class=\"wp-block-paragraph\">Des del Conservatori de Bunyol desitgem a Aitana els majors \u00e8xits, i no dubtem en qu\u00e8 els aconseguir\u00e0, fent gala de la simpatia, professionalitat i brillantor que ha demostrat durant aquests \u00faltims mesos.<\/p>\n","protected":false},"excerpt":{"rendered":"<div class=\"mh-excerpt\">Dins del marc\/conveni de col\u00b7laboraci\u00f3 existent entre les dues entitats referenciades, perqu\u00e8 els alumnes de ESMAR puguen fer les Pr\u00e0ctiques de Professorat en el nostre centre de Bunyol, el passat 8 de febrer van concloure <a class=\"mh-excerpt-more\" href=\"https:\/\/tucomarca.whitekongsoftware.com\/ca\/el-conservatori-professional-de-musica-de-bunyol-realitza-un-conveni-de-collaboracio-amb-lescola-superior-de-musica-dalt-rendiment-esmar\/\" title=\"El Conservatori Professional de M\u00fasica de Bunyol realitza un conveni de col\u00b7laboraci\u00f3 amb l&#8217;Escola Superior de M\u00fasica d&#8217;Alt Rendiment (ESMAR)\">[+] <\/a><\/div>\n","protected":false},"author":12,"featured_media":102049,"comment_status":"open","ping_status":"open","sticky":false,"template":"","format":"standard","meta":{"footnotes":""},"categories":[11019,10911,11005,10894,10912,11007,10896],"tags":[10913,14677,10914],"class_list":["post-211476","post","type-post","status-publish","format-standard","has-post-thumbnail","category-agenda-ca","category-bunol-ca","category-canal-musica","category-la-comarca-ca","category-la-hoya-ca","category-ocio-y-cultura-ca","category-seccion-ca","tag-bunol-ca","tag-conservatorio-san-rafael-ca","tag-la-hoya-de-bunol-chiva-ca"],"_links":{"self":[{"href":"https:\/\/tucomarca.whitekongsoftware.com\/ca\/wp-json\/wp\/v2\/posts\/211476","targetHints":{"allow":["GET"]}}],"collection":[{"href":"https:\/\/tucomarca.whitekongsoftware.com\/ca\/wp-json\/wp\/v2\/posts"}],"about":[{"href":"https:\/\/tucomarca.whitekongsoftware.com\/ca\/wp-json\/wp\/v2\/types\/post"}],"author":[{"embeddable":true,"href":"https:\/\/tucomarca.whitekongsoftware.com\/ca\/wp-json\/wp\/v2\/users\/12"}],"replies":[{"embeddable":true,"href":"https:\/\/tucomarca.whitekongsoftware.com\/ca\/wp-json\/wp\/v2\/comments?post=211476"}],"version-history":[{"count":0,"href":"https:\/\/tucomarca.whitekongsoftware.com\/ca\/wp-json\/wp\/v2\/posts\/211476\/revisions"}],"wp:featuredmedia":[{"embeddable":true,"href":"https:\/\/tucomarca.whitekongsoftware.com\/ca\/wp-json\/wp\/v2\/media\/102049"}],"wp:attachment":[{"href":"https:\/\/tucomarca.whitekongsoftware.com\/ca\/wp-json\/wp\/v2\/media?parent=211476"}],"wp:term":[{"taxonomy":"category","embeddable":true,"href":"https:\/\/tucomarca.whitekongsoftware.com\/ca\/wp-json\/wp\/v2\/categories?post=211476"},{"taxonomy":"post_tag","embeddable":true,"href":"https:\/\/tucomarca.whitekongsoftware.com\/ca\/wp-json\/wp\/v2\/tags?post=211476"}],"curies":[{"name":"wp","href":"https:\/\/api.w.org\/{rel}","templated":true}]}}