{"id":211456,"date":"2024-02-17T14:00:00","date_gmt":"2024-02-17T13:00:00","guid":{"rendered":"https:\/\/www.tucomarca.com\/wordpress\/segunda\/?p=211456"},"modified":"2024-02-18T10:40:19","modified_gmt":"2024-02-18T09:40:19","slug":"riba-roja-de-turia-sollicita-a-la-generalitat-que-revise-les-autoritzacions-demissions-concedides-a-les-pedreres-existents-en-el-terme-municipal","status":"publish","type":"post","link":"https:\/\/tucomarca.whitekongsoftware.com\/ca\/riba-roja-de-turia-sollicita-a-la-generalitat-que-revise-les-autoritzacions-demissions-concedides-a-les-pedreres-existents-en-el-terme-municipal\/","title":{"rendered":"Riba-roja de T\u00faria sol\u00b7licita a la Generalitat que revise les autoritzacions d&#8217;emissions concedides a les pedreres existents en el terme municipal&nbsp;"},"content":{"rendered":"\n<h3 class=\"wp-block-heading\">El ple aprova una proposta del PSPV per a reclamar mesures amb el suport de Comprom\u00eds, Esquerra Unida-Podem i el PP i l&#8217;abstenci\u00f3 de Vox&nbsp;<\/h3>\n\n\n\n<figure class=\"wp-block-gallery has-nested-images columns-default is-cropped wp-block-gallery-1 is-layout-flex wp-block-gallery-is-layout-flex\">\n<figure class=\"wp-block-image size-large\"><img loading=\"lazy\" decoding=\"async\" width=\"1492\" height=\"1080\" data-id=\"211452\" src=\"http:\/\/www.tucomarca.com\/wordpress\/segunda\/wp-content\/uploads\/2024\/02\/RibaCantera3.jpg\" alt=\"\" class=\"wp-image-211452\" srcset=\"https:\/\/tucomarca.whitekongsoftware.com\/wp-content\/uploads\/2024\/02\/RibaCantera3.jpg 1492w, https:\/\/tucomarca.whitekongsoftware.com\/wp-content\/uploads\/2024\/02\/RibaCantera3-300x217.jpg 300w, https:\/\/tucomarca.whitekongsoftware.com\/wp-content\/uploads\/2024\/02\/RibaCantera3-1024x741.jpg 1024w, https:\/\/tucomarca.whitekongsoftware.com\/wp-content\/uploads\/2024\/02\/RibaCantera3-768x556.jpg 768w\" sizes=\"auto, (max-width: 1492px) 100vw, 1492px\" \/><\/figure>\n\n\n\n<figure class=\"wp-block-image size-large\"><img loading=\"lazy\" decoding=\"async\" width=\"1378\" height=\"1080\" data-id=\"211450\" src=\"http:\/\/www.tucomarca.com\/wordpress\/segunda\/wp-content\/uploads\/2024\/02\/RibaCantera2.jpg\" alt=\"\" class=\"wp-image-211450\" srcset=\"https:\/\/tucomarca.whitekongsoftware.com\/wp-content\/uploads\/2024\/02\/RibaCantera2.jpg 1378w, https:\/\/tucomarca.whitekongsoftware.com\/wp-content\/uploads\/2024\/02\/RibaCantera2-300x235.jpg 300w, https:\/\/tucomarca.whitekongsoftware.com\/wp-content\/uploads\/2024\/02\/RibaCantera2-1024x803.jpg 1024w, https:\/\/tucomarca.whitekongsoftware.com\/wp-content\/uploads\/2024\/02\/RibaCantera2-768x602.jpg 768w\" sizes=\"auto, (max-width: 1378px) 100vw, 1378px\" \/><\/figure>\n<\/figure>\n\n\n\n<p class=\"wp-block-paragraph\">El ple de l&#8217;Ajuntament de Riba-roja de T\u00faria ha aprovat una proposta del PSPV en la qual insta a la Generalitat Valenciana a revisar les autoritzacions d&#8217;emissions concedides a les tres empreses mercantils que exploten i gestionen les pedreres del terme municipal que es dediquen a l&#8217;extracci\u00f3 i el tractament de calc\u00e0ria en diverses \u00e0rees i zones de la localitat.&nbsp;<\/p>\n\n\n\n<p class=\"wp-block-paragraph\">L&#8217;acord de sol\u00b7licitud aprovat pel ple ha comptat amb el vot a favor del govern del PSPV, a m\u00e9s, de Comprom\u00eds, Esquerra Unida-Podem i el Partit Popular mentre que Vox ha votat abstenci\u00f3 a la proposta plen\u00e0ria. Les peticions de la sessi\u00f3 plen\u00e0ria es dirigeixen a la secci\u00f3 de Qualitat Ambiental, dependent de la conselleria d&#8217;Agricultura, Desenvolupament Rural, Emerg\u00e8ncia Clim\u00e0tica i Transici\u00f3 Ecol\u00f2gica.&nbsp;<\/p>\n\n\n\n<p class=\"wp-block-paragraph\">El text de la proposta aprovada pel ple recorda que les tres activitats d&#8217;extracci\u00f3 de calc\u00e0ries \u2013Aristaria, Corporaci\u00f3 F. T\u00faria i Cemex Operacions- tenen concedides les seues llic\u00e8ncies municipals condicionades a l&#8217;autoritzaci\u00f3 d&#8217;emissions que emet el Servei Territorial de Medi Ambient (secci\u00f3 de Qualitat Ambiental), una condici\u00f3 indispensable poder realitzar la seua activitat.&nbsp;<\/p>\n\n\n\n<p class=\"wp-block-paragraph\">La resoluci\u00f3 plen\u00e0ria recorda que tant les autoritzacions d&#8217;emissions com la inspecci\u00f3 dels par\u00e0metres s\u00f3n compet\u00e8ncia de la Generalitat Valenciana i, per aix\u00f2, insta la conselleria d&#8217;Agricultura, Desenvolupament Rural, Emerg\u00e8ncia Clim\u00e0tica i Transici\u00f3 Ecol\u00f2gica a revisar totes dues autoritzacions: les relatives a les emissions concedides com les mesures que figuren en els informes de les entitats col\u00b7laboradores en mat\u00e8ria de qualitat ambiental.&nbsp;<\/p>\n\n\n\n<p class=\"wp-block-paragraph\">El ple municipal de Riba-roja de T\u00faria reclama a la Generalitat el compliment de l&#8217;Ordre TED\/723\/2021 de l&#8217;1 de juliol en el qual s&#8217;aprova la Instrucci\u00f3 T\u00e8cnica Complement\u00e0ria sobre \u201cProtecci\u00f3 dels treballadors contra el risc per inhalaci\u00f3 de pols i s\u00edlice cristal\u00b7lina respirable\u201d inclosos en el Reglament General de Normes B\u00e0siques de Seguretat Minera.&nbsp;<br>El text subratlla que la catalogaci\u00f3 de les autoritzacions d&#8217;emissions que es concedeixen a les empreses extractores de calc\u00e0ries depenen, en gran manera, de la dist\u00e0ncia als nuclis urbans i, en aquest cas, en el cas de les tres pedreres existeixen habitatges plenament consolidats a dist\u00e0ncies inferiors als 500 metres i, a m\u00e9s, \u201cles mesures correctores imposades per les entitats col\u00b7labores en mat\u00e8ria de qualitat ambiental (ECMCA) no s&#8217;adeq\u00fcen a la realitat de cada activitat analitzada.&nbsp;<\/p>\n\n\n\n<p class=\"wp-block-paragraph\">Cal recordar, a m\u00e9s, que les condicions atmosf\u00e8riques dels \u00faltims mesos han acrescut les mol\u00e8sties i els inconvenients que denuncien els propis ve\u00efns de les \u00e0rees residencials i els nuclis habitats consolidats existents en el per\u00edmetre de les tres pedreres de Riba-roja de T\u00faria. La sequera persistent, els forts vents i l&#8217;abs\u00e8ncia de mesures correctores s\u00f3n algunes de les causes que expliquen un major volum de pols en les \u00e0rees pr\u00f2ximes a les tres pedreres.&nbsp;<\/p>\n\n\n\n<p class=\"wp-block-paragraph\">L&#8217;alcalde de Riba-roja de T\u00faria, Robert Raga, ha afirmat que la proposta del ple municipal \u201c\u00e9s el sentir general del municipi que reclama majors mesures per a evitar les mol\u00e8sties d&#8217;unes activitats que durant tants anys han prove\u00eft per a construir moltes infraestructures en la Comunitat Valenciana, per\u00f2 \u00e9s necessari un model de ciutat m\u00e9s net, sostenible i adequat a la nova realitat\u201d.<\/p>\n","protected":false},"excerpt":{"rendered":"<div class=\"mh-excerpt\">El ple aprova una proposta del PSPV per a reclamar mesures amb el suport de Comprom\u00eds, Esquerra Unida-Podem i el PP i l&#8217;abstenci\u00f3 de Vox&nbsp; El ple de l&#8217;Ajuntament de Riba-roja de T\u00faria ha aprovat <a class=\"mh-excerpt-more\" href=\"https:\/\/tucomarca.whitekongsoftware.com\/ca\/riba-roja-de-turia-sollicita-a-la-generalitat-que-revise-les-autoritzacions-demissions-concedides-a-les-pedreres-existents-en-el-terme-municipal\/\" title=\"Riba-roja de T\u00faria sol\u00b7licita a la Generalitat que revise les autoritzacions d&#8217;emissions concedides a les pedreres existents en el terme municipal&nbsp;\">[+] <\/a><\/div>\n","protected":false},"author":12,"featured_media":211455,"comment_status":"open","ping_status":"open","sticky":false,"template":"","format":"image","meta":{"footnotes":""},"categories":[10892,10948,10894,10947,10906,10896],"tags":[10899,20303,15024],"class_list":["post-211456","post","type-post","status-publish","format-image","has-post-thumbnail","category-camp-de-turia-ca","category-infraestructuras-ca","category-la-comarca-ca","category-politica","category-riba-roja-ca","category-seccion-ca","tag-camp-de-turia-ca","tag-canteras-ca","tag-riba-roja-de-turia-ca","post_format-post-format-image"],"_links":{"self":[{"href":"https:\/\/tucomarca.whitekongsoftware.com\/ca\/wp-json\/wp\/v2\/posts\/211456","targetHints":{"allow":["GET"]}}],"collection":[{"href":"https:\/\/tucomarca.whitekongsoftware.com\/ca\/wp-json\/wp\/v2\/posts"}],"about":[{"href":"https:\/\/tucomarca.whitekongsoftware.com\/ca\/wp-json\/wp\/v2\/types\/post"}],"author":[{"embeddable":true,"href":"https:\/\/tucomarca.whitekongsoftware.com\/ca\/wp-json\/wp\/v2\/users\/12"}],"replies":[{"embeddable":true,"href":"https:\/\/tucomarca.whitekongsoftware.com\/ca\/wp-json\/wp\/v2\/comments?post=211456"}],"version-history":[{"count":0,"href":"https:\/\/tucomarca.whitekongsoftware.com\/ca\/wp-json\/wp\/v2\/posts\/211456\/revisions"}],"wp:featuredmedia":[{"embeddable":true,"href":"https:\/\/tucomarca.whitekongsoftware.com\/ca\/wp-json\/wp\/v2\/media\/211455"}],"wp:attachment":[{"href":"https:\/\/tucomarca.whitekongsoftware.com\/ca\/wp-json\/wp\/v2\/media?parent=211456"}],"wp:term":[{"taxonomy":"category","embeddable":true,"href":"https:\/\/tucomarca.whitekongsoftware.com\/ca\/wp-json\/wp\/v2\/categories?post=211456"},{"taxonomy":"post_tag","embeddable":true,"href":"https:\/\/tucomarca.whitekongsoftware.com\/ca\/wp-json\/wp\/v2\/tags?post=211456"}],"curies":[{"name":"wp","href":"https:\/\/api.w.org\/{rel}","templated":true}]}}