{"id":211381,"date":"2024-02-16T08:45:00","date_gmt":"2024-02-16T07:45:00","guid":{"rendered":"https:\/\/www.tucomarca.com\/wordpress\/segunda\/?p=211381"},"modified":"2024-02-16T13:11:28","modified_gmt":"2024-02-16T12:11:28","slug":"la-barana-de-la-placa-ventas-de-bunyol-es-reemplacada-per-una-nova","status":"publish","type":"post","link":"https:\/\/tucomarca.whitekongsoftware.com\/ca\/la-barana-de-la-placa-ventas-de-bunyol-es-reemplacada-per-una-nova\/","title":{"rendered":"La barana de la Pla\u00e7a Ventas de Bunyol es reempla\u00e7ada per una nova"},"content":{"rendered":"\n<p class=\"wp-block-paragraph\">La regidoria de Serveis Municipals de Bunyol ha informat que la barana situada en la Pla\u00e7a Vendes, en la vorera al costat de l&#8217;antic Bar Ferr\u00fas, ha sigut reempla\u00e7ada per una nova.&nbsp;<\/p>\n\n\n\n<p class=\"wp-block-paragraph\">Sergio Galarza, regidor de Serveis Municipals i primer tinent d&#8217;alcalde de l&#8217;Ajuntament de Bunyol, ha confirmat que la barana que estava en la Pla\u00e7a Vendes, en la vorera al costat de l&#8217;antic Bar Ferr\u00fas i altres comer\u00e7os locals, ha sigut reempla\u00e7a totalment y que &#8220;ara llueix un aspecte m\u00e9s renovat i net, objectiu principal d&#8217;aquesta regidoria i de tot l&#8217;equip de govern municipal&#8221;.<\/p>\n","protected":false},"excerpt":{"rendered":"<div class=\"mh-excerpt\">La regidoria de Serveis Municipals de Bunyol ha informat que la barana situada en la Pla\u00e7a Vendes, en la vorera al costat de l&#8217;antic Bar Ferr\u00fas, ha sigut reempla\u00e7ada per una nova.&nbsp; Sergio Galarza, regidor <a class=\"mh-excerpt-more\" href=\"https:\/\/tucomarca.whitekongsoftware.com\/ca\/la-barana-de-la-placa-ventas-de-bunyol-es-reemplacada-per-una-nova\/\" title=\"La barana de la Pla\u00e7a Ventas de Bunyol es reempla\u00e7ada per una nova\">[+] <\/a><\/div>\n","protected":false},"author":12,"featured_media":211380,"comment_status":"open","ping_status":"open","sticky":false,"template":"","format":"standard","meta":{"footnotes":""},"categories":[10911,10948,10894,10912,10947,10896],"tags":[10913,10914,15350],"class_list":["post-211381","post","type-post","status-publish","format-standard","has-post-thumbnail","category-bunol-ca","category-infraestructuras-ca","category-la-comarca-ca","category-la-hoya-ca","category-politica","category-seccion-ca","tag-bunol-ca","tag-la-hoya-de-bunol-chiva-ca","tag-servicios-municipales-ca"],"_links":{"self":[{"href":"https:\/\/tucomarca.whitekongsoftware.com\/ca\/wp-json\/wp\/v2\/posts\/211381","targetHints":{"allow":["GET"]}}],"collection":[{"href":"https:\/\/tucomarca.whitekongsoftware.com\/ca\/wp-json\/wp\/v2\/posts"}],"about":[{"href":"https:\/\/tucomarca.whitekongsoftware.com\/ca\/wp-json\/wp\/v2\/types\/post"}],"author":[{"embeddable":true,"href":"https:\/\/tucomarca.whitekongsoftware.com\/ca\/wp-json\/wp\/v2\/users\/12"}],"replies":[{"embeddable":true,"href":"https:\/\/tucomarca.whitekongsoftware.com\/ca\/wp-json\/wp\/v2\/comments?post=211381"}],"version-history":[{"count":0,"href":"https:\/\/tucomarca.whitekongsoftware.com\/ca\/wp-json\/wp\/v2\/posts\/211381\/revisions"}],"wp:featuredmedia":[{"embeddable":true,"href":"https:\/\/tucomarca.whitekongsoftware.com\/ca\/wp-json\/wp\/v2\/media\/211380"}],"wp:attachment":[{"href":"https:\/\/tucomarca.whitekongsoftware.com\/ca\/wp-json\/wp\/v2\/media?parent=211381"}],"wp:term":[{"taxonomy":"category","embeddable":true,"href":"https:\/\/tucomarca.whitekongsoftware.com\/ca\/wp-json\/wp\/v2\/categories?post=211381"},{"taxonomy":"post_tag","embeddable":true,"href":"https:\/\/tucomarca.whitekongsoftware.com\/ca\/wp-json\/wp\/v2\/tags?post=211381"}],"curies":[{"name":"wp","href":"https:\/\/api.w.org\/{rel}","templated":true}]}}