{"id":211317,"date":"2024-02-15T09:04:00","date_gmt":"2024-02-15T08:04:00","guid":{"rendered":"https:\/\/www.tucomarca.com\/wordpress\/segunda\/?p=211317"},"modified":"2024-02-15T20:57:06","modified_gmt":"2024-02-15T19:57:06","slug":"150-alumnes-dutiel-i-pedanies-participen-en-la-jornada-de-reforestacio-amb-motiu-del-dia-de-larbre","status":"publish","type":"post","link":"https:\/\/tucomarca.whitekongsoftware.com\/ca\/150-alumnes-dutiel-i-pedanies-participen-en-la-jornada-de-reforestacio-amb-motiu-del-dia-de-larbre\/","title":{"rendered":"150 alumnes d&#8217;Utiel i pedanies participen en la jornada de reforestaci\u00f3 amb motiu del Dia de l&#8217;Arbre"},"content":{"rendered":"\n<h3 class=\"wp-block-heading\">L&#8217;alumnat de 6\u00e9 d&#8217;educaci\u00f3 prim\u00e0ria dels centres educatius del municipi han plantat diferents exemplars de pins i carrasques en la Serra del Negrete han protagonitzat la jornada de sensibilitzaci\u00f3 sobre la protecci\u00f3 del medi ambient.<\/h3>\n\n\n\n<h3 class=\"wp-block-heading\">Els agents forestals han destacat que cada centre educatiu aconseguir\u00e0 eliminar 70 tones de CO\u2082 de l&#8217;atmosfera amb aquesta activitat.<\/h3>\n\n\n\n<p class=\"wp-block-paragraph\">Aquest mat\u00ed Utiel ha celebrat el Dia de l&#8217;Arbre amb una jornada de plantaci\u00f3 protagonitzada per alumnat de 6\u00e9 de Prim\u00e0ria dels centres educatius Enrique Rambal, Canonge Mu\u00f1oz, Santa Ana i CRA Oleana. Agents forestals d&#8217;Utiel i&nbsp; comarca han dirigit l&#8217;activitat i han guiat&nbsp; als estudiants en les labors de reforestaci\u00f3 de 800 arbres (pins, carrasques, freixes\u2026) en el paratge Toll Olmillos&nbsp; en plena Sierra del Negrete.&nbsp;<\/p>\n\n\n\n<p class=\"wp-block-paragraph\">Els dies previs a l&#8217;activitat, els instructors han desenvolupat xarrades informatives de conscienciaci\u00f3 i sensibilitzaci\u00f3 mediambiental centrades en la&nbsp; import\u00e0ncia de preservar el nostre entorn i ecosistemes locals i traslladares informaci\u00f3 sobre els efectes del canvi clim\u00e0tic, que quedaven latents a peu de camp amb la imatge dels ametlers en flor. Tal com destacaven els agents foresatales,&nbsp; amb aquesta actuaci\u00f3 cada centre educatiu aconseguir\u00e0 eliminar 70 tones de CO\u2082 de l&#8217;atmosfera. A m\u00e9s, cada alumne ha rebut un exemplar de pi com a obsequi per la seua col\u00b7laboraci\u00f3 i inter\u00e9s per preservar el medi ambient.<\/p>\n\n\n\n<p class=\"wp-block-paragraph\"><strong>Treball pel medi ambient&nbsp;<\/strong><\/p>\n\n\n\n<p class=\"wp-block-paragraph\">Una activitat mediambiental educativa i l\u00fadica&nbsp; que posa en marxa el Ayuntamietno d&#8217;Utiel amb la col\u00b7laboraci\u00f3 de la Generalitat Valenciana i altres empreses que faciliten recursos de manera altruista com a plan\u00e7ons, productes d&#8217;alimentaci\u00f3 per a l&#8217;esmorzar, mitj\u00e0 de transport per al despla\u00e7ament d&#8217;escolars etc.&nbsp;<\/p>\n\n\n\n<p class=\"wp-block-paragraph\">El consistori utielano agraeix el comprom\u00eds i implicaci\u00f3 de tots els participants i col\u00b7laboradors que un any m\u00e9s han fet possible el desenvolupament d&#8217;aquest campanya de reforestaci\u00f3 que t\u00e9 com a objectiu la conscienciaci\u00f3, la divulgaci\u00f3 i la sensibilitzaci\u00f3 mediambiental.\u00a0<\/p>\n","protected":false},"excerpt":{"rendered":"<div class=\"mh-excerpt\">L&#8217;alumnat de 6\u00e9 d&#8217;educaci\u00f3 prim\u00e0ria dels centres educatius del municipi han plantat diferents exemplars de pins i carrasques en la Serra del Negrete han protagonitzat la jornada de sensibilitzaci\u00f3 sobre la protecci\u00f3 del medi ambient. <a class=\"mh-excerpt-more\" href=\"https:\/\/tucomarca.whitekongsoftware.com\/ca\/150-alumnes-dutiel-i-pedanies-participen-en-la-jornada-de-reforestacio-amb-motiu-del-dia-de-larbre\/\" title=\"150 alumnes d&#8217;Utiel i pedanies participen en la jornada de reforestaci\u00f3 amb motiu del Dia de l&#8217;Arbre\">[+] <\/a><\/div>\n","protected":false},"author":12,"featured_media":211316,"comment_status":"open","ping_status":"open","sticky":false,"template":"","format":"standard","meta":{"footnotes":""},"categories":[10894,10903,11007,10909,11059],"tags":[13793,20297,10910,11174],"class_list":["post-211317","post","type-post","status-publish","format-standard","has-post-thumbnail","category-la-comarca-ca","category-medio-ambiente-la-comarca-ca","category-ocio-y-cultura-ca","category-requena-utiel-ca","category-utiel-ca","tag-dia-del-arbol-ca","tag-reforestacion-ca","tag-requena-utiel-ca","tag-utiel-ca"],"_links":{"self":[{"href":"https:\/\/tucomarca.whitekongsoftware.com\/ca\/wp-json\/wp\/v2\/posts\/211317","targetHints":{"allow":["GET"]}}],"collection":[{"href":"https:\/\/tucomarca.whitekongsoftware.com\/ca\/wp-json\/wp\/v2\/posts"}],"about":[{"href":"https:\/\/tucomarca.whitekongsoftware.com\/ca\/wp-json\/wp\/v2\/types\/post"}],"author":[{"embeddable":true,"href":"https:\/\/tucomarca.whitekongsoftware.com\/ca\/wp-json\/wp\/v2\/users\/12"}],"replies":[{"embeddable":true,"href":"https:\/\/tucomarca.whitekongsoftware.com\/ca\/wp-json\/wp\/v2\/comments?post=211317"}],"version-history":[{"count":0,"href":"https:\/\/tucomarca.whitekongsoftware.com\/ca\/wp-json\/wp\/v2\/posts\/211317\/revisions"}],"wp:featuredmedia":[{"embeddable":true,"href":"https:\/\/tucomarca.whitekongsoftware.com\/ca\/wp-json\/wp\/v2\/media\/211316"}],"wp:attachment":[{"href":"https:\/\/tucomarca.whitekongsoftware.com\/ca\/wp-json\/wp\/v2\/media?parent=211317"}],"wp:term":[{"taxonomy":"category","embeddable":true,"href":"https:\/\/tucomarca.whitekongsoftware.com\/ca\/wp-json\/wp\/v2\/categories?post=211317"},{"taxonomy":"post_tag","embeddable":true,"href":"https:\/\/tucomarca.whitekongsoftware.com\/ca\/wp-json\/wp\/v2\/tags?post=211317"}],"curies":[{"name":"wp","href":"https:\/\/api.w.org\/{rel}","templated":true}]}}