{"id":211269,"date":"2024-02-15T09:00:00","date_gmt":"2024-02-15T08:00:00","guid":{"rendered":"https:\/\/www.tucomarca.com\/wordpress\/segunda\/?p=211269"},"modified":"2024-02-15T10:05:11","modified_gmt":"2024-02-15T09:05:11","slug":"manises-evita-desplacaments-a-lhospital-amb-una-aplicacio-web-pionera-que-envia-imatges-de-lesions-cutanies-des-datencio-primaria-al-dermatoleg","status":"publish","type":"post","link":"https:\/\/tucomarca.whitekongsoftware.com\/ca\/manises-evita-desplacaments-a-lhospital-amb-una-aplicacio-web-pionera-que-envia-imatges-de-lesions-cutanies-des-datencio-primaria-al-dermatoleg\/","title":{"rendered":"Manises evita despla\u00e7aments a l&#8217;hospital amb una aplicaci\u00f3 web pionera que envia imatges de lesions cut\u00e0nies des d&#8217;Atenci\u00f3 Prim\u00e0ria al dermat\u00f2leg"},"content":{"rendered":"\n<h3 class=\"wp-block-heading\">El Departament de Salut de Manises ha apostat per una modernitzaci\u00f3 del sistema \u2018Telederma\u2019, implantant des de fa anys en aquest departament, mitjan\u00e7ant un programa inform\u00e0tic innovador que facilita l&#8217;intercanvi de les imatges i augmenta la protecci\u00f3 de les dades del pacient.<\/h3>\n\n\n\n<h3 class=\"wp-block-heading\">Aquest servei permet millorar la coordinaci\u00f3 entre els metges d&#8217;Atenci\u00f3 Prim\u00e0ria i Atenci\u00f3 Especialitzada, agilitzant temps i evitant despla\u00e7aments innecessaris als pacients.<\/h3>\n\n\n\n<h3 class=\"wp-block-heading\">Gr\u00e0cies a aquesta mena de projectes Manises consolida la seua atenci\u00f3 integrada independentment de la localitzaci\u00f3 dels pacients, afavorint la integraci\u00f3 dels equips assistencials, i acostant l&#8217;atenci\u00f3 especialitzada a Prim\u00e0ria i els centres de salut.<\/h3>\n\n\n\n<h3 class=\"wp-block-heading\">En 2023, s&#8217;han at\u00e9s 725 casos a trav\u00e9s d&#8217;aquest sistema, dels quals 283 han pogut ser tractats des d&#8217;Atenci\u00f3 Prim\u00e0ria amb el suport de Dermatologia, sense necessitat de despla\u00e7aments innecessaris a l&#8217;Hospital.<\/h3>\n\n\n\n<p class=\"wp-block-paragraph\">El Departament de Salut de Manises va ser pioner en la implementaci\u00f3 del servei de Telederma, un sistema desenvolupat per l&#8217;equip m\u00e8dic i l&#8217;equip inform\u00e0tic de l&#8217;Hospital de Manises en 2013 que permet als metges d&#8217;Atenci\u00f3 Prim\u00e0ria realitzar consultes amb el servei de Dermatologia a trav\u00e9s de l&#8217;enviament d&#8217;una fotografia del pacient. Aix\u00f2 ha ajudat a atendre m\u00e9s r\u00e0pidament els casos greus, augmentar la col\u00b7laboraci\u00f3 entre els nivells assistencials i garantir el tractament dels casos menys greus des de l&#8217;Atenci\u00f3 Prim\u00e0ria, evitant d&#8217;aquesta manera despla\u00e7aments innecessaris a l&#8217;Hospital.&nbsp;<\/p>\n\n\n\n<p class=\"wp-block-paragraph\">Ara, Manises ha decidit modernitzar aquest sistema amb la implementaci\u00f3 d&#8217;un programa inform\u00e0tic innovador a Espanya que optimitza l&#8217;intercanvi de les fotos i a m\u00e9s millora la protecci\u00f3 de dades dels usuaris, en treballar en el n\u00favol i evitar l&#8217;emmagatzematge de les imatges dels pacients en dispositius. \u201cEl servei de Telederma ha funcionat molt b\u00e9 durant tots aquests anys, i per aix\u00f2 hem volgut anar un pas m\u00e9s enll\u00e0 i actualitzar-lo als nous temps amb nou programa inform\u00e0tic i una aplicaci\u00f3 web\u201d, ha explicat el responsable del projecte i Cap de Servei de Dermatologia de l&#8217;Hospital de Manises, Alberto Alfaro.<\/p>\n\n\n\n<p class=\"wp-block-paragraph\">Aquest servei permet millorar la coordinaci\u00f3 entre els metges d&#8217;Atenci\u00f3 Prim\u00e0ria i Atenci\u00f3 Especialitzada, agilitzant temps i evitant despla\u00e7aments innecessaris als pacients. Gr\u00e0cies a aquesta mena de projectes Manises consolida la seua atenci\u00f3 integrada independentment de la localitzaci\u00f3 dels pacients, afavorint la integraci\u00f3 dels equips assistencials, i acostant l&#8217;atenci\u00f3 especialitzada a Prim\u00e0ria i els centres de salut.<\/p>\n\n\n\n<p class=\"wp-block-paragraph\">En aquest sentit, ha detallat que Telederma serveix perqu\u00e8 els metges d&#8217;Atenci\u00f3 Prim\u00e0ria puguen garbellar i derivar a Dermatologia els casos que podrien ser greus o que els generen dubtes, tot aix\u00f2 a trav\u00e9s d&#8217;una imatge. \u201cElls fiquen en el sistema una fotografia amb l&#8217;explicaci\u00f3 de la malaltia, i des de Dermatologia l&#8217;avaluem\u201d, ha assenyalat.<\/p>\n\n\n\n<p class=\"wp-block-paragraph\">\u201cA partir d&#8217;ac\u00ed, poden passar diverses coses: si veiem que el cas podria ser greu, citem al pacient per a veure&#8217;l en persona immediatament. Si veiem que l&#8217;assumpte es pot tractar f\u00e0cilment des d&#8217;Atenci\u00f3 Prim\u00e0ria, el que fem \u00e9s donar al m\u00e8dic indicacions sobre la patologia i el tractament\u201d, ha indicat Alfaro. D&#8217;aquesta manera, ha detallat que en 2023 es van avaluar 725 casos a trav\u00e9s de la imatge, dels quals 283 van poder ser atesos directament des d&#8217;Atenci\u00f3 Prim\u00e0ria, evitant al pacient la visita a l&#8217;Hospital.&nbsp;<\/p>\n\n\n\n<p class=\"wp-block-paragraph\">\u201cLa difer\u00e8ncia entre l&#8217;antic sistema i el nou, \u00e9s la manera en la qual es prenen i es processen les imatges. Fa 10 anys, la tecnologia estava menys avan\u00e7ada i, per tant, hi havia centres en els quals havia d&#8217;anar una persona a prop\u00f2sit a traure fotos amb una c\u00e0mera al pacient, o eren els metges els que havien de guardar les imatges en els seus propis m\u00f2bils i ordinadors per a despr\u00e9s enviar-les\u201d, ha continuat en aquest sentit el doctor Alfaro.<\/p>\n\n\n\n<p class=\"wp-block-paragraph\">\u201cAix\u00f2 ha generat moltes vegades problemes per a descarregar imatges en els ordinadors, o problemes de log\u00edstica i fins i tot de privacitat. Per aix\u00f2, encara que estem molt satisfets amb el funcionament de Telederma, des del servei de Dermatologia de l&#8217;Hospital de Manises considerem que havia arribat el moment de modernitzar-lo i adaptar-lo als nous temps\u201d, ha explicat Alfaro.<\/p>\n\n\n\n<p class=\"wp-block-paragraph\">Aix\u00ed, el nou sistema consisteix en la incorporaci\u00f3 d&#8217;un nou programa inform\u00e0tic que permet l&#8217;intercanvi d&#8217;imatges en el n\u00favol amb totes les garanties de seguretat, de manera que el metge pot traure una fotografia amb el m\u00f2bil i pujar-la directament al sistema des de l&#8217;App, sense que aquesta s&#8217;haja de quedar guardada en la seua galeria d&#8217;imatges. \u201cAix\u00f2 \u00e9s un avantatge, primer, perqu\u00e8 agilitza molt\u00edssim el proc\u00e9s i estalvia passos en l&#8217;intercanvi de la imatge. I segon, perqu\u00e8 es respecta molt m\u00e9s la intimitat del pacient\u201d, ha valorat el cap de servei de Dermatologia i responsable del projecte.<\/p>\n\n\n\n<p class=\"wp-block-paragraph\">En aquest sentit, Alfaro ha detallat que les fotografies \u201cno deixen rastre\u201d i van directes a l&#8217;historial cl\u00ednic del pacient, al qual es pot accedir a trav\u00e9s de la SIP. A m\u00e9s, el sistema tamb\u00e9 permet filtrar els casos \u201cpreferents\u201d.<\/p>\n\n\n\n<p class=\"wp-block-paragraph\"><strong>Un Departament de Salut integrat<\/strong><\/p>\n\n\n\n<p class=\"wp-block-paragraph\">A m\u00e9s d&#8217;agilitzar l&#8217;atenci\u00f3 sanit\u00e0ria i garantir la privacitat dels pacients, el servei de Telederma tamb\u00e9 permet una major integraci\u00f3 del Departament de Salut, augmentant la coordinaci\u00f3 entre els centres de salut i l&#8217;Hospital, i tamb\u00e9 entre els diferents nivells assistencials. En aquest cas, Atenci\u00f3 Prim\u00e0ria i Dermatologia.&nbsp;<\/p>\n\n\n\n<p class=\"wp-block-paragraph\">\u201cEl que ens permet Telederma \u00e9s una atenci\u00f3 especialitzada integrada, amb una comunicaci\u00f3 cont\u00ednua entre el metge de fam\u00edlia i el dermat\u00f2leg. Per exemple, jo com a dermat\u00f2leg puc donar suport al metge de fam\u00edlia que hi ha en el centre auxiliar de Loriguilla, permetent que el pacient tinga una atenci\u00f3 especialitzada en el seu propi centre sense haver de despla\u00e7ar-se fins a l&#8217;Hospital\u201d, ha considerat el doctor Alberto Alfaro sobre aquest tema.<\/p>\n\n\n\n<p class=\"wp-block-paragraph\">\u201cL&#8217;objectiu \u00e9s que, en la mesura que siga possible, el pacient puga ser at\u00e9s en el lloc i en el moment que el necessita\u201d, ha continuat en aquest sentit. \u201cA m\u00e9s, el sistema tamb\u00e9 permet una continu\u00eftat. Per exemple, si derive un cas a Atenci\u00f3 Prim\u00e0ria perqu\u00e8 el tracten des d&#8217;all\u00ed, als 15 o 20 dies puc demanar un seguiment per a assegurar-me que el tractament ha anat correctament\u201d, ha finalitzat.<\/p>\n","protected":false},"excerpt":{"rendered":"<div class=\"mh-excerpt\">El Departament de Salut de Manises ha apostat per una modernitzaci\u00f3 del sistema \u2018Telederma\u2019, implantant des de fa anys en aquest departament, mitjan\u00e7ant un programa inform\u00e0tic innovador que facilita l&#8217;intercanvi de les imatges i augmenta <a class=\"mh-excerpt-more\" href=\"https:\/\/tucomarca.whitekongsoftware.com\/ca\/manises-evita-desplacaments-a-lhospital-amb-una-aplicacio-web-pionera-que-envia-imatges-de-lesions-cutanies-des-datencio-primaria-al-dermatoleg\/\" title=\"Manises evita despla\u00e7aments a l&#8217;hospital amb una aplicaci\u00f3 web pionera que envia imatges de lesions cut\u00e0nies des d&#8217;Atenci\u00f3 Prim\u00e0ria al dermat\u00f2leg\">[+] <\/a><\/div>\n","protected":false},"author":12,"featured_media":211268,"comment_status":"open","ping_status":"open","sticky":false,"template":"","format":"standard","meta":{"footnotes":""},"categories":[10973,10911,10892,11010,10898,10977,10980,10948,10894,10912,10902,10931,10978,10906,10896,11047,10974,10975],"tags":[10899,11092,10914],"class_list":["post-211269","post","type-post","status-publish","format-standard","has-post-thumbnail","category-alborache-ca","category-bunol-ca","category-camp-de-turia-ca","category-canal-salud","category-ventana-ca","category-godelleta-ca","category-yatova-ca","category-infraestructuras-ca","category-la-comarca-ca","category-la-hoya-ca","category-la-ribera-ca","category-loriguilla-ca","category-macastre-ca","category-riba-roja-ca","category-seccion-ca","category-turis-ca","category-cheste-ca","category-chiva-ca","tag-camp-de-turia-ca","tag-hospital-de-manises-ca","tag-la-hoya-de-bunol-chiva-ca"],"_links":{"self":[{"href":"https:\/\/tucomarca.whitekongsoftware.com\/ca\/wp-json\/wp\/v2\/posts\/211269","targetHints":{"allow":["GET"]}}],"collection":[{"href":"https:\/\/tucomarca.whitekongsoftware.com\/ca\/wp-json\/wp\/v2\/posts"}],"about":[{"href":"https:\/\/tucomarca.whitekongsoftware.com\/ca\/wp-json\/wp\/v2\/types\/post"}],"author":[{"embeddable":true,"href":"https:\/\/tucomarca.whitekongsoftware.com\/ca\/wp-json\/wp\/v2\/users\/12"}],"replies":[{"embeddable":true,"href":"https:\/\/tucomarca.whitekongsoftware.com\/ca\/wp-json\/wp\/v2\/comments?post=211269"}],"version-history":[{"count":0,"href":"https:\/\/tucomarca.whitekongsoftware.com\/ca\/wp-json\/wp\/v2\/posts\/211269\/revisions"}],"wp:featuredmedia":[{"embeddable":true,"href":"https:\/\/tucomarca.whitekongsoftware.com\/ca\/wp-json\/wp\/v2\/media\/211268"}],"wp:attachment":[{"href":"https:\/\/tucomarca.whitekongsoftware.com\/ca\/wp-json\/wp\/v2\/media?parent=211269"}],"wp:term":[{"taxonomy":"category","embeddable":true,"href":"https:\/\/tucomarca.whitekongsoftware.com\/ca\/wp-json\/wp\/v2\/categories?post=211269"},{"taxonomy":"post_tag","embeddable":true,"href":"https:\/\/tucomarca.whitekongsoftware.com\/ca\/wp-json\/wp\/v2\/tags?post=211269"}],"curies":[{"name":"wp","href":"https:\/\/api.w.org\/{rel}","templated":true}]}}