{"id":211219,"date":"2024-02-15T09:15:00","date_gmt":"2024-02-15T08:15:00","guid":{"rendered":"https:\/\/www.tucomarca.com\/wordpress\/segunda\/?p=211219"},"modified":"2024-02-15T10:10:33","modified_gmt":"2024-02-15T09:10:33","slug":"la-comissio-de-bunyol-poble-presenta-aquest-dissabte-a-yolanda-rodrigo-com-a-fallera-major-2024","status":"publish","type":"post","link":"https:\/\/tucomarca.whitekongsoftware.com\/ca\/la-comissio-de-bunyol-poble-presenta-aquest-dissabte-a-yolanda-rodrigo-com-a-fallera-major-2024\/","title":{"rendered":"La comissi\u00f3 de Bunyol Poble presenta aquest dissabte a Yolanda Rodrigo com a Fallera Major 2024"},"content":{"rendered":"\n<p class=\"wp-block-paragraph\">Aquest dissabte, 17 de febrer, en l&#8217;incomparable marc del teatre Montecarlo de Bunyol tindr\u00e0 lloc l&#8217;exaltaci\u00f3 de la Fallera Major de la comissi\u00f3 Bunyol Poble.<\/p>\n\n\n\n<p class=\"wp-block-paragraph\">A partir de les 19,00 hores, est\u00e0 previst l&#8217;acte en el qual Ana Sol\u00e1, m\u00e0xima representant de 2023, imposar\u00e0 a Yolanda Rodrigo la banda que acredita el seu nou c\u00e0rrec. <\/p>\n\n\n\n<p class=\"wp-block-paragraph\">En la seua presentaci\u00f3 estar\u00e0 acompanyada per la presidenta, Ana G\u00f3mez, i la cort d&#8217;honor que acompanyar\u00e0 a la fallera durant aquest 2024. <\/p>\n\n\n\n<p class=\"wp-block-paragraph\">La m\u00e0xima representaci\u00f3 de Bunyol Poble ja ho t\u00e9 tot preparat al costat de la seua fam\u00edlia fallera per a viure les Falles de Bunyol.<\/p>\n","protected":false},"excerpt":{"rendered":"<div class=\"mh-excerpt\">Aquest dissabte, 17 de febrer, en l&#8217;incomparable marc del teatre Montecarlo de Bunyol tindr\u00e0 lloc l&#8217;exaltaci\u00f3 de la Fallera Major de la comissi\u00f3 Bunyol Poble. A partir de les 19,00 hores, est\u00e0 previst l&#8217;acte en <a class=\"mh-excerpt-more\" href=\"https:\/\/tucomarca.whitekongsoftware.com\/ca\/la-comissio-de-bunyol-poble-presenta-aquest-dissabte-a-yolanda-rodrigo-com-a-fallera-major-2024\/\" title=\"La comissi\u00f3 de Bunyol Poble presenta aquest dissabte a Yolanda Rodrigo com a Fallera Major 2024\">[+] <\/a><\/div>\n","protected":false},"author":12,"featured_media":211218,"comment_status":"open","ping_status":"open","sticky":false,"template":"","format":"standard","meta":{"footnotes":""},"categories":[11019,10911,10894,10912,11007,10896],"tags":[10913,16555,19154,10914],"class_list":["post-211219","post","type-post","status-publish","format-standard","has-post-thumbnail","category-agenda-ca","category-bunol-ca","category-la-comarca-ca","category-la-hoya-ca","category-ocio-y-cultura-ca","category-seccion-ca","tag-bunol-ca","tag-falla-bunol-pueblo-ca","tag-fallas-2024-ca","tag-la-hoya-de-bunol-chiva-ca"],"_links":{"self":[{"href":"https:\/\/tucomarca.whitekongsoftware.com\/ca\/wp-json\/wp\/v2\/posts\/211219","targetHints":{"allow":["GET"]}}],"collection":[{"href":"https:\/\/tucomarca.whitekongsoftware.com\/ca\/wp-json\/wp\/v2\/posts"}],"about":[{"href":"https:\/\/tucomarca.whitekongsoftware.com\/ca\/wp-json\/wp\/v2\/types\/post"}],"author":[{"embeddable":true,"href":"https:\/\/tucomarca.whitekongsoftware.com\/ca\/wp-json\/wp\/v2\/users\/12"}],"replies":[{"embeddable":true,"href":"https:\/\/tucomarca.whitekongsoftware.com\/ca\/wp-json\/wp\/v2\/comments?post=211219"}],"version-history":[{"count":0,"href":"https:\/\/tucomarca.whitekongsoftware.com\/ca\/wp-json\/wp\/v2\/posts\/211219\/revisions"}],"wp:featuredmedia":[{"embeddable":true,"href":"https:\/\/tucomarca.whitekongsoftware.com\/ca\/wp-json\/wp\/v2\/media\/211218"}],"wp:attachment":[{"href":"https:\/\/tucomarca.whitekongsoftware.com\/ca\/wp-json\/wp\/v2\/media?parent=211219"}],"wp:term":[{"taxonomy":"category","embeddable":true,"href":"https:\/\/tucomarca.whitekongsoftware.com\/ca\/wp-json\/wp\/v2\/categories?post=211219"},{"taxonomy":"post_tag","embeddable":true,"href":"https:\/\/tucomarca.whitekongsoftware.com\/ca\/wp-json\/wp\/v2\/tags?post=211219"}],"curies":[{"name":"wp","href":"https:\/\/api.w.org\/{rel}","templated":true}]}}