{"id":211203,"date":"2024-02-14T08:15:00","date_gmt":"2024-02-14T07:15:00","guid":{"rendered":"https:\/\/www.tucomarca.com\/wordpress\/segunda\/?p=211203"},"modified":"2024-02-14T21:30:41","modified_gmt":"2024-02-14T20:30:41","slug":"la-unio-dagricultors-celebra-una-reunio-aquest-divendres-a-utiel-per-a-informar-de-la-gran-protesta-tractorada-del-21-de-febrer-a-madrid","status":"publish","type":"post","link":"https:\/\/tucomarca.whitekongsoftware.com\/ca\/la-unio-dagricultors-celebra-una-reunio-aquest-divendres-a-utiel-per-a-informar-de-la-gran-protesta-tractorada-del-21-de-febrer-a-madrid\/","title":{"rendered":"La Uni\u00f3 d&#8217;Agricultors celebra una reuni\u00f3 aquest divendres a Utiel per a informar de la gran protesta-tractorada del 21 de febrer a Madrid&nbsp;"},"content":{"rendered":"\n<h3 class=\"wp-block-heading\">L&#8217;organitzaci\u00f3 posar\u00e0 autobusos per a participar en la mobilitzaci\u00f3.<\/h3>\n\n\n\n<p class=\"wp-block-paragraph\">La Uni\u00f3 d&#8217;Agricultors i Ramaders ha convocat una reuni\u00f3 aquest pr\u00f2xim divendres 16 de febrer a les 20 hores a Utiel (Centre Social) per a informar sobre la gran protesta-tractorada que celebraran totes les organitzacions territorials d&#8217;Uni\u00f3 d&#8217;Unions el 21 de febrer i que acabar\u00e0 a les portes del Ministeri d&#8217;Agricultura a Madrid.&nbsp;<br>En la protesta es denunciar\u00e0 la cr\u00edtica situaci\u00f3 que viuen els agricultors de la comarca a causa de les males collites i els alts costos de producci\u00f3, que es topen amb les importacions procedents de tercers pa\u00efsos i la insufici\u00e8ncia de les mesures posades en marxa i l&#8217;assetjament al qual est\u00e0 sotm\u00e9s el sector.<br>La protesta se celebra sota el lema \u201cEns sobren els motius\u201d i els tractors arribaran fins a Madrid des de totes les comunitats aut\u00f2nomes, inclosa la nostra, amb eixida des de la comarca d&#8217;Utiel-Requena.<br>Els greus problemes pels quals travessa el camp i la falta de respostes per part del Govern i les comunitats aut\u00f2nomes han provocat que la tractorada del 21F de la Uni\u00f3 d&#8217;Unions siga la primera gran protesta a Madrid davant el MAPA de les organitzacions agr\u00e0ries majorit\u00e0ries del camp.<br>L&#8217;organitzaci\u00f3 considera que hi ha suficients motius de pes per a convocar al sector a la mobilitzaci\u00f3 i d&#8217;ac\u00ed aquest calendari tan ampli i complet. \u201cLa compet\u00e8ncia deslleial de les importacions que no respecten les normes que ens imposen a nosaltres, els viticultors i olivicultores s&#8217;han quedat fora de les ajudes de totes les Administracions; els cerealistes han tingut mala collita i baixos preus igual que molts altres sectors, el Govern signa un acord internacional per a retirar les ajudes al gasoil agr\u00edcola, els ramaders continuen sacrificant animals per uns plans de sanitat irracionals i patint els efectes de la falta de pastures, l&#8217;aprovaci\u00f3 constant de noves exig\u00e8ncies ambientals ens carreguen de m\u00e9s costos i m\u00e9s burocr\u00e0cia\u201d, s\u00f3n alguns dels assumptes sense resposta.<br>Tamb\u00e9 insisteix La Va unir que \u201cel Govern incompleix les lleis i les sent\u00e8ncies dels tribunals com la del contracte de doble tarifa per al regadiu quan hi ha un increment de cost per la sequera i es rega m\u00e9s i m\u00e9s car, no s&#8217;atallen els danys als cultius que provoca la fauna salvatge, les assegurances agr\u00e0ries s\u00f3n cada vegada m\u00e9s cars i protegeixen menys. Sobren les raons per a eixir al carrer una altra vegada\u201d, opina l&#8217;organitzaci\u00f3 agr\u00e0ria.<\/p>\n","protected":false},"excerpt":{"rendered":"<div class=\"mh-excerpt\">L&#8217;organitzaci\u00f3 posar\u00e0 autobusos per a participar en la mobilitzaci\u00f3. La Uni\u00f3 d&#8217;Agricultors i Ramaders ha convocat una reuni\u00f3 aquest pr\u00f2xim divendres 16 de febrer a les 20 hores a Utiel (Centre Social) per a informar <a class=\"mh-excerpt-more\" href=\"https:\/\/tucomarca.whitekongsoftware.com\/ca\/la-unio-dagricultors-celebra-una-reunio-aquest-divendres-a-utiel-per-a-informar-de-la-gran-protesta-tractorada-del-21-de-febrer-a-madrid\/\" title=\"La Uni\u00f3 d&#8217;Agricultors celebra una reuni\u00f3 aquest divendres a Utiel per a informar de la gran protesta-tractorada del 21 de febrer a Madrid&nbsp;\">[+] <\/a><\/div>\n","protected":false},"author":12,"featured_media":210201,"comment_status":"open","ping_status":"open","sticky":false,"template":"","format":"standard","meta":{"footnotes":""},"categories":[11019,10905,10948,10894,10947,10909,10896,11059],"tags":[18022,20206,10910,11174],"class_list":["post-211203","post","type-post","status-publish","format-standard","has-post-thumbnail","category-agenda-ca","category-agricultura-la-comarca-ca","category-infraestructuras-ca","category-la-comarca-ca","category-politica","category-requena-utiel-ca","category-seccion-ca","category-utiel-ca","tag-la-unio-llauradora-ca","tag-protestas-agricultores-ca","tag-requena-utiel-ca","tag-utiel-ca"],"_links":{"self":[{"href":"https:\/\/tucomarca.whitekongsoftware.com\/ca\/wp-json\/wp\/v2\/posts\/211203","targetHints":{"allow":["GET"]}}],"collection":[{"href":"https:\/\/tucomarca.whitekongsoftware.com\/ca\/wp-json\/wp\/v2\/posts"}],"about":[{"href":"https:\/\/tucomarca.whitekongsoftware.com\/ca\/wp-json\/wp\/v2\/types\/post"}],"author":[{"embeddable":true,"href":"https:\/\/tucomarca.whitekongsoftware.com\/ca\/wp-json\/wp\/v2\/users\/12"}],"replies":[{"embeddable":true,"href":"https:\/\/tucomarca.whitekongsoftware.com\/ca\/wp-json\/wp\/v2\/comments?post=211203"}],"version-history":[{"count":0,"href":"https:\/\/tucomarca.whitekongsoftware.com\/ca\/wp-json\/wp\/v2\/posts\/211203\/revisions"}],"wp:featuredmedia":[{"embeddable":true,"href":"https:\/\/tucomarca.whitekongsoftware.com\/ca\/wp-json\/wp\/v2\/media\/210201"}],"wp:attachment":[{"href":"https:\/\/tucomarca.whitekongsoftware.com\/ca\/wp-json\/wp\/v2\/media?parent=211203"}],"wp:term":[{"taxonomy":"category","embeddable":true,"href":"https:\/\/tucomarca.whitekongsoftware.com\/ca\/wp-json\/wp\/v2\/categories?post=211203"},{"taxonomy":"post_tag","embeddable":true,"href":"https:\/\/tucomarca.whitekongsoftware.com\/ca\/wp-json\/wp\/v2\/tags?post=211203"}],"curies":[{"name":"wp","href":"https:\/\/api.w.org\/{rel}","templated":true}]}}