{"id":211139,"date":"2024-02-14T11:00:00","date_gmt":"2024-02-14T10:00:00","guid":{"rendered":"https:\/\/www.tucomarca.com\/wordpress\/segunda\/?p=211139"},"modified":"2024-02-14T14:48:40","modified_gmt":"2024-02-14T13:48:40","slug":"la-fvmp-i-la-xarxa-demissores-municipals-valencianes-celebren-el-dia-mundial-de-la-radio","status":"publish","type":"post","link":"https:\/\/tucomarca.whitekongsoftware.com\/ca\/la-fvmp-i-la-xarxa-demissores-municipals-valencianes-celebren-el-dia-mundial-de-la-radio\/","title":{"rendered":"La FVMP i la Xarxa d\u2019Emissores Municipals Valencianes celebren el Dia Mundial de la R\u00e0dio"},"content":{"rendered":"\n<figure class=\"wp-block-image size-large\"><img loading=\"lazy\" decoding=\"async\" width=\"1024\" height=\"683\" src=\"http:\/\/www.tucomarca.com\/wordpress\/segunda\/wp-content\/uploads\/2024\/02\/RadioFVMP-1024x683.jpg\" alt=\"\" class=\"wp-image-211137\" srcset=\"https:\/\/tucomarca.whitekongsoftware.com\/wp-content\/uploads\/2024\/02\/RadioFVMP-1024x683.jpg 1024w, https:\/\/tucomarca.whitekongsoftware.com\/wp-content\/uploads\/2024\/02\/RadioFVMP-300x200.jpg 300w, https:\/\/tucomarca.whitekongsoftware.com\/wp-content\/uploads\/2024\/02\/RadioFVMP-768x512.jpg 768w, https:\/\/tucomarca.whitekongsoftware.com\/wp-content\/uploads\/2024\/02\/RadioFVMP.jpg 1500w\" sizes=\"auto, (max-width: 1024px) 100vw, 1024px\" \/><figcaption><em>Jos\u00e9 Antonio Redorat, Director General de Administraci\u00f3n Local de la Generalitat Valenciana; Miguel Bailach, Secretario General de la Federaci\u00f3n Valenciana de Municipios y Provincias; Roc\u00edo Cort\u00e9s, Presidenta de la FVMP; Susana Camarero, Vicepresidenta Segunda y Consellera de Bienestar Social, Igualdad y Vivienda; Gemma Juan, presentadora del programa &#8220;El Rall&#8221;; Francisco Daniel Gonz\u00e1lez, Director General de Comunicaci\u00f3n y Promoci\u00f3n Institucional de la Generalitat Valenciana; y Modesto Mart\u00ednez, Vicesecretario de la FVMP.<\/em><\/figcaption><\/figure>\n\n\n\n<p class=\"wp-block-paragraph\">Dia molt especial per a la Federaci\u00f3 Valenciana de Municipis i Prov\u00edncies (FVMP) i per a la Xarxa d\u2019Emissores Municipals Valencianes. En un marc incomparable com la pla\u00e7a de Manises s&#8217;ha em\u00e9s aquest mat\u00ed el programa \u201cEl Rall\u201d. Aquest programa, que realitza i produeix la FVMP i que compta amb la col\u00b7laboraci\u00f3 de les emissores de la Xarxa, s&#8217;emet de dilluns a divendres de 12 a 14 hores en la R\u00e0dio d\u2019\u00c0 Punt. \u201cEl Rall\u201d ha tingut aquest mat\u00ed una edici\u00f3 molt especial ja que se celebrava el Dia Mundial de la R\u00e0dio, a m\u00e9s en un any molt significatiu ja que es commemorava el centenari de la invenci\u00f3 de la r\u00e0dio.<br>Condu\u00eft com cada dia per Gemma Juan, el programa ha comen\u00e7at amb la intervenci\u00f3 de Paco Gonz\u00e1lez, director general de Comunicaci\u00f3 i Promoci\u00f3 Institucional, que ha destacat el paper de la r\u00e0dio en la societat i que ha felicitat a tots els professionals que treballen en aquest mitj\u00e0 de comunicaci\u00f3 pel centenari de la seua invenci\u00f3.<br>A continuaci\u00f3, Susana Camarero, vicepresidenta segona i consellera de Serveis Socials, Igualtat i Habitatge, s&#8217;ha sumat a les felicitacions per la celebraci\u00f3 d&#8217;aquesta efem\u00e8ride i ha donat un ampli rep\u00e0s als projectes i programes que estan duent a terme des de la seua Conselleria.<br>Tamb\u00e9 la presidenta de la FVMP i alcaldessa de Requena, Roc\u00edo Cort\u00e9s ha intervingut en el programa posant en valor la labor de la Xarxa i de les emissors municipals, aix\u00ed com destacant els projectes que est\u00e0 realitzant la FVMP i l&#8217;Ajuntament de Requena. Per part seua, Juan Carlos Caballero, portaveu de l&#8217;equip de govern de l&#8217;Ajuntament de Val\u00e8ncia, ha comptat l&#8217;actualitat del consistori m\u00e9s gran la Comunitat Valenciana alhora que ha comentat la seua passi\u00f3 per la r\u00e0dio.<br>En la segona hora de \u201cEl Rall\u201d, les emissores municipals han sigut les grans protagonistes. Comunicadors d&#8217;aquestes r\u00e0dios locals han comptat la gran labor que realitzen en els seus municipis, alhora que han fet saber l&#8217;esfor\u00e7 que realitzen per a poder aconseguir els seus objectius. Aquesta visi\u00f3 tamb\u00e9 ha sigut exposada per alcaldes i regidors de diferents ajuntaments amb emissores municipals que han volgut agrair l&#8217;esfor\u00e7 dels professionals que treballen en aquestes r\u00e0dios, aix\u00ed com la import\u00e0ncia d&#8217;aquestes emissores per als seus ciutadans.<br>En el programa tamb\u00e9 han intervingut Miguel Bailach, secretari general de la FVMP, Modest Mart\u00ednez, vicesecretari general de la FVMP, i Alfred Costa, director general d&#8217;\u00c0 Punt, que han contat el que implica la r\u00e0dio per a ells en un dia tan assenyalat per a aquest mitj\u00e0 de comunicaci\u00f3. Bailach i Mart\u00ednez han volgut destacar la import\u00e0ncia i potenciaci\u00f3 que la FVMP vol donar a la Xarxa perqu\u00e8 s\u00f3n conscients de la rellev\u00e0ncia que les emissores locals tenen per als seus respectius municipis, mentre que Costa ha posat la radiotelevisi\u00f3 p\u00fablica valenciana al servei d&#8217;eixos objectius, perqu\u00e8 ha comentat que l&#8217;obligaci\u00f3 de l&#8217;ens auton\u00f2mic \u00e9s ajudar a desenvolupar projectes tan necessaris per a la ciutadania.<br>Molts alcaldes i representants de municipis de la Comunitat Valenciana tamb\u00e9 s&#8217;han sumat a aquesta edici\u00f3 especial de \u201cEl Rall\u201d per a celebrar i compartir d&#8217;una manera pr\u00f2xima el Dia Mundial de la R\u00e0dio organitzat per la FVMP.<\/p>\n","protected":false},"excerpt":{"rendered":"<div class=\"mh-excerpt\">Dia molt especial per a la Federaci\u00f3 Valenciana de Municipis i Prov\u00edncies (FVMP) i per a la Xarxa d\u2019Emissores Municipals Valencianes. En un marc incomparable com la pla\u00e7a de Manises s&#8217;ha em\u00e9s aquest mat\u00ed el <a class=\"mh-excerpt-more\" href=\"https:\/\/tucomarca.whitekongsoftware.com\/ca\/la-fvmp-i-la-xarxa-demissores-municipals-valencianes-celebren-el-dia-mundial-de-la-radio\/\" title=\"La FVMP i la Xarxa d\u2019Emissores Municipals Valencianes celebren el Dia Mundial de la R\u00e0dio\">[+] <\/a><\/div>\n","protected":false},"author":1,"featured_media":211137,"comment_status":"open","ping_status":"open","sticky":false,"template":"","format":"standard","meta":{"footnotes":""},"categories":[10898,10948,10894,10904,11007,10947,10908,10909,10896],"tags":[],"class_list":["post-211139","post","type-post","status-publish","format-standard","has-post-thumbnail","category-ventana-ca","category-infraestructuras-ca","category-la-comarca-ca","category-sin-categorizar-ca","category-ocio-y-cultura-ca","category-politica","category-requena-ca","category-requena-utiel-ca","category-seccion-ca"],"_links":{"self":[{"href":"https:\/\/tucomarca.whitekongsoftware.com\/ca\/wp-json\/wp\/v2\/posts\/211139","targetHints":{"allow":["GET"]}}],"collection":[{"href":"https:\/\/tucomarca.whitekongsoftware.com\/ca\/wp-json\/wp\/v2\/posts"}],"about":[{"href":"https:\/\/tucomarca.whitekongsoftware.com\/ca\/wp-json\/wp\/v2\/types\/post"}],"author":[{"embeddable":true,"href":"https:\/\/tucomarca.whitekongsoftware.com\/ca\/wp-json\/wp\/v2\/users\/1"}],"replies":[{"embeddable":true,"href":"https:\/\/tucomarca.whitekongsoftware.com\/ca\/wp-json\/wp\/v2\/comments?post=211139"}],"version-history":[{"count":0,"href":"https:\/\/tucomarca.whitekongsoftware.com\/ca\/wp-json\/wp\/v2\/posts\/211139\/revisions"}],"wp:featuredmedia":[{"embeddable":true,"href":"https:\/\/tucomarca.whitekongsoftware.com\/ca\/wp-json\/wp\/v2\/media\/211137"}],"wp:attachment":[{"href":"https:\/\/tucomarca.whitekongsoftware.com\/ca\/wp-json\/wp\/v2\/media?parent=211139"}],"wp:term":[{"taxonomy":"category","embeddable":true,"href":"https:\/\/tucomarca.whitekongsoftware.com\/ca\/wp-json\/wp\/v2\/categories?post=211139"},{"taxonomy":"post_tag","embeddable":true,"href":"https:\/\/tucomarca.whitekongsoftware.com\/ca\/wp-json\/wp\/v2\/tags?post=211139"}],"curies":[{"name":"wp","href":"https:\/\/api.w.org\/{rel}","templated":true}]}}