{"id":211081,"date":"2024-02-13T20:00:00","date_gmt":"2024-02-13T19:00:00","guid":{"rendered":"https:\/\/www.tucomarca.com\/wordpress\/segunda\/?p=211081"},"modified":"2024-02-13T21:21:03","modified_gmt":"2024-02-13T20:21:03","slug":"video-teresa-de-cofrents-acull-la-presentacio-de-les-millores-en-prevencio-dincendis-de-lobservatori-del-caroche","status":"publish","type":"post","link":"https:\/\/tucomarca.whitekongsoftware.com\/ca\/video-teresa-de-cofrents-acull-la-presentacio-de-les-millores-en-prevencio-dincendis-de-lobservatori-del-caroche\/","title":{"rendered":"V\u00eddeo: Teresa de Cofrents acull la presentaci\u00f3 de les millores en prevenci\u00f3 d&#8217;incendis implementades en l&#8217;Observatori del Caroche"},"content":{"rendered":"\n<figure class=\"wp-block-embed is-type-video is-provider-youtube wp-block-embed-youtube wp-embed-aspect-16-9 wp-has-aspect-ratio\"><div class=\"wp-block-embed__wrapper\">\n<iframe loading=\"lazy\" title=\"V\u00eddeo: presentaci\u00f3n en Teresa de Cofrentes de mejoras en el Observatorio de Caroche de la red COMDES\" width=\"500\" height=\"281\" src=\"https:\/\/www.youtube.com\/embed\/gaUeT7-dKg4?feature=oembed\" frameborder=\"0\" allow=\"accelerometer; autoplay; clipboard-write; encrypted-media; gyroscope; picture-in-picture; web-share\" referrerpolicy=\"strict-origin-when-cross-origin\" allowfullscreen><\/iframe>\n<\/div><\/figure>\n\n\n\n<p class=\"wp-block-paragraph\">La Consellera d&#8217;Hisenda, Ruth Merino, i la Consellera de Just\u00edcia, Elisa N\u00fa\u00f1ez, han signat a Teresa de Cofrents un acord de col\u00b7laboraci\u00f3 per a la instal\u00b7laci\u00f3 de m\u00e9s estacions de la xarxa COMDES amb energies renovables en observatoris forestals.<\/p>\n\n\n\n<p class=\"wp-block-paragraph\">Tant l&#8217;alcalde de Teresa de Cofrents, Jos\u00e9 Javier Jim\u00e9nez, com la regidora de Desenvolupament, Isabel Fern\u00e1ndez, han aprofitat per a reclamar m\u00e9s atenci\u00f3 de les Administracions sobre els xicotets municipis de l&#8217;interior valenci\u00e0.<\/p>\n\n\n\n<p class=\"wp-block-paragraph\">Els equips d&#8217;emerg\u00e8ncies i seguretat comptaran amb un servei robust de comunicacions digitals en aquesta zona de dif\u00edcil acc\u00e9s, la qual cosa millorar\u00e0 les labors de prevenci\u00f3 i extinci\u00f3 d&#8217;incendis. La nova instal\u00b7laci\u00f3 de l&#8217;Observatori Forestal de Caroche es proveir\u00e0 amb energia subministrada per panells solars i permetr\u00e0 comptar amb connectivitat de dades.<\/p>\n","protected":false},"excerpt":{"rendered":"<div class=\"mh-excerpt\">La Consellera d&#8217;Hisenda, Ruth Merino, i la Consellera de Just\u00edcia, Elisa N\u00fa\u00f1ez, han signat a Teresa de Cofrents un acord de col\u00b7laboraci\u00f3 per a la instal\u00b7laci\u00f3 de m\u00e9s estacions de la xarxa COMDES amb energies <a class=\"mh-excerpt-more\" href=\"https:\/\/tucomarca.whitekongsoftware.com\/ca\/video-teresa-de-cofrents-acull-la-presentacio-de-les-millores-en-prevencio-dincendis-de-lobservatori-del-caroche\/\" title=\"V\u00eddeo: Teresa de Cofrents acull la presentaci\u00f3 de les millores en prevenci\u00f3 d&#8217;incendis implementades en l&#8217;Observatori del Caroche\">[+] <\/a><\/div>\n","protected":false},"author":1,"featured_media":211079,"comment_status":"open","ping_status":"open","sticky":false,"template":"","format":"video","meta":{"footnotes":""},"categories":[10951,10898,10948,10894,10904,10903,10947,10896,10958,11062],"tags":[11216,11415],"class_list":["post-211081","post","type-post","status-publish","format-video","has-post-thumbnail","category-ayora-cofrentes-ca","category-ventana-ca","category-infraestructuras-ca","category-la-comarca-ca","category-sin-categorizar-ca","category-medio-ambiente-la-comarca-ca","category-politica","category-seccion-ca","category-teresa-de-cofrentes-ca","category-videos","tag-ayora-cofrentes-ca","tag-teresa-de-cofrentes-ca","post_format-post-format-video"],"_links":{"self":[{"href":"https:\/\/tucomarca.whitekongsoftware.com\/ca\/wp-json\/wp\/v2\/posts\/211081","targetHints":{"allow":["GET"]}}],"collection":[{"href":"https:\/\/tucomarca.whitekongsoftware.com\/ca\/wp-json\/wp\/v2\/posts"}],"about":[{"href":"https:\/\/tucomarca.whitekongsoftware.com\/ca\/wp-json\/wp\/v2\/types\/post"}],"author":[{"embeddable":true,"href":"https:\/\/tucomarca.whitekongsoftware.com\/ca\/wp-json\/wp\/v2\/users\/1"}],"replies":[{"embeddable":true,"href":"https:\/\/tucomarca.whitekongsoftware.com\/ca\/wp-json\/wp\/v2\/comments?post=211081"}],"version-history":[{"count":0,"href":"https:\/\/tucomarca.whitekongsoftware.com\/ca\/wp-json\/wp\/v2\/posts\/211081\/revisions"}],"wp:featuredmedia":[{"embeddable":true,"href":"https:\/\/tucomarca.whitekongsoftware.com\/ca\/wp-json\/wp\/v2\/media\/211079"}],"wp:attachment":[{"href":"https:\/\/tucomarca.whitekongsoftware.com\/ca\/wp-json\/wp\/v2\/media?parent=211081"}],"wp:term":[{"taxonomy":"category","embeddable":true,"href":"https:\/\/tucomarca.whitekongsoftware.com\/ca\/wp-json\/wp\/v2\/categories?post=211081"},{"taxonomy":"post_tag","embeddable":true,"href":"https:\/\/tucomarca.whitekongsoftware.com\/ca\/wp-json\/wp\/v2\/tags?post=211081"}],"curies":[{"name":"wp","href":"https:\/\/api.w.org\/{rel}","templated":true}]}}