{"id":210897,"date":"2024-02-12T07:30:00","date_gmt":"2024-02-12T06:30:00","guid":{"rendered":"https:\/\/www.tucomarca.com\/wordpress\/segunda\/?p=210897"},"modified":"2024-02-12T20:28:44","modified_gmt":"2024-02-12T19:28:44","slug":"la-diputacio-de-valencia-i-lavl-presenten-dos-comics-per-a-fomentar-el-patrimoni-cultural-i-linguistic-valencia","status":"publish","type":"post","link":"https:\/\/tucomarca.whitekongsoftware.com\/ca\/la-diputacio-de-valencia-i-lavl-presenten-dos-comics-per-a-fomentar-el-patrimoni-cultural-i-linguistic-valencia\/","title":{"rendered":"La Diputaci\u00f3 de Val\u00e8ncia i l\u2019AVL presenten dos c\u00f2mics per a fomentar el patrimoni cultural i ling\u00fc\u00edstic valenci\u00e0"},"content":{"rendered":"\n<h3 class=\"wp-block-heading\">Amb la publicaci\u00f3 d&#8217;estos exemplars, ja s&#8217;han publicat 8 c\u00f2mics en el si d&#8217;esta col\u00b7laboraci\u00f3 entre les dos institucions.<\/h3>\n\n\n\n<h3 class=\"wp-block-heading\">El president de la Diputaci\u00f3 de Val\u00e8ncia, Vicent Momp\u00f3, assegura que la corporaci\u00f3 provincial \u201ccontinuar\u00e0 impulsant iniciatives que permeten la difusi\u00f3 de la nostra llengua\u201d.<\/h3>\n\n\n\n<h3 class=\"wp-block-heading\">La presidenta de L\u2019Acad\u00e8mia Valenciana de la Llengua, Ver\u00f2nica Cant\u00f3, ha qualificat de \u201cmolt valuosa\u201d la col\u00b7laboraci\u00f3 amb la Diputaci\u00f3.<\/h3>\n\n\n\n<figure class=\"wp-block-image size-full\"><img loading=\"lazy\" decoding=\"async\" width=\"886\" height=\"591\" src=\"http:\/\/www.tucomarca.com\/wordpress\/segunda\/wp-content\/uploads\/2024\/02\/DipuComics1.jpg\" alt=\"\" class=\"wp-image-210892\" srcset=\"https:\/\/tucomarca.whitekongsoftware.com\/wp-content\/uploads\/2024\/02\/DipuComics1.jpg 886w, https:\/\/tucomarca.whitekongsoftware.com\/wp-content\/uploads\/2024\/02\/DipuComics1-300x200.jpg 300w, https:\/\/tucomarca.whitekongsoftware.com\/wp-content\/uploads\/2024\/02\/DipuComics1-768x512.jpg 768w\" sizes=\"auto, (max-width: 886px) 100vw, 886px\" \/><\/figure>\n\n\n\n<p class=\"wp-block-paragraph\">La Diputaci\u00f3 de Val\u00e8ncia i l\u2019AVL han presentat dos c\u00f2mics per a fomentar el patrimoni cultural i ling\u00fc\u00edstic valenci\u00e0. Els dos exemplars formen part d&#8217;una s\u00e8rie de c\u00f2mics que les dos institucions han editat conjuntament per a difondre les festes i tradicions valencianes. Els dos c\u00f2mics, \u2018Maig a Xulilla. La Enram\u00e1\u2019 i \u2018El tresor d\u2019Al-Buferet.Una travessia en vela llatina\u2019 es repartiran als col\u00b7legis i ajuntaments de la prov\u00edncia de Val\u00e8ncia com s&#8217;ha fet amb les sis publicacions anteriors.<\/p>\n\n\n\n<p class=\"wp-block-paragraph\">El president de la Diputaci\u00f3 de Val\u00e8ncia, Vicent Momp\u00f3, ha assegurat que la corporaci\u00f3 provincial \u201ccontinuar\u00e0 impulsant iniciatives que permeten la difusi\u00f3 de la nostra llengua\u201d. \u201cVolem que la Diputaci\u00f3 siga un estendard de \u2018valenciania\u2019, ac\u00ed es treballa i es treballar\u00e0 per la nostra llengua, per a garantir que el valenci\u00e0 seguisca present als nostres carrers, als nostres pobles i en tot el<br>territori\u201d, ha asseverat.<\/p>\n\n\n\n<p class=\"wp-block-paragraph\">Igualment, ha defensat Momp\u00f3, \u201csom afortunats de tindre una llengua pr\u00f2pia; \u00e9s la llengua de totes i de tots, dels quals la parlem tots els dies, dels quals ho han apr\u00e9s a les aules o a trav\u00e9s dels nostres pares o iaios\u201d. Per aix\u00f2, ha remarcat, \u201cla Diputaci\u00f3 sempre estar\u00e0 per a parlar-la, difondre-la i voler-la\u201d.<\/p>\n\n\n\n<p class=\"wp-block-paragraph\">Per part seua, la presidenta de L\u2019Acad\u00e8mia Valenciana de la Llengua, Ver\u00f2nica Cant\u00f3, ha agra\u00eft la col\u00b7laboraci\u00f3 amb la instituci\u00f3 provincial, que ha qualificat de \u201cmolt valuosa\u201d. A m\u00e9s, ha explicat que \u201cesta col\u00b7lecci\u00f3 tem\u00e0tica posa l&#8217;accent en con\u00e9ixer i descobrir fets i personatges valencians que formen part del nostre patrimoni cultural i ling\u00fc\u00edstic, amb l&#8217;atractiu de narrar hist\u00f2ries que van acompanyades de la for\u00e7a gr\u00e0fica de la il\u00b7lustraci\u00f3\u201d. \u201cEstan dirigides a un p\u00fablic ampli i contades de manera amena amb una intenci\u00f3 divulgativa i did\u00e0ctica, perqu\u00e8 el dibuix \u00e9s un recurs comunicatiu universal i inclusiu\u201d, ha concretat Cant\u00f3.<\/p>\n\n\n\n<p class=\"wp-block-paragraph\"><strong>Maig a Xulilla. La Enram\u00e1<\/strong><\/p>\n\n\n\n<p class=\"wp-block-paragraph\">Amb gui\u00f3 de Vicent Sebasti\u00e1n-Fabuel i il\u00b7lustracions de Nuria Tamarit, es planteja com un instrument per a valorar la parla xurra. Aix\u00ed, ha explicat la responsable de la Unitat de Normalitzaci\u00f3 Ling\u00fc\u00edstica de la Diputaci\u00f3, Imma Cerd\u00e0, \u201cesta parla es distingix, per la interrelaci\u00f3 entre lleng\u00fces, com a frontera o transici\u00f3, com a espai de trobada i enriquiment rec\u00edproc\u201d. De la mateixa manera, ha detallat Sebasti\u00e1n-Fabuel, \u201cla parla xurra s&#8217;ha relacionat moltes vegades amb la falsa idea de parlar malament, i per aix\u00f2 hui dia forma part sobretot del patrimoni de les persones majors, encara que continua present per a nomenar objectes, eines o accions relacionades amb les activitats tradicionals\u201d.<\/p>\n\n\n\n<p class=\"wp-block-paragraph\">El c\u00f2mic narra la visita d&#8217;uns j a Xulilla per a disfrutar de la tradicional festa de La Enram\u00e0 i els Mayos. Els protagonistes de la hist\u00f2ria disfruten d&#8217;estos ritus que combinen motius vegetals, amorosos i passos de joventut fonamentats en la celebraci\u00f3 dels elements de la naturalesa que marquen el tr\u00e0nsit d&#8217;una etapa a una altra de manera c\u00edclica. Es tracta d&#8217;una festa immemorial que, despr\u00e9s del par\u00e8ntesi de la guerra civil, es va recuperar en 1943 amb la celebraci\u00f3 de La Enram\u00e1. El cas dels Mayos no es va restablir fins al 1949.<\/p>\n\n\n\n<p class=\"wp-block-paragraph\"><strong>El tresor d\u2019Al-Buferet. Una travessia en vela llatina.<\/strong><\/p>\n\n\n\n<p class=\"wp-block-paragraph\">\u00c0lex Mart\u00ednez i Andrea CL s\u00f3n els encarregats de contar i il\u00b7lustrar l&#8217;aventura del segon c\u00f2mic. Una travessia en vela llatina que narra la hist\u00f2ria de Mireia i Quico, dos germans de Catarroja que troben un mapa molt vell soterrat al pati de la seua casa. El pergam\u00ed, escrit en \u00e0rab, detalla la ubicaci\u00f3 d&#8217;un tresor propietat d&#8217;Al-Buferet, un antic habitant de la marjal. Ser\u00e0 precisament el fantasma del mateix Al-Buferet, invocat pel xicotet dels germans, els qui guiar\u00e0 els dos joves a trav\u00e9s de les aig\u00fces de l&#8217;Albufera, a la recerca del seu tresor. Una aventura que els tres recorreran a bord de la barqueta del iaio, \u2018Samaruc\u2019, abra\u00e7ant-se al vent amb l&#8217;ajuda d&#8217;una majestuosa vela llatina.<br><br>Durant la travessia, els xiquets coneixeran la hist\u00f2ria de la vela llatina, els aparells de la barca, les formes de navegaci\u00f3 i alguns llocs de la llacuna. En opini\u00f3 del guionista, el c\u00f2mic \u201cpot ser l&#8217;espurna que encenga la curiositat d&#8217;alguns xiquets i els motive a aprendre els secrets de la vela llatina. Crec que \u00e9s un tresor que no podem permetre que caiga en l&#8217;oblit, i la mem\u00f2ria no t\u00e9 continu\u00eftat sense un relleu generacional\u201d. Aix\u00ed mateix, Mart\u00ednez destaca l&#8217;elecci\u00f3 dels colors que ha fet Andrea CL per a il\u00b7lustrar l&#8217;aventura. \u201cHi ha una intenci\u00f3 clara, que \u00e9s la d&#8217;allunyar-se dels colors habituals que associar\u00edem a un c\u00f2mic ambientat en l&#8217;Albufera. Vol\u00edem sorprendre, que impactara i que tinguera una aparen\u00e7a m\u00e9s contempor\u00e0nia\u201d, ha esgrimit.<\/p>\n","protected":false},"excerpt":{"rendered":"<div class=\"mh-excerpt\">Amb la publicaci\u00f3 d&#8217;estos exemplars, ja s&#8217;han publicat 8 c\u00f2mics en el si d&#8217;esta col\u00b7laboraci\u00f3 entre les dos institucions. El president de la Diputaci\u00f3 de Val\u00e8ncia, Vicent Momp\u00f3, assegura que la corporaci\u00f3 provincial \u201ccontinuar\u00e0 impulsant <a class=\"mh-excerpt-more\" href=\"https:\/\/tucomarca.whitekongsoftware.com\/ca\/la-diputacio-de-valencia-i-lavl-presenten-dos-comics-per-a-fomentar-el-patrimoni-cultural-i-linguistic-valencia\/\" title=\"La Diputaci\u00f3 de Val\u00e8ncia i l\u2019AVL presenten dos c\u00f2mics per a fomentar el patrimoni cultural i ling\u00fc\u00edstic valenci\u00e0\">[+] <\/a><\/div>\n","protected":false},"author":12,"featured_media":210895,"comment_status":"open","ping_status":"open","sticky":false,"template":"","format":"image","meta":{"footnotes":""},"categories":[10898,10894,10904,11007,10947,10896],"tags":[11246],"class_list":["post-210897","post","type-post","status-publish","format-image","has-post-thumbnail","category-ventana-ca","category-la-comarca-ca","category-sin-categorizar-ca","category-ocio-y-cultura-ca","category-politica","category-seccion-ca","tag-diputacio-de-valencia-ca","post_format-post-format-image"],"_links":{"self":[{"href":"https:\/\/tucomarca.whitekongsoftware.com\/ca\/wp-json\/wp\/v2\/posts\/210897","targetHints":{"allow":["GET"]}}],"collection":[{"href":"https:\/\/tucomarca.whitekongsoftware.com\/ca\/wp-json\/wp\/v2\/posts"}],"about":[{"href":"https:\/\/tucomarca.whitekongsoftware.com\/ca\/wp-json\/wp\/v2\/types\/post"}],"author":[{"embeddable":true,"href":"https:\/\/tucomarca.whitekongsoftware.com\/ca\/wp-json\/wp\/v2\/users\/12"}],"replies":[{"embeddable":true,"href":"https:\/\/tucomarca.whitekongsoftware.com\/ca\/wp-json\/wp\/v2\/comments?post=210897"}],"version-history":[{"count":0,"href":"https:\/\/tucomarca.whitekongsoftware.com\/ca\/wp-json\/wp\/v2\/posts\/210897\/revisions"}],"wp:featuredmedia":[{"embeddable":true,"href":"https:\/\/tucomarca.whitekongsoftware.com\/ca\/wp-json\/wp\/v2\/media\/210895"}],"wp:attachment":[{"href":"https:\/\/tucomarca.whitekongsoftware.com\/ca\/wp-json\/wp\/v2\/media?parent=210897"}],"wp:term":[{"taxonomy":"category","embeddable":true,"href":"https:\/\/tucomarca.whitekongsoftware.com\/ca\/wp-json\/wp\/v2\/categories?post=210897"},{"taxonomy":"post_tag","embeddable":true,"href":"https:\/\/tucomarca.whitekongsoftware.com\/ca\/wp-json\/wp\/v2\/tags?post=210897"}],"curies":[{"name":"wp","href":"https:\/\/api.w.org\/{rel}","templated":true}]}}