{"id":210812,"date":"2024-02-12T12:00:00","date_gmt":"2024-02-12T11:00:00","guid":{"rendered":"https:\/\/www.tucomarca.com\/wordpress\/segunda\/?p=210812"},"modified":"2024-02-12T19:22:17","modified_gmt":"2024-02-12T18:22:17","slug":"lalcaldessa-de-bunyol-trasllada-a-jose-vicente-anaya-roig-lesborrany-del-futur-centre-de-dia-de-la-localitat","status":"publish","type":"post","link":"https:\/\/tucomarca.whitekongsoftware.com\/ca\/lalcaldessa-de-bunyol-trasllada-a-jose-vicente-anaya-roig-lesborrany-del-futur-centre-de-dia-de-la-localitat\/","title":{"rendered":"L&#8217;alcaldessa de Bunyol trasllada a Jos\u00e9 Vicente Anaya Roig l&#8217;esborrany del futur Centre de Dia de la localitat"},"content":{"rendered":"\n<h3 class=\"wp-block-heading\">L&#8217;alcaldessa de Bunyol ha rebut la visita del Director General del Sistema Sociosanitari de la Generalitat Valenciana i alcalde d&#8217;Aiora, Jos\u00e9 Vicente Anaya Roig, i li ha traslladat l&#8217;esborrany del futur Centre de Dia en la localitat.<\/h3>\n\n\n\n<h3 class=\"wp-block-heading\">Virginia Sanz, Alcaldessa de Bunyol, Luc\u00eda Villar i Tamara D\u00edaz, regidores, li han transm\u00e9s la necessitat de comptar amb un Centre de Dia, i que estaria situat en l&#8217;Antic Escorxador Municipal.&nbsp;<\/h3>\n\n\n\n<p class=\"wp-block-paragraph\">Virginia Sanz, alcaldessa de Bunyol, acompanyada de les regidores Luc\u00eda Villar i Tamara D\u00edaz, han rebut aquest mat\u00ed la visita de Jos\u00e9 Vicente Anaya Roig, per a l&#8217;organitzaci\u00f3 del Contracte Programa 2025-2028. Aquest programa gestiona assumptes tan importants en la localitat com el Centre Ocupacional o el departament de Serveis Socials de l&#8217;Ajuntament. A m\u00e9s, tamb\u00e9 la primer edil bu\u00f1olense, li ha transm\u00e9s al Director General del Sistema Sociosanitari i de l&#8217;Institut Valenci\u00e0 de Formaci\u00f3, Investigaci\u00f3 i Qualitat dels Serveis Socials, pertanyent a la Vicepresid\u00e8ncia Segona i Conselleria de Serveis Socials, Igualtat i Habitatge, un dels grans objectius i projectes necessaris per a la ciutadania com \u00e9s un Centre de Dia. Li han facilitat un esborrany del projecte amb la finalitat d&#8217;agilitzar al m\u00e0xim aquesta primera fase. La seg\u00fcent seria la reuni\u00f3 en aquesta Conselleria.\u00a0<\/p>\n\n\n\n<p class=\"wp-block-paragraph\">Virginia Sanz confirma que des d&#8217;octubre aquest projecte ha comen\u00e7at a ser una realitat. \u201cSe li ha presentat un esborrany i el lloc on se situaria, que \u00e9s en l&#8217;Antic Escorxador de la localitat, perqu\u00e8 creiem que \u00e9s una cosa molt necess\u00e0ria i demandat per a la nostra poblaci\u00f3, els nostres ve\u00efns i les nostres fam\u00edlies\u201d.<\/p>\n\n\n\n<p class=\"wp-block-paragraph\">Jos\u00e9 Vicente Anaya ha mostrat un gran inter\u00e9s per aquest projecte social en la localitat, especialment de part de la Consellera de Serveis Socials, Igualtat i Habitatge, Susana Camarero, que li ha transm\u00e9s una especial disposici\u00f3 per aquest projecte social tan interessant i necessari a Bunyol. \u00a0<\/p>\n","protected":false},"excerpt":{"rendered":"<div class=\"mh-excerpt\">L&#8217;alcaldessa de Bunyol ha rebut la visita del Director General del Sistema Sociosanitari de la Generalitat Valenciana i alcalde d&#8217;Aiora, Jos\u00e9 Vicente Anaya Roig, i li ha traslladat l&#8217;esborrany del futur Centre de Dia en <a class=\"mh-excerpt-more\" href=\"https:\/\/tucomarca.whitekongsoftware.com\/ca\/lalcaldessa-de-bunyol-trasllada-a-jose-vicente-anaya-roig-lesborrany-del-futur-centre-de-dia-de-la-localitat\/\" title=\"L&#8217;alcaldessa de Bunyol trasllada a Jos\u00e9 Vicente Anaya Roig l&#8217;esborrany del futur Centre de Dia de la localitat\">[+] <\/a><\/div>\n","protected":false},"author":12,"featured_media":210810,"comment_status":"open","ping_status":"open","sticky":false,"template":"","format":"standard","meta":{"footnotes":""},"categories":[10954,10951,10911,10948,10894,10912,10947,10896],"tags":[10913,14429,12891,10914],"class_list":["post-210812","post","type-post","status-publish","format-standard","has-post-thumbnail","category-ayora-ca","category-ayora-cofrentes-ca","category-bunol-ca","category-infraestructuras-ca","category-la-comarca-ca","category-la-hoya-ca","category-politica","category-seccion-ca","tag-bunol-ca","tag-centro-de-dia-ca","tag-jose-vicente-anaya-ca","tag-la-hoya-de-bunol-chiva-ca"],"_links":{"self":[{"href":"https:\/\/tucomarca.whitekongsoftware.com\/ca\/wp-json\/wp\/v2\/posts\/210812","targetHints":{"allow":["GET"]}}],"collection":[{"href":"https:\/\/tucomarca.whitekongsoftware.com\/ca\/wp-json\/wp\/v2\/posts"}],"about":[{"href":"https:\/\/tucomarca.whitekongsoftware.com\/ca\/wp-json\/wp\/v2\/types\/post"}],"author":[{"embeddable":true,"href":"https:\/\/tucomarca.whitekongsoftware.com\/ca\/wp-json\/wp\/v2\/users\/12"}],"replies":[{"embeddable":true,"href":"https:\/\/tucomarca.whitekongsoftware.com\/ca\/wp-json\/wp\/v2\/comments?post=210812"}],"version-history":[{"count":0,"href":"https:\/\/tucomarca.whitekongsoftware.com\/ca\/wp-json\/wp\/v2\/posts\/210812\/revisions"}],"wp:featuredmedia":[{"embeddable":true,"href":"https:\/\/tucomarca.whitekongsoftware.com\/ca\/wp-json\/wp\/v2\/media\/210810"}],"wp:attachment":[{"href":"https:\/\/tucomarca.whitekongsoftware.com\/ca\/wp-json\/wp\/v2\/media?parent=210812"}],"wp:term":[{"taxonomy":"category","embeddable":true,"href":"https:\/\/tucomarca.whitekongsoftware.com\/ca\/wp-json\/wp\/v2\/categories?post=210812"},{"taxonomy":"post_tag","embeddable":true,"href":"https:\/\/tucomarca.whitekongsoftware.com\/ca\/wp-json\/wp\/v2\/tags?post=210812"}],"curies":[{"name":"wp","href":"https:\/\/api.w.org\/{rel}","templated":true}]}}