{"id":210781,"date":"2024-02-11T16:00:00","date_gmt":"2024-02-11T15:00:00","guid":{"rendered":"https:\/\/www.tucomarca.com\/wordpress\/segunda\/?p=210781"},"modified":"2024-02-11T22:35:20","modified_gmt":"2024-02-11T21:35:20","slug":"riba-roja-de-turia-felicita-12-alumnes-de-primaria-i-secundaria-de-la-localitat-pels-seus-expedients-academics-de-excellencia-durant-el-passat-curs-escolar","status":"publish","type":"post","link":"https:\/\/tucomarca.whitekongsoftware.com\/ca\/riba-roja-de-turia-felicita-12-alumnes-de-primaria-i-secundaria-de-la-localitat-pels-seus-expedients-academics-de-excellencia-durant-el-passat-curs-escolar\/","title":{"rendered":"Riba-roja de T\u00faria felicita 12 alumnes de prim\u00e0ria i secund\u00e0ria de la localitat pels seus expedients acad\u00e8mics de \u201cexcel\u00b7l\u00e8ncia\u201d durant el passat curs escolar\u00a0"},"content":{"rendered":"\n<h3 class=\"wp-block-heading\">El ple municipal aprova, de manera un\u00e0nime, una felicitaci\u00f3 a tots els estudiants pel seu esfor\u00e7, la seua dedicaci\u00f3 i el seu rendiment acad\u00e8mic.<\/h3>\n\n\n\n<p class=\"wp-block-paragraph\">El ple de l&#8217;Ajuntament de Riba-roja de T\u00faria ha aprovat per unanimitat de tots els seus partits pol\u00edtics una felicitaci\u00f3 p\u00fablica als dotze alumnes premiats pel seu rendiment acad\u00e8mic al llarg del passat curs escolar 2022-2023. La resoluci\u00f3 de l&#8217;equip de govern del PSPV ha comptat amb el suport de la resta de formacions pol\u00edtiques amb representaci\u00f3, \u00e9s a dir, el Partit Popular, Comprom\u00eds, Esquerra Unida-Podem i Vox.\u00a0<\/p>\n\n\n\n<p class=\"wp-block-paragraph\">La felicitaci\u00f3 de la corporaci\u00f3 municipal suposa un reconeixement als dotze alumnes despr\u00e9s d&#8217;obtindre la concessi\u00f3 dels premis extraordinaris que concedeix al Conselleria d&#8217;Educaci\u00f3, Universitats i Ocupaci\u00f3 al rendiment acad\u00e8mic d&#8217;Educaci\u00f3 Prim\u00e0ria i Secund\u00e0ria corresponent al curs escolar 2022-2023 despr\u00e9s d&#8217;avaluar el treball i la tasca duta a terme durant el citat per\u00edode de temps.&nbsp;<\/p>\n\n\n\n<p class=\"wp-block-paragraph\">La felicitaci\u00f3 de l&#8217;equip de govern i de la resta de formacions als dotze estudiants per la seua formaci\u00f3 acad\u00e8mica \u00e9s un reconeixement \u201cal seu esfor\u00e7 i dedicaci\u00f3, un orgull recon\u00e9ixer els seus m\u00e8rits i animar-los a seguir per aquest cam\u00ed d&#8217;aprenentatge continu, inter\u00e9s per la cultura i curiositat en el coneixement; felicitem a ells, i als seus equips docents que amb la seua dedicaci\u00f3 i esfor\u00e7 han contribu\u00eft a la seua formaci\u00f3 i esperit de superaci\u00f3\u201d.&nbsp;<\/p>\n\n\n\n<p class=\"wp-block-paragraph\">En total, es tracta de dotze alumnes en total, d&#8217;ells huit de prim\u00e0ria i els quatre restants de secund\u00e0ria de centres. Es tracta de Paula Mart\u00ed P\u00e9rez del col\u00b7legi La nostra Senyora de l&#8217;Asunci\u00f3n, Eduard Fita Soriano del centre La nostra Senyora de l&#8217;Asunci\u00f3n, Sofia L\u00f3pez Herr\u00e1iz, de La nostra Senyora de l&#8217;Asunci\u00f3n, Albert Comins Va\u00f1\u00f3 del col\u00b7legi Cervantes, Nora P\u00e9rez Dur\u00e1n, del col\u00b7legi Mes d\u2019Escote, Dar\u00edo Mart\u00ednez Garv\u00ed, del Mes d\u2019Escote, Neus Alc\u00e0sser Fuentes, del Mes d\u2019Escote i, finalment, Carmen Mart\u00ed Teres\u00ed, del col\u00b7legi Camp de T\u00faria.&nbsp;<\/p>\n\n\n\n<p class=\"wp-block-paragraph\">Per part seua, els alumnes d&#8217;educaci\u00f3 secund\u00e0ria dels centres educatius de Riba-roja de T\u00faria s&#8217;estenen a Rub\u00e9n Ballester Tola del centre La nostra Senyora de l&#8217;Asunci\u00f3n, Luc\u00eda Ruiz Paredes, del centre La nostra Senyora de l&#8217;Asunci\u00f3n, Vicente Sim\u00f3 Romero del col\u00b7legi La nostra Senyora de l&#8217;Asunci\u00f3n i, finalment, Irene Serrano A\u00f1\u00f3, del col\u00b7legi Entrenaranjos de Riba-roja de T\u00faria.&nbsp;<\/p>\n\n\n\n<p class=\"wp-block-paragraph\">La felicitaci\u00f3 del ple municipal de Riba-roja de T\u00faria, tant de l&#8217;equip de govern com de la resta de formacions pol\u00edtiques se centra en recon\u00e9ixer l&#8217;excel\u00b7lent rendiment acad\u00e8mic dels alumnes, aix\u00ed com als equips docents dels respectius centres educatius premiats per la seua contribuci\u00f3 i empla\u00e7a als alumnes i els seus familiars a un acte de reconeixement que tindr\u00e0 lloc el pr\u00f2xim 28 de febrer en la sala d&#8217;actes consistorial.&nbsp;<\/p>\n\n\n\n<p class=\"wp-block-paragraph\">L&#8217;alcalde de Riba-roja de T\u00faria, Robert Raga, ha afirmat que es tracta d&#8217;un reconeixement \u201cmolt important en el municipi puix que es tracta de posar en valor en la mesura que tots ells es mereixen en esfor\u00e7, dedicaci\u00f3 i ganes de superaci\u00f3 i, al mateix temps, \u00e9s el moment de recon\u00e9ixer el valor que el factor hum\u00e0 t\u00e9 en la societat actual i, per aix\u00f2, els emplacem a continuar la mateixa senda, del treball i l&#8217;estudi\u201d.<\/p>\n","protected":false},"excerpt":{"rendered":"<div class=\"mh-excerpt\">El ple municipal aprova, de manera un\u00e0nime, una felicitaci\u00f3 a tots els estudiants pel seu esfor\u00e7, la seua dedicaci\u00f3 i el seu rendiment acad\u00e8mic. El ple de l&#8217;Ajuntament de Riba-roja de T\u00faria ha aprovat per <a class=\"mh-excerpt-more\" href=\"https:\/\/tucomarca.whitekongsoftware.com\/ca\/riba-roja-de-turia-felicita-12-alumnes-de-primaria-i-secundaria-de-la-localitat-pels-seus-expedients-academics-de-excellencia-durant-el-passat-curs-escolar\/\" title=\"Riba-roja de T\u00faria felicita 12 alumnes de prim\u00e0ria i secund\u00e0ria de la localitat pels seus expedients acad\u00e8mics de \u201cexcel\u00b7l\u00e8ncia\u201d durant el passat curs escolar\u00a0\">[+] <\/a><\/div>\n","protected":false},"author":1,"featured_media":200743,"comment_status":"open","ping_status":"open","sticky":false,"template":"","format":"standard","meta":{"footnotes":""},"categories":[10892,10894,10947,10906,10896],"tags":[10899,10907],"class_list":["post-210781","post","type-post","status-publish","format-standard","has-post-thumbnail","category-camp-de-turia-ca","category-la-comarca-ca","category-politica","category-riba-roja-ca","category-seccion-ca","tag-camp-de-turia-ca","tag-riba-roja-del-turia-ca"],"_links":{"self":[{"href":"https:\/\/tucomarca.whitekongsoftware.com\/ca\/wp-json\/wp\/v2\/posts\/210781","targetHints":{"allow":["GET"]}}],"collection":[{"href":"https:\/\/tucomarca.whitekongsoftware.com\/ca\/wp-json\/wp\/v2\/posts"}],"about":[{"href":"https:\/\/tucomarca.whitekongsoftware.com\/ca\/wp-json\/wp\/v2\/types\/post"}],"author":[{"embeddable":true,"href":"https:\/\/tucomarca.whitekongsoftware.com\/ca\/wp-json\/wp\/v2\/users\/1"}],"replies":[{"embeddable":true,"href":"https:\/\/tucomarca.whitekongsoftware.com\/ca\/wp-json\/wp\/v2\/comments?post=210781"}],"version-history":[{"count":0,"href":"https:\/\/tucomarca.whitekongsoftware.com\/ca\/wp-json\/wp\/v2\/posts\/210781\/revisions"}],"wp:featuredmedia":[{"embeddable":true,"href":"https:\/\/tucomarca.whitekongsoftware.com\/ca\/wp-json\/wp\/v2\/media\/200743"}],"wp:attachment":[{"href":"https:\/\/tucomarca.whitekongsoftware.com\/ca\/wp-json\/wp\/v2\/media?parent=210781"}],"wp:term":[{"taxonomy":"category","embeddable":true,"href":"https:\/\/tucomarca.whitekongsoftware.com\/ca\/wp-json\/wp\/v2\/categories?post=210781"},{"taxonomy":"post_tag","embeddable":true,"href":"https:\/\/tucomarca.whitekongsoftware.com\/ca\/wp-json\/wp\/v2\/tags?post=210781"}],"curies":[{"name":"wp","href":"https:\/\/api.w.org\/{rel}","templated":true}]}}