{"id":210594,"date":"2024-02-09T09:15:00","date_gmt":"2024-02-09T08:15:00","guid":{"rendered":"https:\/\/www.tucomarca.com\/wordpress\/segunda\/?p=210594"},"modified":"2024-02-09T23:47:45","modified_gmt":"2024-02-09T22:47:45","slug":"elena-cervera-i-martina-camas-seran-exaltades-aquest-cap-de-setmana-com-a-falleres-majors-de-la-comissio-godayla-de-godelleta","status":"publish","type":"post","link":"https:\/\/tucomarca.whitekongsoftware.com\/ca\/elena-cervera-i-martina-camas-seran-exaltades-aquest-cap-de-setmana-com-a-falleres-majors-de-la-comissio-godayla-de-godelleta\/","title":{"rendered":"Elena Cervera i Martina Camas seran exaltades aquest cap de setmana com a Falleres majors de la comissi\u00f3 Godayla de Godelleta"},"content":{"rendered":"\n<p class=\"wp-block-paragraph\">Aquest dissabte la comissi\u00f3 de la Falla Godayla de Godelleta presentar\u00e0 a Elena Cervera Ruiz com a Fallera Major 2024 acompanyada pel seu president Francisco Luis Mart\u00ednez Navarro, i ser\u00e0 un dia especial per a Martina Camas Soldado i Borja Sede\u00f1o Pastor que es convertiran en la Fallera Major Infantil i President Infantil per al 2024.<\/p>\n\n\n\n<figure class=\"wp-block-image size-full\"><img loading=\"lazy\" decoding=\"async\" width=\"886\" height=\"573\" src=\"http:\/\/www.tucomarca.com\/wordpress\/segunda\/wp-content\/uploads\/2024\/02\/PresGodayla24.jpg\" alt=\"\" class=\"wp-image-210588\" srcset=\"https:\/\/tucomarca.whitekongsoftware.com\/wp-content\/uploads\/2024\/02\/PresGodayla24.jpg 886w, https:\/\/tucomarca.whitekongsoftware.com\/wp-content\/uploads\/2024\/02\/PresGodayla24-300x194.jpg 300w, https:\/\/tucomarca.whitekongsoftware.com\/wp-content\/uploads\/2024\/02\/PresGodayla24-768x497.jpg 768w\" sizes=\"auto, (max-width: 886px) 100vw, 886px\" \/><\/figure>\n","protected":false},"excerpt":{"rendered":"<div class=\"mh-excerpt\">Aquest dissabte la comissi\u00f3 de la Falla Godayla de Godelleta presentar\u00e0 a Elena Cervera Ruiz com a Fallera Major 2024 acompanyada pel seu president Francisco Luis Mart\u00ednez Navarro, i ser\u00e0 un dia especial per a <a class=\"mh-excerpt-more\" href=\"https:\/\/tucomarca.whitekongsoftware.com\/ca\/elena-cervera-i-martina-camas-seran-exaltades-aquest-cap-de-setmana-com-a-falleres-majors-de-la-comissio-godayla-de-godelleta\/\" title=\"Elena Cervera i Martina Camas seran exaltades aquest cap de setmana com a Falleres majors de la comissi\u00f3 Godayla de Godelleta\">[+] <\/a><\/div>\n","protected":false},"author":12,"featured_media":210592,"comment_status":"open","ping_status":"open","sticky":false,"template":"","format":"standard","meta":{"footnotes":""},"categories":[11019,10977,10894,10912,11007,10896],"tags":[18799,19154,11087,10914],"class_list":["post-210594","post","type-post","status-publish","format-standard","has-post-thumbnail","category-agenda-ca","category-godelleta-ca","category-la-comarca-ca","category-la-hoya-ca","category-ocio-y-cultura-ca","category-seccion-ca","tag-falla-godayla-ca","tag-fallas-2024-ca","tag-godelleta-ca","tag-la-hoya-de-bunol-chiva-ca"],"_links":{"self":[{"href":"https:\/\/tucomarca.whitekongsoftware.com\/ca\/wp-json\/wp\/v2\/posts\/210594","targetHints":{"allow":["GET"]}}],"collection":[{"href":"https:\/\/tucomarca.whitekongsoftware.com\/ca\/wp-json\/wp\/v2\/posts"}],"about":[{"href":"https:\/\/tucomarca.whitekongsoftware.com\/ca\/wp-json\/wp\/v2\/types\/post"}],"author":[{"embeddable":true,"href":"https:\/\/tucomarca.whitekongsoftware.com\/ca\/wp-json\/wp\/v2\/users\/12"}],"replies":[{"embeddable":true,"href":"https:\/\/tucomarca.whitekongsoftware.com\/ca\/wp-json\/wp\/v2\/comments?post=210594"}],"version-history":[{"count":0,"href":"https:\/\/tucomarca.whitekongsoftware.com\/ca\/wp-json\/wp\/v2\/posts\/210594\/revisions"}],"wp:featuredmedia":[{"embeddable":true,"href":"https:\/\/tucomarca.whitekongsoftware.com\/ca\/wp-json\/wp\/v2\/media\/210592"}],"wp:attachment":[{"href":"https:\/\/tucomarca.whitekongsoftware.com\/ca\/wp-json\/wp\/v2\/media?parent=210594"}],"wp:term":[{"taxonomy":"category","embeddable":true,"href":"https:\/\/tucomarca.whitekongsoftware.com\/ca\/wp-json\/wp\/v2\/categories?post=210594"},{"taxonomy":"post_tag","embeddable":true,"href":"https:\/\/tucomarca.whitekongsoftware.com\/ca\/wp-json\/wp\/v2\/tags?post=210594"}],"curies":[{"name":"wp","href":"https:\/\/api.w.org\/{rel}","templated":true}]}}