{"id":210441,"date":"2024-02-09T12:00:00","date_gmt":"2024-02-09T11:00:00","guid":{"rendered":"https:\/\/www.tucomarca.com\/wordpress\/segunda\/?p=210441"},"modified":"2024-02-09T20:22:13","modified_gmt":"2024-02-09T19:22:13","slug":"mompo-defensa-la-politica-realista-del-pp-al-senat-i-qualifica-de-imprescindible-la-primera-llei-feijoo-per-a-acabar-amb-lokupacio","status":"publish","type":"post","link":"https:\/\/tucomarca.whitekongsoftware.com\/ca\/mompo-defensa-la-politica-realista-del-pp-al-senat-i-qualifica-de-imprescindible-la-primera-llei-feijoo-per-a-acabar-amb-lokupacio\/","title":{"rendered":"Momp\u00f3 defensa la &#8220;pol\u00edtica realista&#8221; del PP al Senat i qualifica de &#8220;imprescindible&#8221; la primera Llei Feij\u00f3o per a acabar amb l&#8217;okupaci\u00f3"},"content":{"rendered":"\n<h3 class=\"wp-block-heading\">El president del PP de la prov\u00edncia de Val\u00e8ncia, Vicent Momp\u00f3, reivindica juntament amb els tres senadors per Val\u00e8ncia les iniciatives populars &#8220;per a millorar la vida dels valencians&#8221;.<\/h3>\n\n\n\n<h3 class=\"wp-block-heading\">El Senat aprova, a proposta popular, el primer tr\u00e0mit de la llei &#8220;antiokupa&#8221; per a desallotjar en 24 hores i frena el sostre de despesa proposada pel Govern per &#8220;discriminar autonomies i ajuntaments&#8221;.<\/h3>\n\n\n\n<h3 class=\"wp-block-heading\">El PP denuncia que &#8220;el Govern est\u00e0 deixant sense Gu\u00e0rdia Civil als municipis m\u00e9s xicotets&#8221;.<\/h3>\n\n\n\n<p class=\"wp-block-paragraph\">El president del PP de la prov\u00edncia de Val\u00e8ncia, Vicent Momp\u00f3, ha defensat &#8220;el treball del PP al Senat per a frenar la perillosa deriva de S\u00e1nchez&#8221;. &#8220;La majoria popular en la Cambra Alta est\u00e0 servint per a fer pol\u00edtica realista, solucionar els problemes dels valencians i millorar les seues vides&#8221;, ha esgrimit Momp\u00f3, qui ha posat d&#8217;exemple &#8220;la primera &#8216;Llei Feij\u00f3o&#8217;, un instrument imprescindible enfront del problema de l&#8217;ocupaci\u00f3 il\u00b7legal d&#8217;habitatges&#8221;.<\/p>\n\n\n\n<p class=\"wp-block-paragraph\">D&#8217;aquesta manera, ha destacat que &#8220;hui m\u00e9s que mai \u00e9s necess\u00e0ria la pol\u00edtica de sentit com\u00fa del PP&#8221;. &#8220;Aix\u00f2 \u00e9s el que estem fent al Senat i en la resta d&#8217;institucions&#8221;, ha assegurat Momp\u00f3, al mateix temps que ha enlletgit al PSOE &#8220;la seua metamorfosi sense precedents&#8221;.<\/p>\n\n\n\n<p class=\"wp-block-paragraph\">D&#8217;una banda, el portaveu d&#8217;Economia del PP al Senat, Gerardo Camps, ha celebrat que el PP haja aconseguit que la Cambra Alta rebutge el sostre de despesa &#8220;perqu\u00e8 perjudica i fa xantatge a les comunitats aut\u00f2nomes i ajuntaments, i endeuta a les actuals i futures generacions&#8221;. &#8220;Estem disposats a asseure&#8217;ns a negociar en la mateixa l\u00ednia del que defensava la ministra Montero quan era consellera d&#8217;Andalusia, abans demanava una cosa i ara ofereix una altra&#8221;, ha asseverat Camps, alhora que ha advertit que &#8220;\u00e9s el sostre de despesa m\u00e9s alta de la hist\u00f2ria, que obliga a una major pressi\u00f3 fiscal&#8221;. A m\u00e9s, ha detallat, &#8220;l&#8217;\u00faltima ra\u00f3 del nostre vot en contra \u00e9s que el PP no ser\u00e0 c\u00f2mplice dels quals pretenen fer xantatge i humiliar a aquest pa\u00eds com fan els grups que fan costat al Govern&#8221;.<\/p>\n\n\n\n<p class=\"wp-block-paragraph\">D&#8217;altra banda, el portaveu d&#8217;Interior del PP al Senat, Luis Santamar\u00eda, ha criticat que &#8220;el Govern pretenga tancar casernes de la Gu\u00e0rdia Civil de municipis xicotets, sobretot quan els \u00edndexs de criminalitat s&#8217;estan incrementant, en els primers 9 mesos de l&#8217;any 2023, a la Comunitat Valenciana va augmentar un 7,9%&#8221;, ha concretat Santamar\u00eda, qui ha volgut &#8220;deixar clar que Espanya \u00e9s un pa\u00eds segur&#8221;. En tot cas, ha argumentat, &#8220;ens neguem a admetre que es puga desconstruir la idea d&#8217;Espanya traient la Gu\u00e0rdia civil del territori nacional i que es fa\u00e7a el mateix ac\u00ed que ja s&#8217;ha fet a Catalunya i el Pa\u00eds Basc&#8221;.<\/p>\n\n\n\n<p class=\"wp-block-paragraph\">Finalment, la senadora Estela Darocas ha posat en relleu la presa en consideraci\u00f3 de llei antiokupa del PP, &#8220;una llei que endureix les penes i preveu el desallotjament en 24 hores&#8221;. &#8220;S\u00f3n accions concretes per a lluitar contra problemes reals que, en aquest cas estan creant les m\u00e0fies; el contrari al que fa S\u00e1nchez, que est\u00e0 centrat en blanquejar a pr\u00f2fugs de la just\u00edcia, encara que per a aix\u00f2 haja de retor\u00e7ar la Constituci\u00f3 i fer un mal enorme a aquest pa\u00eds&#8221;, ha explicat.<\/p>\n\n\n\n<figure class=\"wp-block-image size-large\"><img loading=\"lazy\" decoding=\"async\" width=\"1024\" height=\"768\" src=\"http:\/\/www.tucomarca.com\/wordpress\/segunda\/wp-content\/uploads\/2024\/02\/PPMompoRDP-1024x768.jpg\" alt=\"\" class=\"wp-image-210438\" srcset=\"https:\/\/tucomarca.whitekongsoftware.com\/wp-content\/uploads\/2024\/02\/PPMompoRDP-1024x768.jpg 1024w, https:\/\/tucomarca.whitekongsoftware.com\/wp-content\/uploads\/2024\/02\/PPMompoRDP-300x225.jpg 300w, https:\/\/tucomarca.whitekongsoftware.com\/wp-content\/uploads\/2024\/02\/PPMompoRDP-768x576.jpg 768w, https:\/\/tucomarca.whitekongsoftware.com\/wp-content\/uploads\/2024\/02\/PPMompoRDP-1536x1152.jpg 1536w, https:\/\/tucomarca.whitekongsoftware.com\/wp-content\/uploads\/2024\/02\/PPMompoRDP-678x509.jpg 678w, https:\/\/tucomarca.whitekongsoftware.com\/wp-content\/uploads\/2024\/02\/PPMompoRDP-326x245.jpg 326w, https:\/\/tucomarca.whitekongsoftware.com\/wp-content\/uploads\/2024\/02\/PPMompoRDP-80x60.jpg 80w, https:\/\/tucomarca.whitekongsoftware.com\/wp-content\/uploads\/2024\/02\/PPMompoRDP.jpg 1600w\" sizes=\"auto, (max-width: 1024px) 100vw, 1024px\" \/><\/figure>\n","protected":false},"excerpt":{"rendered":"<div class=\"mh-excerpt\">El president del PP de la prov\u00edncia de Val\u00e8ncia, Vicent Momp\u00f3, reivindica juntament amb els tres senadors per Val\u00e8ncia les iniciatives populars &#8220;per a millorar la vida dels valencians&#8221;. El Senat aprova, a proposta popular, <a class=\"mh-excerpt-more\" href=\"https:\/\/tucomarca.whitekongsoftware.com\/ca\/mompo-defensa-la-politica-realista-del-pp-al-senat-i-qualifica-de-imprescindible-la-primera-llei-feijoo-per-a-acabar-amb-lokupacio\/\" title=\"Momp\u00f3 defensa la &#8220;pol\u00edtica realista&#8221; del PP al Senat i qualifica de &#8220;imprescindible&#8221; la primera Llei Feij\u00f3o per a acabar amb l&#8217;okupaci\u00f3\">[+] <\/a><\/div>\n","protected":false},"author":1,"featured_media":210437,"comment_status":"open","ping_status":"open","sticky":false,"template":"","format":"standard","meta":{"footnotes":""},"categories":[10898,10948,10894,10904,10947,10896],"tags":[11199,11978,11344],"class_list":["post-210441","post","type-post","status-publish","format-standard","has-post-thumbnail","category-ventana-ca","category-infraestructuras-ca","category-la-comarca-ca","category-sin-categorizar-ca","category-politica","category-seccion-ca","tag-la-comunitat-ca","tag-partido-popular-ca","tag-pp-ca"],"_links":{"self":[{"href":"https:\/\/tucomarca.whitekongsoftware.com\/ca\/wp-json\/wp\/v2\/posts\/210441","targetHints":{"allow":["GET"]}}],"collection":[{"href":"https:\/\/tucomarca.whitekongsoftware.com\/ca\/wp-json\/wp\/v2\/posts"}],"about":[{"href":"https:\/\/tucomarca.whitekongsoftware.com\/ca\/wp-json\/wp\/v2\/types\/post"}],"author":[{"embeddable":true,"href":"https:\/\/tucomarca.whitekongsoftware.com\/ca\/wp-json\/wp\/v2\/users\/1"}],"replies":[{"embeddable":true,"href":"https:\/\/tucomarca.whitekongsoftware.com\/ca\/wp-json\/wp\/v2\/comments?post=210441"}],"version-history":[{"count":0,"href":"https:\/\/tucomarca.whitekongsoftware.com\/ca\/wp-json\/wp\/v2\/posts\/210441\/revisions"}],"wp:featuredmedia":[{"embeddable":true,"href":"https:\/\/tucomarca.whitekongsoftware.com\/ca\/wp-json\/wp\/v2\/media\/210437"}],"wp:attachment":[{"href":"https:\/\/tucomarca.whitekongsoftware.com\/ca\/wp-json\/wp\/v2\/media?parent=210441"}],"wp:term":[{"taxonomy":"category","embeddable":true,"href":"https:\/\/tucomarca.whitekongsoftware.com\/ca\/wp-json\/wp\/v2\/categories?post=210441"},{"taxonomy":"post_tag","embeddable":true,"href":"https:\/\/tucomarca.whitekongsoftware.com\/ca\/wp-json\/wp\/v2\/tags?post=210441"}],"curies":[{"name":"wp","href":"https:\/\/api.w.org\/{rel}","templated":true}]}}