{"id":210410,"date":"2024-02-09T14:00:00","date_gmt":"2024-02-09T13:00:00","guid":{"rendered":"https:\/\/www.tucomarca.com\/wordpress\/segunda\/?p=210410"},"modified":"2024-02-09T19:52:04","modified_gmt":"2024-02-09T18:52:04","slug":"benaguasil-participa-juntament-amb-altres-sis-regions-europees-en-la-quarta-activitat-del-projecte-womenequity-per-a-promoure-la-igualtat-de-genere","status":"publish","type":"post","link":"https:\/\/tucomarca.whitekongsoftware.com\/ca\/benaguasil-participa-juntament-amb-altres-sis-regions-europees-en-la-quarta-activitat-del-projecte-womenequity-per-a-promoure-la-igualtat-de-genere\/","title":{"rendered":"Benaguasil participa juntament amb altres sis regions europees en la quarta activitat del projecte WomenEquity per a promoure la igualtat de g\u00e8nere"},"content":{"rendered":"\n<h3 class=\"wp-block-heading\"><strong>Al voltant de 50 persones han abordat en una jornada en Novo Mesto l&#8217;acc\u00e9s de les dones al mercat laboral des d&#8217;una perspectiva europea.<\/strong><\/h3>\n\n\n\n<p class=\"wp-block-paragraph\">Un total de nou dones de Benaguasil han participat en la 4a jornada del projecte europeu \u2018WomenEquity\u2019 que del 6 al 8 de novembre s&#8217;ha celebrat en Novo Mesto, Eslov\u00e8nia. Sota el t\u00edtol &#8220;Integraci\u00f3 de la Perspectiva de G\u00e8nere a la Uni\u00f3 Europea&#8221; la jornada ha servit per a crear consci\u00e8ncia i buscar solucions per a reduir les barreres a les quals s&#8217;enfronten les dones per a aconseguir una major inclusi\u00f3 en el mercat laboral i millorar les seues condicions.<br>La trobada ha reunit a m\u00e9s de Benaguasil, als representants dels diferents pa\u00efsos europeus que formen part del consorci del projecte, It\u00e0lia, Portugal, Gr\u00e8cia, Romania, Eslov\u00e8nia i B\u00e8lgica. Tots ells han participat en les sessions per a proporcionar eines pr\u00e0ctiques que milloren la situaci\u00f3 de les dones, a m\u00e9s d&#8217;intercanviat valors i tradicions culturals europees i enfortit els vincles entre els territoris de la UE.<br>L&#8217;esdeveniment d&#8217;Eslov\u00e8nia s&#8217;ha celebrat despr\u00e9s dels realitzats a Benaguasil, Lourinha i Guardistallo, i forma part dels set esdeveniments previstos durant els 18 mesos del projecte.<\/p>\n\n\n\n<figure class=\"wp-block-image size-large\"><img loading=\"lazy\" decoding=\"async\" width=\"1024\" height=\"768\" src=\"http:\/\/www.tucomarca.com\/wordpress\/segunda\/wp-content\/uploads\/2024\/02\/Benaguasil-1024x768.jpg\" alt=\"\" class=\"wp-image-210399\" srcset=\"https:\/\/tucomarca.whitekongsoftware.com\/wp-content\/uploads\/2024\/02\/Benaguasil-1024x768.jpg 1024w, https:\/\/tucomarca.whitekongsoftware.com\/wp-content\/uploads\/2024\/02\/Benaguasil-300x225.jpg 300w, https:\/\/tucomarca.whitekongsoftware.com\/wp-content\/uploads\/2024\/02\/Benaguasil-768x576.jpg 768w, https:\/\/tucomarca.whitekongsoftware.com\/wp-content\/uploads\/2024\/02\/Benaguasil-1536x1152.jpg 1536w, https:\/\/tucomarca.whitekongsoftware.com\/wp-content\/uploads\/2024\/02\/Benaguasil-678x509.jpg 678w, https:\/\/tucomarca.whitekongsoftware.com\/wp-content\/uploads\/2024\/02\/Benaguasil-326x245.jpg 326w, https:\/\/tucomarca.whitekongsoftware.com\/wp-content\/uploads\/2024\/02\/Benaguasil-80x60.jpg 80w, https:\/\/tucomarca.whitekongsoftware.com\/wp-content\/uploads\/2024\/02\/Benaguasil.jpg 1600w\" sizes=\"auto, (max-width: 1024px) 100vw, 1024px\" \/><\/figure>\n\n\n\n<p class=\"wp-block-paragraph\"><strong>Projecte WomenEquity<\/strong><\/p>\n\n\n\n<p class=\"wp-block-paragraph\">Amb un pressupost de 137.435\u20ac, WomenEquity forma part de la convocat\u00f2ria de Xarxes de Ciutats del Programa de Ciutadania, Igualtat, Drets i Valors (CERV), i tracta d&#8217;abordar l&#8217;acc\u00e9s de les dones al mercat laboral des d&#8217;una perspectiva europea, gr\u00e0cies a la col\u00b7laboraci\u00f3 entre municipis com Benaguasil, Botosani, Lourinha o Guardistalo en cooperaci\u00f3 amb entitats privades com Finnova o Fifty-Fifty. L&#8217;objectiu \u00e9s involucrar activament a individus i organitzacions per a promoure la igualtat de g\u00e8nere i proporcionar eines pr\u00e0ctiques que milloren la situaci\u00f3 de les dones. Aix\u00ed mateix, el projecte pret\u00e9n conscienciar i implicar a tota la ciutadania en aquesta realitat, aix\u00ed com a les entitats p\u00fabliques i privades, oferint eines de treball basades en la igualtat per a aconseguir una major inclusi\u00f3 de la dona en el mercat laboral.<\/p>\n\n\n\n<figure class=\"wp-block-image size-large\"><img loading=\"lazy\" decoding=\"async\" width=\"768\" height=\"1024\" src=\"http:\/\/www.tucomarca.com\/wordpress\/segunda\/wp-content\/uploads\/2024\/02\/Benaguasil2-768x1024.jpg\" alt=\"\" class=\"wp-image-210403\" srcset=\"https:\/\/tucomarca.whitekongsoftware.com\/wp-content\/uploads\/2024\/02\/Benaguasil2-768x1024.jpg 768w, https:\/\/tucomarca.whitekongsoftware.com\/wp-content\/uploads\/2024\/02\/Benaguasil2-225x300.jpg 225w, https:\/\/tucomarca.whitekongsoftware.com\/wp-content\/uploads\/2024\/02\/Benaguasil2-1152x1536.jpg 1152w, https:\/\/tucomarca.whitekongsoftware.com\/wp-content\/uploads\/2024\/02\/Benaguasil2.jpg 1536w\" sizes=\"auto, (max-width: 768px) 100vw, 768px\" \/><\/figure>\n","protected":false},"excerpt":{"rendered":"<div class=\"mh-excerpt\">Al voltant de 50 persones han abordat en una jornada en Novo Mesto l&#8217;acc\u00e9s de les dones al mercat laboral des d&#8217;una perspectiva europea. Un total de nou dones de Benaguasil han participat en la <a class=\"mh-excerpt-more\" href=\"https:\/\/tucomarca.whitekongsoftware.com\/ca\/benaguasil-participa-juntament-amb-altres-sis-regions-europees-en-la-quarta-activitat-del-projecte-womenequity-per-a-promoure-la-igualtat-de-genere\/\" title=\"Benaguasil participa juntament amb altres sis regions europees en la quarta activitat del projecte WomenEquity per a promoure la igualtat de g\u00e8nere\">[+] <\/a><\/div>\n","protected":false},"author":1,"featured_media":210406,"comment_status":"open","ping_status":"open","sticky":false,"template":"","format":"standard","meta":{"footnotes":""},"categories":[10952,10892,10948,10894,10904,11007,10896],"tags":[11136,10899],"class_list":["post-210410","post","type-post","status-publish","format-standard","has-post-thumbnail","category-benaguasil-ca","category-camp-de-turia-ca","category-infraestructuras-ca","category-la-comarca-ca","category-sin-categorizar-ca","category-ocio-y-cultura-ca","category-seccion-ca","tag-benaguasil-ca","tag-camp-de-turia-ca"],"_links":{"self":[{"href":"https:\/\/tucomarca.whitekongsoftware.com\/ca\/wp-json\/wp\/v2\/posts\/210410","targetHints":{"allow":["GET"]}}],"collection":[{"href":"https:\/\/tucomarca.whitekongsoftware.com\/ca\/wp-json\/wp\/v2\/posts"}],"about":[{"href":"https:\/\/tucomarca.whitekongsoftware.com\/ca\/wp-json\/wp\/v2\/types\/post"}],"author":[{"embeddable":true,"href":"https:\/\/tucomarca.whitekongsoftware.com\/ca\/wp-json\/wp\/v2\/users\/1"}],"replies":[{"embeddable":true,"href":"https:\/\/tucomarca.whitekongsoftware.com\/ca\/wp-json\/wp\/v2\/comments?post=210410"}],"version-history":[{"count":0,"href":"https:\/\/tucomarca.whitekongsoftware.com\/ca\/wp-json\/wp\/v2\/posts\/210410\/revisions"}],"wp:featuredmedia":[{"embeddable":true,"href":"https:\/\/tucomarca.whitekongsoftware.com\/ca\/wp-json\/wp\/v2\/media\/210406"}],"wp:attachment":[{"href":"https:\/\/tucomarca.whitekongsoftware.com\/ca\/wp-json\/wp\/v2\/media?parent=210410"}],"wp:term":[{"taxonomy":"category","embeddable":true,"href":"https:\/\/tucomarca.whitekongsoftware.com\/ca\/wp-json\/wp\/v2\/categories?post=210410"},{"taxonomy":"post_tag","embeddable":true,"href":"https:\/\/tucomarca.whitekongsoftware.com\/ca\/wp-json\/wp\/v2\/tags?post=210410"}],"curies":[{"name":"wp","href":"https:\/\/api.w.org\/{rel}","templated":true}]}}