{"id":210395,"date":"2024-02-09T20:11:02","date_gmt":"2024-02-09T19:11:02","guid":{"rendered":"https:\/\/www.tucomarca.com\/wordpress\/segunda\/?p=210395"},"modified":"2024-02-09T21:05:47","modified_gmt":"2024-02-09T20:05:47","slug":"mazon-fa-una-crida-al-consum-de-productes-de-la-comunitat-valenciana-per-la-seua-qualitat-sostenibilitat-i-valors-nutricionals-durant-la-inauguracio-de-la-mostra-de-lembotit-de-requena","status":"publish","type":"post","link":"https:\/\/tucomarca.whitekongsoftware.com\/ca\/mazon-fa-una-crida-al-consum-de-productes-de-la-comunitat-valenciana-per-la-seua-qualitat-sostenibilitat-i-valors-nutricionals-durant-la-inauguracio-de-la-mostra-de-lembotit-de-requena\/","title":{"rendered":"Maz\u00f3n fa una crida al consum de productes de la Comunitat Valenciana &#8220;per la seua qualitat, sostenibilitat i valors nutricionals&#8221; durant la inauguraci\u00f3 de la Mostra de l&#8217;Embotit de Requena"},"content":{"rendered":"\n<h3 class=\"wp-block-heading\">El president ha assistit a la XXIX Mostra de l\u2019Embotit Artes\u00e0 i de Qualitat de Requena on se li ha atorgat el t\u00edtol de mestre carnisser.<\/h3>\n\n\n\n<h3 class=\"wp-block-heading\">Subratlla el comprom\u00eds del sector primari valenci\u00e0 amb l\u2019excel\u00b7l\u00e8ncia i anima la societat a \u201creivindicar amb orgull les moltes coses i bones que es fan en esta terra\u201d.<\/h3>\n\n\n\n<h3 class=\"wp-block-heading\">Reitera la defensa del Consell dels interessos i necessitats del sector agr\u00edcola i pesquer de la Comunitat Valenciana davant de la passivitat del Govern.<\/h3>\n\n\n\n<h3 class=\"wp-block-heading\">Reclama un executiu central \u201cque realment estrenya i reivindique a Brussel\u00b7les\u201d.<\/h3>\n\n\n\n<figure class=\"wp-block-gallery has-nested-images columns-default is-cropped wp-block-gallery-1 is-layout-flex wp-block-gallery-is-layout-flex\">\n<figure class=\"wp-block-image size-large\"><img loading=\"lazy\" decoding=\"async\" width=\"2560\" height=\"1707\" data-id=\"210397\" src=\"http:\/\/www.tucomarca.com\/wordpress\/segunda\/wp-content\/uploads\/2024\/02\/MazonEmbutido02-scaled.jpg\" alt=\"\" class=\"wp-image-210397\" srcset=\"https:\/\/tucomarca.whitekongsoftware.com\/wp-content\/uploads\/2024\/02\/MazonEmbutido02-scaled.jpg 2560w, https:\/\/tucomarca.whitekongsoftware.com\/wp-content\/uploads\/2024\/02\/MazonEmbutido02-300x200.jpg 300w, https:\/\/tucomarca.whitekongsoftware.com\/wp-content\/uploads\/2024\/02\/MazonEmbutido02-1024x683.jpg 1024w, https:\/\/tucomarca.whitekongsoftware.com\/wp-content\/uploads\/2024\/02\/MazonEmbutido02-768x512.jpg 768w, https:\/\/tucomarca.whitekongsoftware.com\/wp-content\/uploads\/2024\/02\/MazonEmbutido02-1536x1024.jpg 1536w, https:\/\/tucomarca.whitekongsoftware.com\/wp-content\/uploads\/2024\/02\/MazonEmbutido02-2048x1365.jpg 2048w\" sizes=\"auto, (max-width: 2560px) 100vw, 2560px\" \/><\/figure>\n\n\n\n<figure class=\"wp-block-image size-large\"><img loading=\"lazy\" decoding=\"async\" width=\"2560\" height=\"1707\" data-id=\"210401\" src=\"http:\/\/www.tucomarca.com\/wordpress\/segunda\/wp-content\/uploads\/2024\/02\/MazonEmbutido03-scaled.jpg\" alt=\"\" class=\"wp-image-210401\" srcset=\"https:\/\/tucomarca.whitekongsoftware.com\/wp-content\/uploads\/2024\/02\/MazonEmbutido03-scaled.jpg 2560w, https:\/\/tucomarca.whitekongsoftware.com\/wp-content\/uploads\/2024\/02\/MazonEmbutido03-300x200.jpg 300w, https:\/\/tucomarca.whitekongsoftware.com\/wp-content\/uploads\/2024\/02\/MazonEmbutido03-1024x683.jpg 1024w, https:\/\/tucomarca.whitekongsoftware.com\/wp-content\/uploads\/2024\/02\/MazonEmbutido03-768x512.jpg 768w, https:\/\/tucomarca.whitekongsoftware.com\/wp-content\/uploads\/2024\/02\/MazonEmbutido03-1536x1024.jpg 1536w, https:\/\/tucomarca.whitekongsoftware.com\/wp-content\/uploads\/2024\/02\/MazonEmbutido03-2048x1365.jpg 2048w\" sizes=\"auto, (max-width: 2560px) 100vw, 2560px\" \/><\/figure>\n<\/figure>\n\n\n\n<p class=\"wp-block-paragraph\">El president de la Generalitat, Carlos Maz\u00f3n, ha fet una crida al consum de productes de la Comunitat Valenciana per \u201cla seua qualitat, la seua sostenibilitat, els seus valors nutricionals i els seus processos d\u2019elaboraci\u00f3\u201d. Per aix\u00f2, ha apel\u00b7lat a \u201cuna conjura col\u00b7lectiva d\u2019Alacant, Val\u00e8ncia i Castell\u00f3 per a apostar pels nostres productes i reivindicar amb orgull les moltes coses i bones que es fan en esta terra\u201d.<\/p>\n\n\n\n<p class=\"wp-block-paragraph\">En esta l\u00ednia, ha assenyalat que \u201cha de ser una convicci\u00f3 social que els nostres productes s\u00f3n els millors, i a m\u00e9s s\u00f3n de proximitat i, per tant, s\u00f3n productes m\u00e9s sostenibles i saludables\u201d. El cap del Consell s\u2019ha expressat en estos termes durant la visita a la XXIX Mostra de l\u2019Embotit Artes\u00e0 i de Qualitat de Requena que ha realitzat juntament amb l\u2019alcaldessa de Requena, Roc\u00edo Cort\u00e9s.<\/p>\n\n\n\n<figure class=\"wp-block-image size-full\"><img loading=\"lazy\" decoding=\"async\" width=\"945\" height=\"630\" src=\"http:\/\/www.tucomarca.com\/wordpress\/segunda\/wp-content\/uploads\/2024\/02\/FeriaEmbutido24_01.jpg\" alt=\"\" class=\"wp-image-210417\" srcset=\"https:\/\/tucomarca.whitekongsoftware.com\/wp-content\/uploads\/2024\/02\/FeriaEmbutido24_01.jpg 945w, https:\/\/tucomarca.whitekongsoftware.com\/wp-content\/uploads\/2024\/02\/FeriaEmbutido24_01-300x200.jpg 300w, https:\/\/tucomarca.whitekongsoftware.com\/wp-content\/uploads\/2024\/02\/FeriaEmbutido24_01-768x512.jpg 768w\" sizes=\"auto, (max-width: 945px) 100vw, 945px\" \/><\/figure>\n\n\n\n<p class=\"wp-block-paragraph\">Per a Carlos Maz\u00f3n, \u201cpromocionar els nostres productes \u00e9s una mostra de qualitat, que s\u2019estan fent les coses molt b\u00e9, amb un gran esfor\u00e7 i cuidant els processos d\u2019elaboraci\u00f3 i les normes sanit\u00e0ries\u201d. En este sentit, ha lamentat que als productes que \u201cvenen de fora se\u2019ls exigisca molt menys\u201d.<\/p>\n\n\n\n<p class=\"wp-block-paragraph\">Durant la seua visita a la Mostra, el president tamb\u00e9 ha mostrat la seua satisfacci\u00f3 perqu\u00e8 els productors de cava de Requena per primera vegada puguen utilitzar en la mostra de l\u2019embotit de Requena el nom de la seua subzona en la denominaci\u00f3 d\u2019origen. Un reconeixement a la tradici\u00f3 i el bon fer del sector despr\u00e9s de molts anys de treball i que significa que \u201chi ha qualitat, proc\u00e9s, elaboraci\u00f3, terra i producte\u201d.<\/p>\n\n\n\n<p class=\"wp-block-paragraph\">Per aix\u00f2, el m\u00e0xim representant de l\u2019executiu valenci\u00e0 ha valorat \u201cl\u2019ofici dels artesans, els agricultors i els ramaders que demostren la qualitat i l\u2019esfor\u00e7 del seu treball que hem de continuar reivindicant entre tots\u201d.<\/p>\n\n\n\n<figure class=\"wp-block-gallery has-nested-images columns-default is-cropped wp-block-gallery-2 is-layout-flex wp-block-gallery-is-layout-flex\">\n<figure class=\"wp-block-image size-large\"><img loading=\"lazy\" decoding=\"async\" width=\"2560\" height=\"1707\" data-id=\"210398\" src=\"http:\/\/www.tucomarca.com\/wordpress\/segunda\/wp-content\/uploads\/2024\/02\/MazonEmbutido02-scaled.jpg\" alt=\"\" class=\"wp-image-210398\" srcset=\"https:\/\/tucomarca.whitekongsoftware.com\/wp-content\/uploads\/2024\/02\/MazonEmbutido02-scaled.jpg 2560w, https:\/\/tucomarca.whitekongsoftware.com\/wp-content\/uploads\/2024\/02\/MazonEmbutido02-300x200.jpg 300w, https:\/\/tucomarca.whitekongsoftware.com\/wp-content\/uploads\/2024\/02\/MazonEmbutido02-1024x683.jpg 1024w, https:\/\/tucomarca.whitekongsoftware.com\/wp-content\/uploads\/2024\/02\/MazonEmbutido02-768x512.jpg 768w, https:\/\/tucomarca.whitekongsoftware.com\/wp-content\/uploads\/2024\/02\/MazonEmbutido02-1536x1024.jpg 1536w, https:\/\/tucomarca.whitekongsoftware.com\/wp-content\/uploads\/2024\/02\/MazonEmbutido02-2048x1365.jpg 2048w\" sizes=\"auto, (max-width: 2560px) 100vw, 2560px\" \/><\/figure>\n\n\n\n<figure class=\"wp-block-image size-large\"><img loading=\"lazy\" decoding=\"async\" width=\"2560\" height=\"1707\" data-id=\"210402\" src=\"http:\/\/www.tucomarca.com\/wordpress\/segunda\/wp-content\/uploads\/2024\/02\/MazonEmbutido03-scaled.jpg\" alt=\"\" class=\"wp-image-210402\" srcset=\"https:\/\/tucomarca.whitekongsoftware.com\/wp-content\/uploads\/2024\/02\/MazonEmbutido03-scaled.jpg 2560w, https:\/\/tucomarca.whitekongsoftware.com\/wp-content\/uploads\/2024\/02\/MazonEmbutido03-300x200.jpg 300w, https:\/\/tucomarca.whitekongsoftware.com\/wp-content\/uploads\/2024\/02\/MazonEmbutido03-1024x683.jpg 1024w, https:\/\/tucomarca.whitekongsoftware.com\/wp-content\/uploads\/2024\/02\/MazonEmbutido03-768x512.jpg 768w, https:\/\/tucomarca.whitekongsoftware.com\/wp-content\/uploads\/2024\/02\/MazonEmbutido03-1536x1024.jpg 1536w, https:\/\/tucomarca.whitekongsoftware.com\/wp-content\/uploads\/2024\/02\/MazonEmbutido03-2048x1365.jpg 2048w\" sizes=\"auto, (max-width: 2560px) 100vw, 2560px\" \/><\/figure>\n<\/figure>\n\n\n\n<p class=\"wp-block-paragraph\"><strong>Defensa del sector primari<\/strong><\/p>\n\n\n\n<p class=\"wp-block-paragraph\">Carlos Maz\u00f3n ha destacat que el Consell est\u00e0 fent el m\u00e0xim esfor\u00e7 en la defensa dels interessos i necessitats dels agricultors. En este sentit, s\u2019ha referit a l\u2019augment d\u2019ajudes a les assegurances agr\u00e0ries en m\u00e9s d\u2019un 13 % enguany, una xifra que arriba als m\u00e9s de 32 milions d\u2019euros en 2024, aix\u00ed com a la reivindicaci\u00f3 de l\u2019aigua que correspon a la Comunitat Valenciana.<\/p>\n\n\n\n<p class=\"wp-block-paragraph\">En esta l\u00ednia, ha afirmat que \u201ccontinuarem esprement el nostre pressupost, les nostres compet\u00e8ncies, el nostre suport i la nostra promoci\u00f3, per\u00f2 a soles no podem\u201d.<\/p>\n\n\n\n<p class=\"wp-block-paragraph\">Per aix\u00f2, ha agregat que \u201cnecessitem un Govern d\u2019Espanya que realment estrenya i reivindique a Brussel\u00b7les. No pot ser que seguim amb estes normes de la PAC, que es neguen a posar en marxa el Fons Extraordinari per a esta crisi, o no s\u2019estiga obligant a la igualtat de tracte als productes de fora. Aix\u00f2 \u00e9s un esfor\u00e7 de tots\u201d.<\/p>\n\n\n\n<figure class=\"wp-block-image size-full\"><img loading=\"lazy\" decoding=\"async\" width=\"945\" height=\"630\" src=\"http:\/\/www.tucomarca.com\/wordpress\/segunda\/wp-content\/uploads\/2024\/02\/FeriaEmbutido24_03.jpg\" alt=\"\" class=\"wp-image-210422\" srcset=\"https:\/\/tucomarca.whitekongsoftware.com\/wp-content\/uploads\/2024\/02\/FeriaEmbutido24_03.jpg 945w, https:\/\/tucomarca.whitekongsoftware.com\/wp-content\/uploads\/2024\/02\/FeriaEmbutido24_03-300x200.jpg 300w, https:\/\/tucomarca.whitekongsoftware.com\/wp-content\/uploads\/2024\/02\/FeriaEmbutido24_03-768x512.jpg 768w\" sizes=\"auto, (max-width: 945px) 100vw, 945px\" \/><\/figure>\n\n\n\n<p class=\"wp-block-paragraph\">D\u2019esta manera, el cap del Consell ha expressat la seua voluntat de tornar a reunir-se amb els agricultors per a \u201cfer pinya comuna i buscar noves vies de suport\u201d.<\/p>\n\n\n\n<p class=\"wp-block-paragraph\">Carlos Maz\u00f3n tamb\u00e9 s\u2019ha referit a la situaci\u00f3 del sector pesquer a la Comunitat Valenciana i ha destacat la primera Direcci\u00f3 General de Pesca que ha posat en marxa la Generalitat Valenciana amb pressupost propi que \u201cest\u00e0 al costat dels pescadors i que diu no a la fi de la pesca d\u2019arrossegament, no a les restriccions per a eixir a pescar\u201d, ha manifestat.<\/p>\n\n\n\n<figure class=\"wp-block-image size-full\"><img loading=\"lazy\" decoding=\"async\" width=\"945\" height=\"630\" src=\"http:\/\/www.tucomarca.com\/wordpress\/segunda\/wp-content\/uploads\/2024\/02\/FeriaEmbutido24_04.jpg\" alt=\"\" class=\"wp-image-210426\" srcset=\"https:\/\/tucomarca.whitekongsoftware.com\/wp-content\/uploads\/2024\/02\/FeriaEmbutido24_04.jpg 945w, https:\/\/tucomarca.whitekongsoftware.com\/wp-content\/uploads\/2024\/02\/FeriaEmbutido24_04-300x200.jpg 300w, https:\/\/tucomarca.whitekongsoftware.com\/wp-content\/uploads\/2024\/02\/FeriaEmbutido24_04-768x512.jpg 768w\" sizes=\"auto, (max-width: 945px) 100vw, 945px\" \/><\/figure>\n\n\n\n<p class=\"wp-block-paragraph\"><strong>XXIX Mostra de l\u2019Embotit Artes\u00e0 i de Qualitat de Requena<\/strong><\/p>\n\n\n\n<p class=\"wp-block-paragraph\">La Mostra de l\u2019Embotit Artes\u00e0 i de Qualitat de Requena se celebra fins al diumenge al Pavell\u00f3 Multifuncional de Requena est\u00e0 organitzat per l\u2019Ajuntament de Requena amb la col\u00b7laboraci\u00f3 de l\u2019\u00d2rgan Rector \u2018Embutido de Requena\u2019. Durant tres dies, professionals de la localitat especialitzats en este sector mostraran als visitants els seus productes artesans. A m\u00e9s, els vins i caves de Requena tamb\u00e9 tenen el seu espai en el recinte firal.<\/p>\n\n\n\n<p class=\"wp-block-paragraph\">Durant la inauguraci\u00f3 del certamen s\u2019ha nomenat el mestre carnisser, un t\u00edtol honor\u00edfic que el gremi de carnissers atorga a personalitats i col\u00b7lectius que enguany ha recaigut en el president Carlos Maz\u00f3n.<\/p>\n\n\n\n<figure class=\"wp-block-image size-full\"><img loading=\"lazy\" decoding=\"async\" width=\"945\" height=\"630\" src=\"http:\/\/www.tucomarca.com\/wordpress\/segunda\/wp-content\/uploads\/2024\/02\/FeriaEmbutido24_09.jpg\" alt=\"\" class=\"wp-image-210466\" srcset=\"https:\/\/tucomarca.whitekongsoftware.com\/wp-content\/uploads\/2024\/02\/FeriaEmbutido24_09.jpg 945w, https:\/\/tucomarca.whitekongsoftware.com\/wp-content\/uploads\/2024\/02\/FeriaEmbutido24_09-300x200.jpg 300w, https:\/\/tucomarca.whitekongsoftware.com\/wp-content\/uploads\/2024\/02\/FeriaEmbutido24_09-768x512.jpg 768w\" sizes=\"auto, (max-width: 945px) 100vw, 945px\" \/><\/figure>\n\n\n\n<p class=\"wp-block-paragraph\"><strong>Carlos Maz\u00f3n visita l\u2019Ajuntament de Requena<\/strong><\/p>\n\n\n\n<p class=\"wp-block-paragraph\">Previament a la inauguraci\u00f3n de la Mostra, el president de la Generalitat, Carlos Maz\u00f3n, ha realitzat hui la seua primera visita institucional a l\u2019Ajuntament de Requena, on ha sigut rebut per la seua alcaldessa, Roc\u00edo Cort\u00e9s.<\/p>\n\n\n\n<p class=\"wp-block-paragraph\">Esta recepci\u00f3 s\u2019emmarca en la ronda de trobades que el cap del Consell est\u00e0 mantenint amb els alcaldes i les alcaldesses de la Comunitat Valenciana.<\/p>\n\n\n\n<figure class=\"wp-block-image size-full\"><img loading=\"lazy\" decoding=\"async\" width=\"945\" height=\"630\" src=\"http:\/\/www.tucomarca.com\/wordpress\/segunda\/wp-content\/uploads\/2024\/02\/FeriaEmbutido24_02.jpg\" alt=\"\" class=\"wp-image-210419\" srcset=\"https:\/\/tucomarca.whitekongsoftware.com\/wp-content\/uploads\/2024\/02\/FeriaEmbutido24_02.jpg 945w, https:\/\/tucomarca.whitekongsoftware.com\/wp-content\/uploads\/2024\/02\/FeriaEmbutido24_02-300x200.jpg 300w, https:\/\/tucomarca.whitekongsoftware.com\/wp-content\/uploads\/2024\/02\/FeriaEmbutido24_02-768x512.jpg 768w\" sizes=\"auto, (max-width: 945px) 100vw, 945px\" \/><\/figure>\n","protected":false},"excerpt":{"rendered":"<div class=\"mh-excerpt\">El president ha assistit a la XXIX Mostra de l\u2019Embotit Artes\u00e0 i de Qualitat de Requena on se li ha atorgat el t\u00edtol de mestre carnisser. Subratlla el comprom\u00eds del sector primari valenci\u00e0 amb l\u2019excel\u00b7l\u00e8ncia <a class=\"mh-excerpt-more\" href=\"https:\/\/tucomarca.whitekongsoftware.com\/ca\/mazon-fa-una-crida-al-consum-de-productes-de-la-comunitat-valenciana-per-la-seua-qualitat-sostenibilitat-i-valors-nutricionals-durant-la-inauguracio-de-la-mostra-de-lembotit-de-requena\/\" title=\"Maz\u00f3n fa una crida al consum de productes de la Comunitat Valenciana &#8220;per la seua qualitat, sostenibilitat i valors nutricionals&#8221; durant la inauguraci\u00f3 de la Mostra de l&#8217;Embotit de Requena\">[+] <\/a><\/div>\n","protected":false},"author":12,"featured_media":210444,"comment_status":"open","ping_status":"open","sticky":false,"template":"","format":"standard","meta":{"footnotes":""},"categories":[10898,10948,10894,10904,11007,10947,10908,10909,10896],"tags":[18807,11099,10910,20266],"class_list":["post-210395","post","type-post","status-publish","format-standard","has-post-thumbnail","category-ventana-ca","category-infraestructuras-ca","category-la-comarca-ca","category-sin-categorizar-ca","category-ocio-y-cultura-ca","category-politica","category-requena-ca","category-requena-utiel-ca","category-seccion-ca","tag-carlos-mazon-ca","tag-requena-ca","tag-requena-utiel-ca","tag-xxix-muestra-del-embutido-ca"],"_links":{"self":[{"href":"https:\/\/tucomarca.whitekongsoftware.com\/ca\/wp-json\/wp\/v2\/posts\/210395","targetHints":{"allow":["GET"]}}],"collection":[{"href":"https:\/\/tucomarca.whitekongsoftware.com\/ca\/wp-json\/wp\/v2\/posts"}],"about":[{"href":"https:\/\/tucomarca.whitekongsoftware.com\/ca\/wp-json\/wp\/v2\/types\/post"}],"author":[{"embeddable":true,"href":"https:\/\/tucomarca.whitekongsoftware.com\/ca\/wp-json\/wp\/v2\/users\/12"}],"replies":[{"embeddable":true,"href":"https:\/\/tucomarca.whitekongsoftware.com\/ca\/wp-json\/wp\/v2\/comments?post=210395"}],"version-history":[{"count":0,"href":"https:\/\/tucomarca.whitekongsoftware.com\/ca\/wp-json\/wp\/v2\/posts\/210395\/revisions"}],"wp:featuredmedia":[{"embeddable":true,"href":"https:\/\/tucomarca.whitekongsoftware.com\/ca\/wp-json\/wp\/v2\/media\/210444"}],"wp:attachment":[{"href":"https:\/\/tucomarca.whitekongsoftware.com\/ca\/wp-json\/wp\/v2\/media?parent=210395"}],"wp:term":[{"taxonomy":"category","embeddable":true,"href":"https:\/\/tucomarca.whitekongsoftware.com\/ca\/wp-json\/wp\/v2\/categories?post=210395"},{"taxonomy":"post_tag","embeddable":true,"href":"https:\/\/tucomarca.whitekongsoftware.com\/ca\/wp-json\/wp\/v2\/tags?post=210395"}],"curies":[{"name":"wp","href":"https:\/\/api.w.org\/{rel}","templated":true}]}}