{"id":210351,"date":"2024-02-08T12:30:00","date_gmt":"2024-02-08T11:30:00","guid":{"rendered":"https:\/\/www.tucomarca.com\/wordpress\/segunda\/?p=210351"},"modified":"2024-02-08T20:16:13","modified_gmt":"2024-02-08T19:16:13","slug":"el-partit-de-requena-i-llogarets-prya-participa-en-la-i-trobada-de-carrecs-electes-de-partits-independents","status":"publish","type":"post","link":"https:\/\/tucomarca.whitekongsoftware.com\/ca\/el-partit-de-requena-i-llogarets-prya-participa-en-la-i-trobada-de-carrecs-electes-de-partits-independents\/","title":{"rendered":"El Partit de Requena i Llogarets (PRyA) participa en la I Trobada de c\u00e0rrecs electes de partits independents"},"content":{"rendered":"\n<p class=\"wp-block-paragraph\">El PRyA va participar la setmana passada, amb diversos dels seus regidors i membres de la seua adre\u00e7a, en la I Trobada de c\u00e0rrecs electes de partits municipalistes al costat de m\u00e9s de 100 representants de formacions independents de la Comunitat Valenciana.<\/p>\n\n\n\n<figure class=\"wp-block-image size-large\"><img loading=\"lazy\" decoding=\"async\" width=\"1024\" height=\"683\" src=\"http:\/\/www.tucomarca.com\/wordpress\/segunda\/wp-content\/uploads\/2024\/02\/XBunol4-1024x683.jpg\" alt=\"\" class=\"wp-image-209329\" srcset=\"https:\/\/tucomarca.whitekongsoftware.com\/wp-content\/uploads\/2024\/02\/XBunol4-1024x683.jpg 1024w, https:\/\/tucomarca.whitekongsoftware.com\/wp-content\/uploads\/2024\/02\/XBunol4-300x200.jpg 300w, https:\/\/tucomarca.whitekongsoftware.com\/wp-content\/uploads\/2024\/02\/XBunol4-768x512.jpg 768w, https:\/\/tucomarca.whitekongsoftware.com\/wp-content\/uploads\/2024\/02\/XBunol4-1536x1024.jpg 1536w, https:\/\/tucomarca.whitekongsoftware.com\/wp-content\/uploads\/2024\/02\/XBunol4-2048x1365.jpg 2048w\" sizes=\"auto, (max-width: 1024px) 100vw, 1024px\" \/><\/figure>\n\n\n\n<p class=\"wp-block-paragraph\">&#8220;Des del PRyA considerem que, mantenint cadascun les seues sigles i independ\u00e8ncia municipal, la col\u00b7laboraci\u00f3 entre totes formacions independents pot ser molt positiva a l&#8217;hora d&#8217;aportar millores a la gesti\u00f3 en els nostres respectius ajuntaments, per aix\u00f2 esperem aconseguir articular un ens que permeta aglutinar forces i tindre m\u00e9s for\u00e7a en les institucions&#8221;, han manifestat des de la formaci\u00f3.<\/p>\n\n\n\n<p class=\"wp-block-paragraph\">La jornada va comptar amb una visita institucional a la Diputaci\u00f3 de Val\u00e8ncia i dues taules de treball, l&#8217;acte va comptar tamb\u00e9 amb la participaci\u00f3 del President de la Diputaci\u00f3 Vicente Momp\u00f3, que, al costat de la seua vicepresidenta Natalia Enguix del partit independent Ens Uneix, es van encarregar de concloure l&#8217;acte.<\/p>\n\n\n\n<p class=\"wp-block-paragraph\">Jorge Rodr\u00edguez, alcalde d&#8217;Ontinyent per Ens Uneix, destacava que \u201c\u00e9s una fita molt important perqu\u00e8, encara que hist\u00f2ricament sempre han existit partits independents en les diferents institucions, mai s&#8217;ha aconseguit articular un ens que ens permeta aglutinar forces i fer front als reptes que t\u00e9 el municipalisme&#8221;. Aix\u00ed mateix, indicava que amb aquesta jornada de c\u00e0rrecs electes &#8220;pretenem crear sinergies entre els diferents partits independents perqu\u00e8 la ciutadania puga saber que existeixen alternatives als partits tradicionals, que t\u00e9 com a \u00fanic objectiu posar els interessos de la gent per damunt de sigles, ideologies, i que parla amb tothom per a millorar la seua qualitat de vida&#8221;.<\/p>\n\n\n\n<p class=\"wp-block-paragraph\">L&#8217;alcalde de&nbsp;Nules,&nbsp;David Garc\u00eda P\u00e9rez, destacava que \u201cl&#8217;objectiu d&#8217;aquesta primera trobada \u00e9s fer veure que no estem solos. En el municipalisme a nivell estatal tenim m\u00e9s del 5% dels vots i aix\u00f2 \u00e9s una for\u00e7a considerable i hui volem crear sinergies i compartir experi\u00e8ncies per a ajudar-nos, que els vots no es perden per a tindre m\u00e9s representaci\u00f3 en les diputacions de Castell\u00f3, Val\u00e8ncia i Alacant\u201d.<\/p>\n\n\n\n<p class=\"wp-block-paragraph\">La primera de les taules redones es va centrar en les &#8220;Bones pr\u00e0ctiques del municipalisme&#8221; amb els representants dels municipis de Morella, Alberic, Oliva i Loriguilla. La segona taula de treball va abordar els&nbsp;&#8220;Desafiaments i reptes del municipalisme&#8221;&nbsp;amb la participaci\u00f3 de representants d&#8217;Ontinyent,&nbsp; Calp, Carcaixent, Nules i La Pobla de Vallbona.<\/p>\n\n\n\n<p class=\"wp-block-paragraph\">Entre els m\u00e9s de 100 c\u00e0rrecs electes pertanyents de m\u00e9s de 60 partits independents que han participat en aquesta primera trobada estan els de municipis com Requena, Oliva, Bunyol, Ontinyent, Nules, La Pobla de Vallbona, Loriguilla, Alg\u00edmia d&#8217;Alfara, Almoines, Bufali, Benaguasil, Benicolet, Massamagrell, entre altres.<\/p>\n","protected":false},"excerpt":{"rendered":"<div class=\"mh-excerpt\">El PRyA va participar la setmana passada, amb diversos dels seus regidors i membres de la seua adre\u00e7a, en la I Trobada de c\u00e0rrecs electes de partits municipalistes al costat de m\u00e9s de 100 representants <a class=\"mh-excerpt-more\" href=\"https:\/\/tucomarca.whitekongsoftware.com\/ca\/el-partit-de-requena-i-llogarets-prya-participa-en-la-i-trobada-de-carrecs-electes-de-partits-independents\/\" title=\"El Partit de Requena i Llogarets (PRyA) participa en la I Trobada de c\u00e0rrecs electes de partits independents\">[+] <\/a><\/div>\n","protected":false},"author":12,"featured_media":210354,"comment_status":"open","ping_status":"open","sticky":false,"template":"","format":"gallery","meta":{"footnotes":""},"categories":[10894,10947,10908,10909,10896],"tags":[20264,12796,11099,10910],"class_list":["post-210351","post","type-post","status-publish","format-gallery","has-post-thumbnail","category-la-comarca-ca","category-politica","category-requena-ca","category-requena-utiel-ca","category-seccion-ca","tag-i-encuentro-de-cargos-electos-independientes-ca","tag-prya-ca","tag-requena-ca","tag-requena-utiel-ca","post_format-post-format-gallery"],"_links":{"self":[{"href":"https:\/\/tucomarca.whitekongsoftware.com\/ca\/wp-json\/wp\/v2\/posts\/210351","targetHints":{"allow":["GET"]}}],"collection":[{"href":"https:\/\/tucomarca.whitekongsoftware.com\/ca\/wp-json\/wp\/v2\/posts"}],"about":[{"href":"https:\/\/tucomarca.whitekongsoftware.com\/ca\/wp-json\/wp\/v2\/types\/post"}],"author":[{"embeddable":true,"href":"https:\/\/tucomarca.whitekongsoftware.com\/ca\/wp-json\/wp\/v2\/users\/12"}],"replies":[{"embeddable":true,"href":"https:\/\/tucomarca.whitekongsoftware.com\/ca\/wp-json\/wp\/v2\/comments?post=210351"}],"version-history":[{"count":0,"href":"https:\/\/tucomarca.whitekongsoftware.com\/ca\/wp-json\/wp\/v2\/posts\/210351\/revisions"}],"wp:featuredmedia":[{"embeddable":true,"href":"https:\/\/tucomarca.whitekongsoftware.com\/ca\/wp-json\/wp\/v2\/media\/210354"}],"wp:attachment":[{"href":"https:\/\/tucomarca.whitekongsoftware.com\/ca\/wp-json\/wp\/v2\/media?parent=210351"}],"wp:term":[{"taxonomy":"category","embeddable":true,"href":"https:\/\/tucomarca.whitekongsoftware.com\/ca\/wp-json\/wp\/v2\/categories?post=210351"},{"taxonomy":"post_tag","embeddable":true,"href":"https:\/\/tucomarca.whitekongsoftware.com\/ca\/wp-json\/wp\/v2\/tags?post=210351"}],"curies":[{"name":"wp","href":"https:\/\/api.w.org\/{rel}","templated":true}]}}