{"id":210258,"date":"2024-02-07T08:30:00","date_gmt":"2024-02-07T07:30:00","guid":{"rendered":"https:\/\/www.tucomarca.com\/wordpress\/segunda\/?p=210258"},"modified":"2024-02-07T21:47:34","modified_gmt":"2024-02-07T20:47:34","slug":"la-diputacio-de-valencia-mediara-per-a-buscar-solucions-dinternet-als-pobles-sense-acces-a-fibra-optica","status":"publish","type":"post","link":"https:\/\/tucomarca.whitekongsoftware.com\/ca\/la-diputacio-de-valencia-mediara-per-a-buscar-solucions-dinternet-als-pobles-sense-acces-a-fibra-optica\/","title":{"rendered":"La Diputaci\u00f3 de Val\u00e8ncia mediar\u00e0 per a buscar solucions d&#8217;internet als pobles sense acc\u00e9s a fibra \u00f2ptica"},"content":{"rendered":"\n<h3 class=\"wp-block-heading\">El diputat d&#8217;Innovaci\u00f3, Juan Ram\u00f3n Adsuara, es reunix amb representants de Telef\u00f3nica per a analitzar les necessitats de les zones en risc de despoblaci\u00f3 de la prov\u00edncia.<\/h3>\n\n\n\n<h3 class=\"wp-block-heading\">La instituci\u00f3 provincial i l&#8217;entitat de telecomunicacions es reuniran amb els municipis sense acc\u00e9s a fibra per a facilitar l&#8217;acc\u00e9s a internet amb m\u00e8todes alternatius.<\/h3>\n\n\n\n<p class=\"wp-block-paragraph\">El diputat provincial d&#8217;Innovaci\u00f3, Administraci\u00f3 Electr\u00f2nica i Fons Europeus, Juan Ram\u00f3n Adsuara, ha mantingut una jornada de treball amb representants de Telef\u00f3nica, per a \u201caportar solucions concretes als municipis amb dificultats per a accedir a internet per no tindre cobertura de fibra \u00f2ptica\u201d.<\/p>\n\n\n\n<p class=\"wp-block-paragraph\">\u201cLa tecnologia actual -continua Adsuara- permet portar internet als llocs on no arriba la fibra \u00f2ptica, ja siga per la seua situaci\u00f3 geogr\u00e0fica, la seua orografia o altres dificultats t\u00e8cniques, a trav\u00e9s de diferents solucions que oferix el sector de les telecomunicacions\u201d.<\/p>\n\n\n\n<p class=\"wp-block-paragraph\">Aix\u00ed, i amb l&#8217;objectiu de \u201cdonar respostes personalitzades a les necessitats de cada ajuntament afectat, des de la Diputaci\u00f3 organitzarem trobades en els quals els assessorarem per a eliminar la bretxa que suposa el no tindre una connexi\u00f3 de garanties\u201d, indica el diputat d&#8217;Innovaci\u00f3.<\/p>\n\n\n\n<p class=\"wp-block-paragraph\">A estes trobades de treball es despla\u00e7aran, a m\u00e9s del propi diputat Adsuara, t\u00e8cnics de l&#8217;\u00e0rea d&#8217;Inform\u00e0tica de la Diputaci\u00f3 de Val\u00e8ncia. Aix\u00ed mateix, estaran presents representants de Telef\u00f3nica, la qual s&#8217;ha comprom\u00e9s a cobrir una cobertura del 99% en tots els municipis de la prov\u00edncia, ja siga per fibra \u00f2ptica b\u00e9, 5G Plus o sat\u00e8l\u00b7lit.<\/p>\n\n\n\n<p class=\"wp-block-paragraph\">\u201cPromovent un acc\u00e9s de qualitat a internet promovem tamb\u00e9 la lluita contra la despoblaci\u00f3, que \u00e9s un dels eixos d&#8217;actuaci\u00f3 d&#8217;este equip de govern, i que resulta fonamental per a aconseguir el nostre objectiu principal: que la ciutadania tinga acc\u00e9s a servicis de qualitat, independentment que visca en una gran ciutat o al poble m\u00e9s xicotet de la prov\u00edncia\u201d, conclou Juan Ram\u00f3n Adsuara.\u00a0<\/p>\n","protected":false},"excerpt":{"rendered":"<div class=\"mh-excerpt\">El diputat d&#8217;Innovaci\u00f3, Juan Ram\u00f3n Adsuara, es reunix amb representants de Telef\u00f3nica per a analitzar les necessitats de les zones en risc de despoblaci\u00f3 de la prov\u00edncia. La instituci\u00f3 provincial i l&#8217;entitat de telecomunicacions es <a class=\"mh-excerpt-more\" href=\"https:\/\/tucomarca.whitekongsoftware.com\/ca\/la-diputacio-de-valencia-mediara-per-a-buscar-solucions-dinternet-als-pobles-sense-acces-a-fibra-optica\/\" title=\"La Diputaci\u00f3 de Val\u00e8ncia mediar\u00e0 per a buscar solucions d&#8217;internet als pobles sense acc\u00e9s a fibra \u00f2ptica\">[+] <\/a><\/div>\n","protected":false},"author":12,"featured_media":210257,"comment_status":"open","ping_status":"open","sticky":false,"template":"","format":"standard","meta":{"footnotes":""},"categories":[10890,10951,10892,11046,10898,10948,10963,10894,10904,10912,10902,11007,10947,10909,10896],"tags":[11246,20253],"class_list":["post-210258","post","type-post","status-publish","format-standard","has-post-thumbnail","category-ademus","category-ayora-cofrentes-ca","category-camp-de-turia-ca","category-los-serranos-ca","category-ventana-ca","category-infraestructuras-ca","category-la-canal-de-navarres-ca","category-la-comarca-ca","category-sin-categorizar-ca","category-la-hoya-ca","category-la-ribera-ca","category-ocio-y-cultura-ca","category-politica","category-requena-utiel-ca","category-seccion-ca","tag-diputacio-de-valencia-ca","tag-internet-ca"],"_links":{"self":[{"href":"https:\/\/tucomarca.whitekongsoftware.com\/ca\/wp-json\/wp\/v2\/posts\/210258","targetHints":{"allow":["GET"]}}],"collection":[{"href":"https:\/\/tucomarca.whitekongsoftware.com\/ca\/wp-json\/wp\/v2\/posts"}],"about":[{"href":"https:\/\/tucomarca.whitekongsoftware.com\/ca\/wp-json\/wp\/v2\/types\/post"}],"author":[{"embeddable":true,"href":"https:\/\/tucomarca.whitekongsoftware.com\/ca\/wp-json\/wp\/v2\/users\/12"}],"replies":[{"embeddable":true,"href":"https:\/\/tucomarca.whitekongsoftware.com\/ca\/wp-json\/wp\/v2\/comments?post=210258"}],"version-history":[{"count":0,"href":"https:\/\/tucomarca.whitekongsoftware.com\/ca\/wp-json\/wp\/v2\/posts\/210258\/revisions"}],"wp:featuredmedia":[{"embeddable":true,"href":"https:\/\/tucomarca.whitekongsoftware.com\/ca\/wp-json\/wp\/v2\/media\/210257"}],"wp:attachment":[{"href":"https:\/\/tucomarca.whitekongsoftware.com\/ca\/wp-json\/wp\/v2\/media?parent=210258"}],"wp:term":[{"taxonomy":"category","embeddable":true,"href":"https:\/\/tucomarca.whitekongsoftware.com\/ca\/wp-json\/wp\/v2\/categories?post=210258"},{"taxonomy":"post_tag","embeddable":true,"href":"https:\/\/tucomarca.whitekongsoftware.com\/ca\/wp-json\/wp\/v2\/tags?post=210258"}],"curies":[{"name":"wp","href":"https:\/\/api.w.org\/{rel}","templated":true}]}}