{"id":210231,"date":"2024-02-07T13:00:00","date_gmt":"2024-02-07T12:00:00","guid":{"rendered":"https:\/\/www.tucomarca.com\/wordpress\/segunda\/?p=210231"},"modified":"2024-02-07T21:11:31","modified_gmt":"2024-02-07T20:11:31","slug":"lajuntament-de-requena-dona-suport-a-les-demandes-dels-agricultors","status":"publish","type":"post","link":"https:\/\/tucomarca.whitekongsoftware.com\/ca\/lajuntament-de-requena-dona-suport-a-les-demandes-dels-agricultors\/","title":{"rendered":"L&#8217;ajuntament de Requena dona suport a les demandes dels agricultors"},"content":{"rendered":"\n<p class=\"wp-block-paragraph\">L&#8217;Ajuntament de Requena s&#8217;uneix a la creixent veu dels agricultors en la seua demanda d&#8217;una agricultura justa. En un gest de solidaritat i comprom\u00eds, l&#8217;Ajuntament \u201crecolza plenament les demandes presentades en el recent manifest en favor dels agricultors, expressant el seu suport indestructible a l&#8217;agricultura\u201d, tal como han manifestat.<\/p>\n\n\n\n<p class=\"wp-block-paragraph\">\u201cLa manifestaci\u00f3 de hui, liderada per agricultors compromesos i recolzada per un ampli espectre de professionals del camp, ha destacat les preocupacions crucials que enfronta la ind\u00fastria agr\u00edcola a la nostra regi\u00f3. Reconeixent la import\u00e0ncia vital de l&#8217;agricultura per a la nostra economia local i la seguretat aliment\u00e0ria del nostre pais, l&#8217;Ajuntament de Requena reafirma el seu comprom\u00eds de treballar en estreta col\u00b7laboraci\u00f3 amb els agricultors per a abordar els desafiaments actuals i construir un futur m\u00e9s pr\u00f2sper per a tots\u201d, afirmen des del consistorio.<\/p>\n\n\n\n<p class=\"wp-block-paragraph\">El manifest presentat per l&#8217;Ajuntament reflecteix una s\u00e8rie de reindivicaciones fonamentals que mereixen una atenci\u00f3 urgent i una acci\u00f3 decidida. Entre aquestes reivindicacions s&#8217;inclouen:<br>1- Per uns preus justos: on els agricultors obtinguen el benefici que els correspon despr\u00e9s de les seues campanyes.<br>2- Verema en Verd: advoquem per la implementaci\u00f3 de la verema en verd com a mesura<br>per a evitar excedents i la caiguda de preus, garantint l&#8217;estabilitat econ\u00f2mica dels nostres agricultors.<br>3- Flexibilitat en la burocr\u00e0cia: exigim la simplificaci\u00f3 del proc\u00e9s de sol\u00b7licitud d&#8217;ajudes, eliminant traves administratives que dificulten l&#8217;acc\u00e9s a recursos vitals per al desenvolupament agr\u00edcola.<br>4- Rebaixa de l&#8217;IVA: demandem una rebaixa de l&#8217;IVA per a b\u00e9ns, serveis agr\u00edcoles i productes b\u00e0sics alimentaris, reconeixent el seu car\u00e0cter essencial per a l&#8217;alimentaci\u00f3 i el benestar de la poblaci\u00f3.<br>5- Relleu Generacional: donem suport a l&#8217;enfortiment del paper de la nova generaci\u00f3 en el camp, fomentant pol\u00edtiques que faciliten l&#8217;acc\u00e9s a la terra i promoguen la formaci\u00f3 i capacitaci\u00f3 de joves agricultors.<br>6- Estrat\u00e8gia contra atacs de fauna cineg\u00e8tica: demandem la implementaci\u00f3 de mesures preventives per a protegir la producci\u00f3 agr\u00edcola dels danys causats per la fauna cineg\u00e8tica.<br>7- Revisi\u00f3 d&#8217;ajudes al sector agrari: Instem una revisi\u00f3 integral de les ajudes destinades al sector , assegurant beneficis efectius i justos per a tots els agricultors.<br>8- Rebaixes fiscals al gasoil agr\u00edcola: sol\u00b7licitem l&#8217;aplicaci\u00f3 de rebaixes fiscals al gasoil alleujant la c\u00e0rrega financera i promovent la viabilitat econ\u00f2mica de les explotacions.<\/p>\n\n\n\n<p class=\"wp-block-paragraph\">9- Pla Estrat\u00e8gic H\u00eddric: advoquem per la renovaci\u00f3 d&#8217;infraestructures h\u00eddriques i el suport a nous sistemes de regadiu, garantint un \u00fas eficient i sostenible de l&#8217;aigua en l&#8217;agricultura.<br>10- Pol\u00edtiques Europees Justes: Exigim pol\u00edtiques europees justes en l&#8217;aplicaci\u00f3 de fitosanitaris, medicaments i mesures veterin\u00e0ries, que protegisquen la salut humana i el medi ambient sense penalitzar als nostres agricultors.<br>11- Ajudes per al per\u00edode de sequera: demandem suport i solidaritat en moments de baixa rendibilitat provocada per la sequera, assegurant la continu\u00eftat i estabilitat del sector agrari.<br>12- Revisi\u00f3 de la PAC: Prioritzem una revisi\u00f3 de la Pol\u00edtica Agr\u00edcola Comuna (PAC) que reconega i fa\u00e7a costat als agricultors professionals, garantint la seua contribuci\u00f3 vital a la seguretat aliment\u00e0ria i al desenvolupament rural. Informa, <strong>Luis Ib\u00e1\u00f1e<\/strong>z.<\/p>\n","protected":false},"excerpt":{"rendered":"<div class=\"mh-excerpt\">L&#8217;Ajuntament de Requena s&#8217;uneix a la creixent veu dels agricultors en la seua demanda d&#8217;una agricultura justa. En un gest de solidaritat i comprom\u00eds, l&#8217;Ajuntament \u201crecolza plenament les demandes presentades en el recent manifest en <a class=\"mh-excerpt-more\" href=\"https:\/\/tucomarca.whitekongsoftware.com\/ca\/lajuntament-de-requena-dona-suport-a-les-demandes-dels-agricultors\/\" title=\"L&#8217;ajuntament de Requena dona suport a les demandes dels agricultors\">[+] <\/a><\/div>\n","protected":false},"author":1,"featured_media":210201,"comment_status":"open","ping_status":"open","sticky":false,"template":"","format":"standard","meta":{"footnotes":""},"categories":[10905,10948,10894,10904,10903,10947,10908,10909,10896],"tags":[11309,11099,10910],"class_list":["post-210231","post","type-post","status-publish","format-standard","has-post-thumbnail","category-agricultura-la-comarca-ca","category-infraestructuras-ca","category-la-comarca-ca","category-sin-categorizar-ca","category-medio-ambiente-la-comarca-ca","category-politica","category-requena-ca","category-requena-utiel-ca","category-seccion-ca","tag-agricultura-ca","tag-requena-ca","tag-requena-utiel-ca"],"_links":{"self":[{"href":"https:\/\/tucomarca.whitekongsoftware.com\/ca\/wp-json\/wp\/v2\/posts\/210231","targetHints":{"allow":["GET"]}}],"collection":[{"href":"https:\/\/tucomarca.whitekongsoftware.com\/ca\/wp-json\/wp\/v2\/posts"}],"about":[{"href":"https:\/\/tucomarca.whitekongsoftware.com\/ca\/wp-json\/wp\/v2\/types\/post"}],"author":[{"embeddable":true,"href":"https:\/\/tucomarca.whitekongsoftware.com\/ca\/wp-json\/wp\/v2\/users\/1"}],"replies":[{"embeddable":true,"href":"https:\/\/tucomarca.whitekongsoftware.com\/ca\/wp-json\/wp\/v2\/comments?post=210231"}],"version-history":[{"count":0,"href":"https:\/\/tucomarca.whitekongsoftware.com\/ca\/wp-json\/wp\/v2\/posts\/210231\/revisions"}],"wp:featuredmedia":[{"embeddable":true,"href":"https:\/\/tucomarca.whitekongsoftware.com\/ca\/wp-json\/wp\/v2\/media\/210201"}],"wp:attachment":[{"href":"https:\/\/tucomarca.whitekongsoftware.com\/ca\/wp-json\/wp\/v2\/media?parent=210231"}],"wp:term":[{"taxonomy":"category","embeddable":true,"href":"https:\/\/tucomarca.whitekongsoftware.com\/ca\/wp-json\/wp\/v2\/categories?post=210231"},{"taxonomy":"post_tag","embeddable":true,"href":"https:\/\/tucomarca.whitekongsoftware.com\/ca\/wp-json\/wp\/v2\/tags?post=210231"}],"curies":[{"name":"wp","href":"https:\/\/api.w.org\/{rel}","templated":true}]}}