{"id":210067,"date":"2024-02-06T12:12:00","date_gmt":"2024-02-06T11:12:00","guid":{"rendered":"https:\/\/www.tucomarca.com\/wordpress\/segunda\/?p=210067"},"modified":"2024-02-06T19:52:16","modified_gmt":"2024-02-06T18:52:16","slug":"el-prya-secunda-les-mobilitzacions-agraries-i-cessa-la-seua-activitat-en-el-dia-de-hui","status":"publish","type":"post","link":"https:\/\/tucomarca.whitekongsoftware.com\/ca\/el-prya-secunda-les-mobilitzacions-agraries-i-cessa-la-seua-activitat-en-el-dia-de-hui\/","title":{"rendered":"El PRyA secunda les mobilitzacions agr\u00e0ries i cessa la seua activitat en el dia de hui"},"content":{"rendered":"\n<p class=\"wp-block-paragraph\">El PRyA ha manifestat el seu suport a les mobilitzacions agr\u00e0ries i cessa la seua activitat en el dia de hui: &#8220;Des del Partit de Requena i Llogarets volem expressar la nostra solidaritat amb els agricultors i ens sumem a les mobilitzacions agr\u00e0ries convocades per al dia de hui, per aix\u00f2, la nostra formaci\u00f3 pol\u00edtica cessa tota la seua activitat durant aquest dimarts&#8221;, tal com han manifestat des de la formaci\u00f3.\u00a0<\/p>\n\n\n\n<p class=\"wp-block-paragraph\">&#8220;Som un partit municipalista, creat a Requena en 2015 i entre els objectius de la nostra fundaci\u00f3 figura el foment i protecci\u00f3 de l&#8217;agricultura, \u00e9s per aix\u00f2 que des de la nostra fundaci\u00f3 sempre hem secundat totes les reivindicacions dels agricultors&#8221;.<\/p>\n\n\n\n<p class=\"wp-block-paragraph\">&#8220;En el PRyA som conscients de la greu crisi que travessa tot el sector agr\u00edcola al nostre pa\u00eds, per aix\u00f2 considerem totalment justificades les mobilitzacions agr\u00e0ries del dia de hui, les secundem i fem una crida a tots els ve\u00efns de Requena al fet que secunden totes les reivindicacions dels nostres agricultors&#8221;.&nbsp;<\/p>\n\n\n\n<p class=\"wp-block-paragraph\">&#8220;Des de la nostra formaci\u00f3 fem una crida a la resta de partits pol\u00edtics de Requena i de la comarca perqu\u00e8 expressen la seua adhesi\u00f3 a les reivindicacions&nbsp; dels agricultors, que ho facen p\u00fablicament i que cessen la seua activitat en el dia de hui en solidaritat amb els nostres agricultors, perqu\u00e8 tot suport \u00e9s necessari per a aconseguir l&#8217;objectiu&#8221;. &nbsp;<\/p>\n\n\n\n<p class=\"wp-block-paragraph\">&#8220;Per al PRyA, defensar el nostre \u00e9s prioritari i hem de fer-ho tots junts, per la qual cosa animem, una vegada m\u00e9s, a qualsevol ve\u00ed, siga agricultor o no, a sumar-se i donar suport a les reivindicacions del sector agrari&#8221;, han finalitzat.<\/p>\n","protected":false},"excerpt":{"rendered":"<div class=\"mh-excerpt\">El PRyA ha manifestat el seu suport a les mobilitzacions agr\u00e0ries i cessa la seua activitat en el dia de hui: &#8220;Des del Partit de Requena i Llogarets volem expressar la nostra solidaritat amb els <a class=\"mh-excerpt-more\" href=\"https:\/\/tucomarca.whitekongsoftware.com\/ca\/el-prya-secunda-les-mobilitzacions-agraries-i-cessa-la-seua-activitat-en-el-dia-de-hui\/\" title=\"El PRyA secunda les mobilitzacions agr\u00e0ries i cessa la seua activitat en el dia de hui\">[+] <\/a><\/div>\n","protected":false},"author":12,"featured_media":210063,"comment_status":"open","ping_status":"open","sticky":false,"template":"","format":"standard","meta":{"footnotes":""},"categories":[10905,10894,10947,10908,10909,10896],"tags":[20129],"class_list":["post-210067","post","type-post","status-publish","format-standard","has-post-thumbnail","category-agricultura-la-comarca-ca","category-la-comarca-ca","category-politica","category-requena-ca","category-requena-utiel-ca","category-seccion-ca","tag-movilizaciones-agrarias-ca"],"_links":{"self":[{"href":"https:\/\/tucomarca.whitekongsoftware.com\/ca\/wp-json\/wp\/v2\/posts\/210067","targetHints":{"allow":["GET"]}}],"collection":[{"href":"https:\/\/tucomarca.whitekongsoftware.com\/ca\/wp-json\/wp\/v2\/posts"}],"about":[{"href":"https:\/\/tucomarca.whitekongsoftware.com\/ca\/wp-json\/wp\/v2\/types\/post"}],"author":[{"embeddable":true,"href":"https:\/\/tucomarca.whitekongsoftware.com\/ca\/wp-json\/wp\/v2\/users\/12"}],"replies":[{"embeddable":true,"href":"https:\/\/tucomarca.whitekongsoftware.com\/ca\/wp-json\/wp\/v2\/comments?post=210067"}],"version-history":[{"count":0,"href":"https:\/\/tucomarca.whitekongsoftware.com\/ca\/wp-json\/wp\/v2\/posts\/210067\/revisions"}],"wp:featuredmedia":[{"embeddable":true,"href":"https:\/\/tucomarca.whitekongsoftware.com\/ca\/wp-json\/wp\/v2\/media\/210063"}],"wp:attachment":[{"href":"https:\/\/tucomarca.whitekongsoftware.com\/ca\/wp-json\/wp\/v2\/media?parent=210067"}],"wp:term":[{"taxonomy":"category","embeddable":true,"href":"https:\/\/tucomarca.whitekongsoftware.com\/ca\/wp-json\/wp\/v2\/categories?post=210067"},{"taxonomy":"post_tag","embeddable":true,"href":"https:\/\/tucomarca.whitekongsoftware.com\/ca\/wp-json\/wp\/v2\/tags?post=210067"}],"curies":[{"name":"wp","href":"https:\/\/api.w.org\/{rel}","templated":true}]}}