{"id":210036,"date":"2024-02-06T08:00:00","date_gmt":"2024-02-06T07:00:00","guid":{"rendered":"https:\/\/www.tucomarca.com\/wordpress\/segunda\/?p=210036"},"modified":"2024-02-06T19:09:09","modified_gmt":"2024-02-06T18:09:09","slug":"vicent-mompo-reivindica-el-municipalisme-igualitari-enfront-dels-privilegis-a-la-carta-de-sanchez","status":"publish","type":"post","link":"https:\/\/tucomarca.whitekongsoftware.com\/ca\/vicent-mompo-reivindica-el-municipalisme-igualitari-enfront-dels-privilegis-a-la-carta-de-sanchez\/","title":{"rendered":"Vicent Momp\u00f3 reivindica &#8220;el municipalisme igualitari enfront dels privilegis a la carta de S\u00e1nchez&#8221;"},"content":{"rendered":"\n<h3 class=\"wp-block-heading\">El president del PP de la prov\u00edncia de Val\u00e8ncia, Vicent Momp\u00f3, participa en l&#8217;acte &#8220;Presidents de les diputacions provincials, cap\u00edtols i consells per la igualtat&#8221; celebrat en la seu nacional del partit.<\/h3>\n\n\n\n<p class=\"wp-block-paragraph\">El president del PP de la prov\u00edncia de Val\u00e8ncia, Vicent Momp\u00f3, ha reivindicat &#8220;el municipalisme igualitari enfront dels privilegis a la carta de S\u00e1nchez&#8221;. &#8220;El PP de la prov\u00edncia de Val\u00e8ncia est\u00e0 comprom\u00e9s amb la Constituci\u00f3 i la conviv\u00e8ncia democr\u00e0tica&#8221;, ha assegurat despr\u00e9s d&#8217;assistir a un acte celebrat en la seu nacional del partit en el qual presidents de les diputacions provincials, cap\u00edtols i consells han signat el manifest a favor de la igualtat, que fa uns dies ja van signar m\u00e9s de 3.000 alcaldes del PP en tota Espanya, un centenar a la prov\u00edncia de Val\u00e8ncia.<\/p>\n\n\n\n<p class=\"wp-block-paragraph\">En aquest sentit, ha defensat, &#8220;no ha d&#8217;haver-hi espanyols de primera ni de segona&#8221;. No obstant aix\u00f2, ha criticat, &#8220;S\u00e1nchez utilitza les institucions per a mantindre&#8217;s en el poder, sense pensar en els espanyols i generant desigualtats&#8221;.<\/p>\n\n\n\n<p class=\"wp-block-paragraph\">&#8220;Per contra, el Partit Popular treballa perqu\u00e8 siguem un pa\u00eds de ciutadans lliures i iguals, per a solucionar els seus problemes i no provocar-los com est\u00e0 fent el Govern&#8221;, ha explicat Momp\u00f3, al mateix temps que ha destacat que &#8220;els espanyols valoren el nostre comprom\u00eds amb la igualtat fins al punt que si hui hi haguera eleccions, el PP guanyaria&#8221;.<\/p>\n\n\n\n<p class=\"wp-block-paragraph\">De fet, ha ressaltat el president provincial, &#8220;mai el municipalisme popular havia estat tan present a Espanya&#8221;. &#8220;Des de Val\u00e8ncia, continuem treballant per a governar m\u00e9s municipis i ho fem avan\u00e7ant en la vertebraci\u00f3 de la prov\u00edncia, perqu\u00e8 tots els valencians i valencianes tinguen els mateixos serveis&#8221;, ha esgrimit.<\/p>\n\n\n\n<p class=\"wp-block-paragraph\">A m\u00e9s, ha assenyalat Momp\u00f3, &#8220;el PP \u00e9s l&#8217;\u00fanic partit que ha cregut en les diputacions, que som les que afrontem en primera l\u00ednia el principi de solidaritat, ja que atenem a tots els pobles, indistintament del seu color pol\u00edtic&#8221;.<\/p>\n\n\n\n<figure class=\"wp-block-image size-large\"><img loading=\"lazy\" decoding=\"async\" width=\"1024\" height=\"683\" src=\"http:\/\/www.tucomarca.com\/wordpress\/segunda\/wp-content\/uploads\/2024\/02\/MompoGenova-1024x683.jpg\" alt=\"\" class=\"wp-image-210033\" srcset=\"https:\/\/tucomarca.whitekongsoftware.com\/wp-content\/uploads\/2024\/02\/MompoGenova-1024x683.jpg 1024w, https:\/\/tucomarca.whitekongsoftware.com\/wp-content\/uploads\/2024\/02\/MompoGenova-300x200.jpg 300w, https:\/\/tucomarca.whitekongsoftware.com\/wp-content\/uploads\/2024\/02\/MompoGenova-768x512.jpg 768w, https:\/\/tucomarca.whitekongsoftware.com\/wp-content\/uploads\/2024\/02\/MompoGenova-1536x1024.jpg 1536w, https:\/\/tucomarca.whitekongsoftware.com\/wp-content\/uploads\/2024\/02\/MompoGenova-2048x1366.jpg 2048w\" sizes=\"auto, (max-width: 1024px) 100vw, 1024px\" \/><\/figure>\n","protected":false},"excerpt":{"rendered":"<div class=\"mh-excerpt\">El president del PP de la prov\u00edncia de Val\u00e8ncia, Vicent Momp\u00f3, participa en l&#8217;acte &#8220;Presidents de les diputacions provincials, cap\u00edtols i consells per la igualtat&#8221; celebrat en la seu nacional del partit. El president del <a class=\"mh-excerpt-more\" href=\"https:\/\/tucomarca.whitekongsoftware.com\/ca\/vicent-mompo-reivindica-el-municipalisme-igualitari-enfront-dels-privilegis-a-la-carta-de-sanchez\/\" title=\"Vicent Momp\u00f3 reivindica &#8220;el municipalisme igualitari enfront dels privilegis a la carta de S\u00e1nchez&#8221;\">[+] <\/a><\/div>\n","protected":false},"author":1,"featured_media":210032,"comment_status":"open","ping_status":"open","sticky":false,"template":"","format":"standard","meta":{"footnotes":""},"categories":[10898,10948,10894,10904,10947,10896],"tags":[11199,11978,18825],"class_list":["post-210036","post","type-post","status-publish","format-standard","has-post-thumbnail","category-ventana-ca","category-infraestructuras-ca","category-la-comarca-ca","category-sin-categorizar-ca","category-politica","category-seccion-ca","tag-la-comunitat-ca","tag-partido-popular-ca","tag-vicent-mompo-ca"],"_links":{"self":[{"href":"https:\/\/tucomarca.whitekongsoftware.com\/ca\/wp-json\/wp\/v2\/posts\/210036","targetHints":{"allow":["GET"]}}],"collection":[{"href":"https:\/\/tucomarca.whitekongsoftware.com\/ca\/wp-json\/wp\/v2\/posts"}],"about":[{"href":"https:\/\/tucomarca.whitekongsoftware.com\/ca\/wp-json\/wp\/v2\/types\/post"}],"author":[{"embeddable":true,"href":"https:\/\/tucomarca.whitekongsoftware.com\/ca\/wp-json\/wp\/v2\/users\/1"}],"replies":[{"embeddable":true,"href":"https:\/\/tucomarca.whitekongsoftware.com\/ca\/wp-json\/wp\/v2\/comments?post=210036"}],"version-history":[{"count":0,"href":"https:\/\/tucomarca.whitekongsoftware.com\/ca\/wp-json\/wp\/v2\/posts\/210036\/revisions"}],"wp:featuredmedia":[{"embeddable":true,"href":"https:\/\/tucomarca.whitekongsoftware.com\/ca\/wp-json\/wp\/v2\/media\/210032"}],"wp:attachment":[{"href":"https:\/\/tucomarca.whitekongsoftware.com\/ca\/wp-json\/wp\/v2\/media?parent=210036"}],"wp:term":[{"taxonomy":"category","embeddable":true,"href":"https:\/\/tucomarca.whitekongsoftware.com\/ca\/wp-json\/wp\/v2\/categories?post=210036"},{"taxonomy":"post_tag","embeddable":true,"href":"https:\/\/tucomarca.whitekongsoftware.com\/ca\/wp-json\/wp\/v2\/tags?post=210036"}],"curies":[{"name":"wp","href":"https:\/\/api.w.org\/{rel}","templated":true}]}}