{"id":209791,"date":"2024-02-05T10:27:00","date_gmt":"2024-02-05T09:27:00","guid":{"rendered":"https:\/\/www.tucomarca.com\/wordpress\/segunda\/?p=209791"},"modified":"2024-02-05T19:38:38","modified_gmt":"2024-02-05T18:38:38","slug":"les-organitzacions-agraries-i-cooperatives-de-la-comunitat-valenciana-inicien-un-pla-conjunt-de-mobilitzacions","status":"publish","type":"post","link":"https:\/\/tucomarca.whitekongsoftware.com\/ca\/les-organitzacions-agraries-i-cooperatives-de-la-comunitat-valenciana-inicien-un-pla-conjunt-de-mobilitzacions\/","title":{"rendered":"Les organitzacions agr\u00e0ries i cooperatives de la Comunitat Valenciana inicien un pla conjunt de mobilitzacions"},"content":{"rendered":"\n<h3 class=\"wp-block-heading\">El sector agrari convoca actes reivindicatius a Alacant (12 de febrer), el port de Castell\u00f3 (15 de febrer) i el port de Val\u00e8ncia (22 de febrer).<\/h3>\n\n\n\n<p class=\"wp-block-paragraph\">Les organitzacions professionals agr\u00e0ries de la Comunitat Valenciana, l&#8217;Associaci\u00f3 Valenciana d&#8217;Agricultors (AVA-Asaja), Asaja Alacant, La Va unir Llauradora i Ramadera, la Coordinadora Llauradora del Pa\u00eds Valenci\u00e0 (CCPV-COAG) i la Uni\u00f3 de Xicotets Agricultors i Ramaders (UPA-PV), amb el suport de les Cooperatives Agro-aliment\u00e0ries de la Comunitat Valenciana, han establit hui un pla d&#8217;acci\u00f3 conjunt per a denunciar la cr\u00edtica situaci\u00f3 que pateix el sector agrari i reivindicar mesures a totes les administracions.<br>Aquesta unitat d&#8217;acci\u00f3 ha fixat una primera fase de mobilitzacions a la prov\u00edncia d&#8217;Alacant (12 de febrer), el port de Castell\u00f3 (15 de febrer) i el port de Val\u00e8ncia (22 de febrer). En funci\u00f3 de les reaccions de les diferents administracions, les entitats agr\u00e0ries no descarten prolongar aquest calendari d&#8217;accions reivindicatives, que tamb\u00e9 s&#8217;estan produint en altres comunitats aut\u00f2nomes d&#8217;Espanya, en altres pa\u00efsos europeus i fins i tot a Brussel\u00b7les o a Estrasburg, com est\u00e0 previst pr\u00f2ximament.<br>Paral\u00b7lelament, el sector sol\u00b7licita mantindre reunions per a traslladar les seues demandes amb la delegada del Govern, Pilar Bernab\u00e9, i els subdelegats del Govern de la Comunitat Valenciana, d&#8217;una banda, i amb el president de la Generalitat Valenciana, Carlos Maz\u00f3n, i els consellers d&#8217;Agricultura, Jos\u00e9 Luis Aguirre, i de Medi Ambient, Salom\u00e9 Pradas, per una altra.<br>Les organitzacions agr\u00e0ries i cooperatives valencianes alerten que la crisi de rendibilitat dels agricultors i ramaders est\u00e0 accelerant l&#8217;aband\u00f3 de camps, que provoca el despoblament del medi rural i l&#8217;encariment dels aliments als consumidors. Les principals reivindicacions del sector agrari s\u00f3n: reorientar les pol\u00edtiques europees prioritzant l&#8217;agricultura europea i flexibilitzant el Pacte Verd Europeu; reciprocitat en tots els nous acords comercials de la UE amb tercers pa\u00efsos, aix\u00ed com revisi\u00f3 i estudi d&#8217;impacte dels acords en vigor; reducci\u00f3 de la burocr\u00e0cia derivada de les pol\u00edtiques agr\u00e0ries, especialment a les xicotetes explotacions; flexibilitzaci\u00f3 del quadern digital d&#8217;explotaci\u00f3; major control fitosanitari de les produccions procedents de pa\u00efsos tercers; mesures de suport a l&#8217;adaptaci\u00f3 dels cultius al canvi clim\u00e0tic; evitar la reducci\u00f3 de subst\u00e0ncies actives fitosanit\u00e0ries mentre no existisquen alternatives eficaces provades; compliment estricte de la Llei de la Cadena Aliment\u00e0ria amb prohibici\u00f3 expressa de venda a p\u00e8rdues; pla de xoc per a alleujar l&#8217;escalada dels costos de producci\u00f3; pol\u00edtica i planificaci\u00f3 hidrol\u00f2gica, solucions al problema de falta d&#8217;ajudes per a pal\u00b7liar la sequera; demanar al Ministeri i Enesa canvis estructurals en les assegurances agr\u00e0ries com a eina b\u00e0sica de renda, etc.<\/p>\n","protected":false},"excerpt":{"rendered":"<div class=\"mh-excerpt\">El sector agrari convoca actes reivindicatius a Alacant (12 de febrer), el port de Castell\u00f3 (15 de febrer) i el port de Val\u00e8ncia (22 de febrer). Les organitzacions professionals agr\u00e0ries de la Comunitat Valenciana, l&#8217;Associaci\u00f3 <a class=\"mh-excerpt-more\" href=\"https:\/\/tucomarca.whitekongsoftware.com\/ca\/les-organitzacions-agraries-i-cooperatives-de-la-comunitat-valenciana-inicien-un-pla-conjunt-de-mobilitzacions\/\" title=\"Les organitzacions agr\u00e0ries i cooperatives de la Comunitat Valenciana inicien un pla conjunt de mobilitzacions\">[+] <\/a><\/div>\n","protected":false},"author":12,"featured_media":209790,"comment_status":"open","ping_status":"open","sticky":false,"template":"","format":"standard","meta":{"footnotes":""},"categories":[10890,10905,10951,10892,11046,10898,10948,10894,10904,10902,10947,10896],"tags":[11924,18022,16615],"class_list":["post-209791","post","type-post","status-publish","format-standard","has-post-thumbnail","category-ademus","category-agricultura-la-comarca-ca","category-ayora-cofrentes-ca","category-camp-de-turia-ca","category-los-serranos-ca","category-ventana-ca","category-infraestructuras-ca","category-la-comarca-ca","category-sin-categorizar-ca","category-la-ribera-ca","category-politica","category-seccion-ca","tag-ava-asaja-ca","tag-la-unio-llauradora-ca","tag-movilizaciones-ca"],"_links":{"self":[{"href":"https:\/\/tucomarca.whitekongsoftware.com\/ca\/wp-json\/wp\/v2\/posts\/209791","targetHints":{"allow":["GET"]}}],"collection":[{"href":"https:\/\/tucomarca.whitekongsoftware.com\/ca\/wp-json\/wp\/v2\/posts"}],"about":[{"href":"https:\/\/tucomarca.whitekongsoftware.com\/ca\/wp-json\/wp\/v2\/types\/post"}],"author":[{"embeddable":true,"href":"https:\/\/tucomarca.whitekongsoftware.com\/ca\/wp-json\/wp\/v2\/users\/12"}],"replies":[{"embeddable":true,"href":"https:\/\/tucomarca.whitekongsoftware.com\/ca\/wp-json\/wp\/v2\/comments?post=209791"}],"version-history":[{"count":0,"href":"https:\/\/tucomarca.whitekongsoftware.com\/ca\/wp-json\/wp\/v2\/posts\/209791\/revisions"}],"wp:featuredmedia":[{"embeddable":true,"href":"https:\/\/tucomarca.whitekongsoftware.com\/ca\/wp-json\/wp\/v2\/media\/209790"}],"wp:attachment":[{"href":"https:\/\/tucomarca.whitekongsoftware.com\/ca\/wp-json\/wp\/v2\/media?parent=209791"}],"wp:term":[{"taxonomy":"category","embeddable":true,"href":"https:\/\/tucomarca.whitekongsoftware.com\/ca\/wp-json\/wp\/v2\/categories?post=209791"},{"taxonomy":"post_tag","embeddable":true,"href":"https:\/\/tucomarca.whitekongsoftware.com\/ca\/wp-json\/wp\/v2\/tags?post=209791"}],"curies":[{"name":"wp","href":"https:\/\/api.w.org\/{rel}","templated":true}]}}