{"id":209689,"date":"2024-02-05T10:00:00","date_gmt":"2024-02-05T09:00:00","guid":{"rendered":"https:\/\/www.tucomarca.com\/wordpress\/segunda\/?p=209689"},"modified":"2024-02-05T11:18:39","modified_gmt":"2024-02-05T10:18:39","slug":"lescola-infantil-municipal-i-la-guarderia-verge-del-carmen-de-bunyol-organitzen-el-carnestoltes-infantil-divendres-que-ve-9-de-febrer","status":"publish","type":"post","link":"https:\/\/tucomarca.whitekongsoftware.com\/ca\/lescola-infantil-municipal-i-la-guarderia-verge-del-carmen-de-bunyol-organitzen-el-carnestoltes-infantil-divendres-que-ve-9-de-febrer\/","title":{"rendered":"L&#8217;Escola Infantil Municipal i la Guarderia Verge del Carmen de Bunyol organitzen el Carnestoltes Infantil divendres que ve 9 de febrer"},"content":{"rendered":"\n<h3 class=\"wp-block-heading\">Eixiran a les 16h des de l&#8217;Avinguda de la Violeta i en cercavila arribaran fins a la Sala del Mercat.<\/h3>\n\n\n\n<p class=\"wp-block-paragraph\">El pr\u00f2xim 9 de febrer a les 16h en l&#8217;Avinguda de la Violeta de Bunyol es realitzar\u00e0 el Carnestoltes Infantil de la localitat. Des d&#8217;all\u00ed i fins a la Sala el Mercat tots els ve\u00efns i ve\u00efnes podran veure el color, la il\u00b7lusi\u00f3, l&#8217;alegria i la felicitat de tots els xiquets i pares que, acompanyats de les seues monitores, ballaran pel carrer disfressats.&nbsp;<br>Disfressa&#8217;t i acompanya&#8217;ls a la cercavila juntament amb l&#8217;Escola Infantil Municipal i la Guarderia Verge del Carmen.&nbsp;A la Sala del Mercat s&#8217;acabar\u00e0 i amb berenar, m\u00fasica i balls el passaran genial.&nbsp;No faltes.<\/p>\n\n\n\n<figure class=\"wp-block-image size-large\"><img loading=\"lazy\" decoding=\"async\" width=\"768\" height=\"1024\" src=\"http:\/\/www.tucomarca.com\/wordpress\/segunda\/wp-content\/uploads\/2024\/02\/CarnavalBunol-768x1024.jpg\" alt=\"\" class=\"wp-image-209684\" srcset=\"https:\/\/tucomarca.whitekongsoftware.com\/wp-content\/uploads\/2024\/02\/CarnavalBunol-768x1024.jpg 768w, https:\/\/tucomarca.whitekongsoftware.com\/wp-content\/uploads\/2024\/02\/CarnavalBunol-225x300.jpg 225w, https:\/\/tucomarca.whitekongsoftware.com\/wp-content\/uploads\/2024\/02\/CarnavalBunol.jpg 886w\" sizes=\"auto, (max-width: 768px) 100vw, 768px\" \/><\/figure>\n","protected":false},"excerpt":{"rendered":"<div class=\"mh-excerpt\">Eixiran a les 16h des de l&#8217;Avinguda de la Violeta i en cercavila arribaran fins a la Sala del Mercat. El pr\u00f2xim 9 de febrer a les 16h en l&#8217;Avinguda de la Violeta de Bunyol <a class=\"mh-excerpt-more\" href=\"https:\/\/tucomarca.whitekongsoftware.com\/ca\/lescola-infantil-municipal-i-la-guarderia-verge-del-carmen-de-bunyol-organitzen-el-carnestoltes-infantil-divendres-que-ve-9-de-febrer\/\" title=\"L&#8217;Escola Infantil Municipal i la Guarderia Verge del Carmen de Bunyol organitzen el Carnestoltes Infantil divendres que ve 9 de febrer\">[+] <\/a><\/div>\n","protected":false},"author":12,"featured_media":209685,"comment_status":"open","ping_status":"open","sticky":false,"template":"","format":"standard","meta":{"footnotes":""},"categories":[11019,10911,10894,10912,11007,10896],"tags":[10913,18832,10914],"class_list":["post-209689","post","type-post","status-publish","format-standard","has-post-thumbnail","category-agenda-ca","category-bunol-ca","category-la-comarca-ca","category-la-hoya-ca","category-ocio-y-cultura-ca","category-seccion-ca","tag-bunol-ca","tag-carnaval-ca","tag-la-hoya-de-bunol-chiva-ca"],"_links":{"self":[{"href":"https:\/\/tucomarca.whitekongsoftware.com\/ca\/wp-json\/wp\/v2\/posts\/209689","targetHints":{"allow":["GET"]}}],"collection":[{"href":"https:\/\/tucomarca.whitekongsoftware.com\/ca\/wp-json\/wp\/v2\/posts"}],"about":[{"href":"https:\/\/tucomarca.whitekongsoftware.com\/ca\/wp-json\/wp\/v2\/types\/post"}],"author":[{"embeddable":true,"href":"https:\/\/tucomarca.whitekongsoftware.com\/ca\/wp-json\/wp\/v2\/users\/12"}],"replies":[{"embeddable":true,"href":"https:\/\/tucomarca.whitekongsoftware.com\/ca\/wp-json\/wp\/v2\/comments?post=209689"}],"version-history":[{"count":0,"href":"https:\/\/tucomarca.whitekongsoftware.com\/ca\/wp-json\/wp\/v2\/posts\/209689\/revisions"}],"wp:featuredmedia":[{"embeddable":true,"href":"https:\/\/tucomarca.whitekongsoftware.com\/ca\/wp-json\/wp\/v2\/media\/209685"}],"wp:attachment":[{"href":"https:\/\/tucomarca.whitekongsoftware.com\/ca\/wp-json\/wp\/v2\/media?parent=209689"}],"wp:term":[{"taxonomy":"category","embeddable":true,"href":"https:\/\/tucomarca.whitekongsoftware.com\/ca\/wp-json\/wp\/v2\/categories?post=209689"},{"taxonomy":"post_tag","embeddable":true,"href":"https:\/\/tucomarca.whitekongsoftware.com\/ca\/wp-json\/wp\/v2\/tags?post=209689"}],"curies":[{"name":"wp","href":"https:\/\/api.w.org\/{rel}","templated":true}]}}