{"id":209637,"date":"2024-02-03T20:00:00","date_gmt":"2024-02-03T19:00:00","guid":{"rendered":"https:\/\/www.tucomarca.com\/wordpress\/segunda\/?p=209637"},"modified":"2024-02-05T09:47:44","modified_gmt":"2024-02-05T08:47:44","slug":"opinio-a-boca-de-cano-donam-pa-i-anomenam-ximple-per-joseh-larrazabal","status":"publish","type":"post","link":"https:\/\/tucomarca.whitekongsoftware.com\/ca\/opinio-a-boca-de-cano-donam-pa-i-anomenam-ximple-per-joseh-larrazabal\/","title":{"rendered":"Opini\u00f3. A boca de can\u00f3: &#8220;Dona&#8217;m pa i anomena&#8217;m ximple&#8221;, per J\u00f3seh Larraz\u00e1bal"},"content":{"rendered":"\n<figure class=\"wp-block-image size-full is-resized\"><img loading=\"lazy\" decoding=\"async\" src=\"http:\/\/www.tucomarca.com\/wordpress\/segunda\/wp-content\/uploads\/2024\/01\/Larrazabalnueva.jpg\" alt=\"\" class=\"wp-image-208146\" width=\"168\" height=\"169\"\/><\/figure>\n\n\n\n<p class=\"wp-block-paragraph\">El vcf va costa avall i en picat.<br>Si es vol evitar la patacada final, alguna cosa que sembla inevitable si el dictador asi\u00e0tic no es va prompte del vcf, cal donar-li motius seriosos perqu\u00e8 ho fa\u00e7a.<br>Es llig per ac\u00ed que els jugadors estan disgustats per com s&#8217;ha gestionat l&#8217;assumpte de Paulista.Despr\u00e9s ha sorgit aix\u00f2 de Rafa Mir per si no hi havia suficient.<br>L&#8217;Afici\u00f3 se sent enganyada i menyspreada (quan fou mort el combregaren).<br>I la premsa es mostra cr\u00edtica amb el succe\u00eft per\u00f2 despr\u00e9s convida a l&#8217;afici\u00f3 a omplir Mestalla.<br>Les plataformes segueixen en la seua lluita contra l&#8217;amo del Val\u00e8ncia per\u00f2 la seua estrat\u00e8gia no canvia.Criden l&#8217;afici\u00f3 a rebre als jugadors i animar-los durant els partits.<br>Baralla es deixa la pell perqu\u00e8 li interessa fer curr\u00edculum i llaurar-se un futur com a entrenador.<br>Em pregunte si amb eixos condicionants Lim pot prendre la decisi\u00f3 d&#8217;abandonar el vcf.<br>T\u00e9 motius per a fer-ho?<br>Miren, el club no \u00e9s per a Lim m\u00e9s que un dels seus m\u00faltiples negocis.<br>El seu objectiu al Val\u00e8ncia no \u00e9s un altre que obtindre beneficis amb la compra i venda de jugadors.<br>Si l&#8217;afici\u00f3 plena Mestalla cada partit creuen que li importa aix\u00f2 de les pancartes i els c\u00e0ntics en contra seua?<br>&#8220;A mi dona&#8217;m pa i dis-me ximple&#8221; \u00e9s el que ha de pensar l&#8217;asi\u00e0tic.<br>Si els jugadors i Baralla estan disgustats per aix\u00f2 de Paulista per\u00f2 ixen al camp a deixar-se la pell cada partit Creuen que li importa si estan o no disgustats?<br>&#8220;A mi dona&#8217;m pa i dis-me ximple&#8221;.<br>Si les plataformes critiquen a Lim per la seua gesti\u00f3 per\u00f2 despr\u00e9s conviden a l&#8217;afici\u00f3 a acudir a les portes de Mestalla per a rebre a l&#8217;autob\u00fas i victorejar als jugadors creuen que a Lim el preocupen?<br>&#8220;A mi que em donen pa i em diguen ximple&#8221;.<br>Si les autoritats es presta al joc del gat i el ratol\u00ed al qual els sotmet Meriton per\u00f2 no tom\u00e1n cap mesura dr\u00e0stica contra el gran dictador Singapur\u00e9s, Creuen que a Lim el preocupen?<br>Si la premsa \u00e9s cr\u00edtica, no tots, per\u00f2 despr\u00e9s manipula als aficionats en favor dels seus interessos, Creuen que li produeix algun malestar al xin\u00e9s?<br>Lim es burla del vcf, de la seua afici\u00f3, dels mitjans, i dels pol\u00edtics Valencians i no s&#8217;anir\u00e0 mentre no es prenguen mesures definitives per part de tots.<br>&#8220;Donen-li pa i despr\u00e9s anomenen-li ximple&#8221;.<br>Lim \u00e9s l&#8217;emperador del vcf, aix\u00ed se sent i aix\u00ed ho demostra la seua gesti\u00f3 en contra d&#8217;un club, una ciutat i un entorn al qual odia.<br>O ens deixem de batalleta i ens posem seriosos o l&#8217;emperador Singapur\u00e9s, el senyor de la guerra, acabar\u00e0 destruint-nos, saquejant-nos i tirant la nostra cendres a la mar.<br>Seguisquen continuen donant-li pa i criden-li&#8230;doncs aix\u00f2.<\/p>\n","protected":false},"excerpt":{"rendered":"<div class=\"mh-excerpt\">El vcf va costa avall i en picat.Si es vol evitar la patacada final, alguna cosa que sembla inevitable si el dictador asi\u00e0tic no es va prompte del vcf, cal donar-li motius seriosos perqu\u00e8 ho <a class=\"mh-excerpt-more\" href=\"https:\/\/tucomarca.whitekongsoftware.com\/ca\/opinio-a-boca-de-cano-donam-pa-i-anomenam-ximple-per-joseh-larrazabal\/\" title=\"Opini\u00f3. A boca de can\u00f3: &#8220;Dona&#8217;m pa i anomena&#8217;m ximple&#8221;, per J\u00f3seh Larraz\u00e1bal\">[+] <\/a><\/div>\n","protected":false},"author":12,"featured_media":208147,"comment_status":"open","ping_status":"open","sticky":false,"template":"","format":"standard","meta":{"footnotes":""},"categories":[11014,11003,11021,10896],"tags":[15972,15481,11958],"class_list":["post-209637","post","type-post","status-publish","format-standard","has-post-thumbnail","category-canal-valencia-cf-ca","category-sports","category-opinion-ca-2","category-seccion-ca","tag-a-bocajarro-ca","tag-joseh-larrazabal-ca","tag-opinion-3-ca"],"_links":{"self":[{"href":"https:\/\/tucomarca.whitekongsoftware.com\/ca\/wp-json\/wp\/v2\/posts\/209637","targetHints":{"allow":["GET"]}}],"collection":[{"href":"https:\/\/tucomarca.whitekongsoftware.com\/ca\/wp-json\/wp\/v2\/posts"}],"about":[{"href":"https:\/\/tucomarca.whitekongsoftware.com\/ca\/wp-json\/wp\/v2\/types\/post"}],"author":[{"embeddable":true,"href":"https:\/\/tucomarca.whitekongsoftware.com\/ca\/wp-json\/wp\/v2\/users\/12"}],"replies":[{"embeddable":true,"href":"https:\/\/tucomarca.whitekongsoftware.com\/ca\/wp-json\/wp\/v2\/comments?post=209637"}],"version-history":[{"count":0,"href":"https:\/\/tucomarca.whitekongsoftware.com\/ca\/wp-json\/wp\/v2\/posts\/209637\/revisions"}],"wp:featuredmedia":[{"embeddable":true,"href":"https:\/\/tucomarca.whitekongsoftware.com\/ca\/wp-json\/wp\/v2\/media\/208147"}],"wp:attachment":[{"href":"https:\/\/tucomarca.whitekongsoftware.com\/ca\/wp-json\/wp\/v2\/media?parent=209637"}],"wp:term":[{"taxonomy":"category","embeddable":true,"href":"https:\/\/tucomarca.whitekongsoftware.com\/ca\/wp-json\/wp\/v2\/categories?post=209637"},{"taxonomy":"post_tag","embeddable":true,"href":"https:\/\/tucomarca.whitekongsoftware.com\/ca\/wp-json\/wp\/v2\/tags?post=209637"}],"curies":[{"name":"wp","href":"https:\/\/api.w.org\/{rel}","templated":true}]}}