{"id":209558,"date":"2024-02-02T06:55:00","date_gmt":"2024-02-02T05:55:00","guid":{"rendered":"https:\/\/www.tucomarca.com\/wordpress\/segunda\/?p=209558"},"modified":"2024-02-02T21:16:16","modified_gmt":"2024-02-02T20:16:16","slug":"el-pp-de-la-provincia-de-valencia-recolza-en-el-congres-la-candidatura-del-betlem-com-a-patrimoni-cultural-immaterial-de-la-humanitat-davant-la-unesco","status":"publish","type":"post","link":"https:\/\/tucomarca.whitekongsoftware.com\/ca\/el-pp-de-la-provincia-de-valencia-recolza-en-el-congres-la-candidatura-del-betlem-com-a-patrimoni-cultural-immaterial-de-la-humanitat-davant-la-unesco\/","title":{"rendered":"El PP de la prov\u00edncia de Val\u00e8ncia recolza en el Congr\u00e9s la candidatura del Betlem com a Patrimoni Cultural Immaterial de la Humanitat davant la Unesco"},"content":{"rendered":"\n<h3 class=\"wp-block-heading\">La portaveu del PP la Comissi\u00f3 de Cultura en el Congr\u00e9s, Sol Cruz Guzm\u00e1n, i els diputats nacionals per Val\u00e8ncia Fernando de Rosa i Carlos Gil es reuneixen amb el president de l&#8217;Associaci\u00f3 de Belenistas de Val\u00e8ncia, Gonzalo Mateu<\/h3>\n\n\n\n<h3 class=\"wp-block-heading\">Fernando de Rosa: \u201cPretenem protegir una tradici\u00f3 molt arrelada en la cultura valenciana\u201d<\/h3>\n\n\n\n<p class=\"wp-block-paragraph\">El Partit Popular de la prov\u00edncia de Val\u00e8ncia ha destacat el seu comprom\u00eds amb la candidatura del Betlem com a Patrimoni Cultural Immaterial de la Humanitat davant la Unesco. Una implicaci\u00f3 que el PP ha materialitzat en una Proposici\u00f3 no de Llei que ha presentat en el Congr\u00e9s dels Diputats. Aquesta iniciativa parlament\u00e0ria pret\u00e9n donar suport a la candidatura i protegir la tradici\u00f3 belen\u00edstica espanyola de les diferents zones del pa\u00eds on segueix molt viva, com \u00e9s el cas d&#8217;Andalusia, M\u00farcia, Catalunya, Madrid i la Comunitat Valenciana.<\/p>\n\n\n\n<p class=\"wp-block-paragraph\">En aquest sentit, la portaveu de la Comissi\u00f3 de Cultura en la Cambra Baixa, Sol Cruz, i els diputats nacionals per Val\u00e8ncia Fernando de Rosa i Carlos Gil s&#8217;han reunit aquest mat\u00ed amb el president de l&#8217;Associaci\u00f3 de Belenistas de Val\u00e8ncia, Gonzalo Mateu. En la trobada han coincidit en la necessitat de treballar conjuntament per a aconseguir aquest reconeixement amb la finalitat de \u201csecundar, impulsar i protegir una tradici\u00f3 tan important en la nostra cultura\u201d, ha subratllat Sol Cruz.<\/p>\n\n\n\n<p class=\"wp-block-paragraph\">A m\u00e9s, ha explicat que \u201ces tracta d&#8217;una tradici\u00f3 que es remunta a l&#8217;Edat mitjana, que s&#8217;ha transformat en tota una ind\u00fastria internacional, formada per centenars de tallers, convertint-ho en un sector que genera molts llocs de treball i que s&#8217;ha convertit en un atractiu tur\u00edstic\u201d.<\/p>\n\n\n\n<p class=\"wp-block-paragraph\">En la mateixa l\u00ednia, el diputat nacional del PP per Val\u00e8ncia, Fernando de Rosa, ha ressaltat \u201cl&#8217;arrelament de la tradici\u00f3 belen\u00edstica valenciana\u201d. Per aix\u00f2, ha defensat, \u201cel PP sempre estar\u00e0 al costat de la nostra cultura i el nostre patrimoni; treballem des del Congr\u00e9s dels Diputats, per\u00f2 tamb\u00e9 a nivell municipal, provincial i auton\u00f2mic per a defensar i protegir les nostres tradicions\u201d.<\/p>\n\n\n\n<p class=\"wp-block-paragraph\">D&#8217;aquesta manera, la Proposici\u00f3 no de Llei del PP demana que el Congr\u00e9s dels Diputats reconega \u201cla tradici\u00f3 belen\u00edstica a Espanya com a valor art\u00edstic, cultural i senyal d&#8217;identitat del nostre pa\u00eds\u201d. A m\u00e9s, insta a \u201cpromoure, juntament amb altres pa\u00efsos que comparteixen aquesta tradici\u00f3, la candidatura del Betlem com a Patrimoni Cultural Immaterial de la Humanitat davant la Unesco; elaborar un programa per a la promoci\u00f3 tur\u00edstica nacional i internacional dels Pesebres d&#8217;Espanya; i desenvolupar, en col\u00b7laboraci\u00f3 amb les comunitats aut\u00f2nomes, la Ruta dels Pesebres, posant en valor el treball d&#8217;aquest sector industrial i el seu valor art\u00edstic\u201d.<\/p>\n","protected":false},"excerpt":{"rendered":"<div class=\"mh-excerpt\">La portaveu del PP la Comissi\u00f3 de Cultura en el Congr\u00e9s, Sol Cruz Guzm\u00e1n, i els diputats nacionals per Val\u00e8ncia Fernando de Rosa i Carlos Gil es reuneixen amb el president de l&#8217;Associaci\u00f3 de Belenistas <a class=\"mh-excerpt-more\" href=\"https:\/\/tucomarca.whitekongsoftware.com\/ca\/el-pp-de-la-provincia-de-valencia-recolza-en-el-congres-la-candidatura-del-betlem-com-a-patrimoni-cultural-immaterial-de-la-humanitat-davant-la-unesco\/\" title=\"El PP de la prov\u00edncia de Val\u00e8ncia recolza en el Congr\u00e9s la candidatura del Betlem com a Patrimoni Cultural Immaterial de la Humanitat davant la Unesco\">[+] <\/a><\/div>\n","protected":false},"author":12,"featured_media":209557,"comment_status":"open","ping_status":"open","sticky":false,"template":"","format":"standard","meta":{"footnotes":""},"categories":[10894,10904,11007,10947,10896],"tags":[20007,20200,12647],"class_list":["post-209558","post","type-post","status-publish","format-standard","has-post-thumbnail","category-la-comarca-ca","category-sin-categorizar-ca","category-ocio-y-cultura-ca","category-politica","category-seccion-ca","tag-belen-ca","tag-patrimonio-cultural-inmaterial-ca","tag-pp-de-valencia-ca"],"_links":{"self":[{"href":"https:\/\/tucomarca.whitekongsoftware.com\/ca\/wp-json\/wp\/v2\/posts\/209558","targetHints":{"allow":["GET"]}}],"collection":[{"href":"https:\/\/tucomarca.whitekongsoftware.com\/ca\/wp-json\/wp\/v2\/posts"}],"about":[{"href":"https:\/\/tucomarca.whitekongsoftware.com\/ca\/wp-json\/wp\/v2\/types\/post"}],"author":[{"embeddable":true,"href":"https:\/\/tucomarca.whitekongsoftware.com\/ca\/wp-json\/wp\/v2\/users\/12"}],"replies":[{"embeddable":true,"href":"https:\/\/tucomarca.whitekongsoftware.com\/ca\/wp-json\/wp\/v2\/comments?post=209558"}],"version-history":[{"count":0,"href":"https:\/\/tucomarca.whitekongsoftware.com\/ca\/wp-json\/wp\/v2\/posts\/209558\/revisions"}],"wp:featuredmedia":[{"embeddable":true,"href":"https:\/\/tucomarca.whitekongsoftware.com\/ca\/wp-json\/wp\/v2\/media\/209557"}],"wp:attachment":[{"href":"https:\/\/tucomarca.whitekongsoftware.com\/ca\/wp-json\/wp\/v2\/media?parent=209558"}],"wp:term":[{"taxonomy":"category","embeddable":true,"href":"https:\/\/tucomarca.whitekongsoftware.com\/ca\/wp-json\/wp\/v2\/categories?post=209558"},{"taxonomy":"post_tag","embeddable":true,"href":"https:\/\/tucomarca.whitekongsoftware.com\/ca\/wp-json\/wp\/v2\/tags?post=209558"}],"curies":[{"name":"wp","href":"https:\/\/api.w.org\/{rel}","templated":true}]}}