{"id":209417,"date":"2024-02-02T07:00:00","date_gmt":"2024-02-02T06:00:00","guid":{"rendered":"https:\/\/www.tucomarca.com\/wordpress\/segunda\/?p=209417"},"modified":"2024-02-02T00:26:48","modified_gmt":"2024-02-01T23:26:48","slug":"millars-celebra-aquest-dissabte-la-festivitat-de-sant-blas-patro-de-la-localitat","status":"publish","type":"post","link":"https:\/\/tucomarca.whitekongsoftware.com\/ca\/millars-celebra-aquest-dissabte-la-festivitat-de-sant-blas-patro-de-la-localitat\/","title":{"rendered":"Millars celebra aquest dissabte la festivitat de Sant Blas, patr\u00f3 de la localitat"},"content":{"rendered":"\n<p class=\"wp-block-paragraph\">Millars celebra aquest dissabte la festivitat de Sant Blas, patr\u00f3 de la localitat, amb diferents actes organitzats organitzats per l&#8217;Ajuntament de Millars i els Festejos 2024.<\/p>\n\n\n\n<p class=\"wp-block-paragraph\">El dissabte al mat\u00ed es poden degustar els productes t\u00edpics de la localitat en el Centre d&#8217;interpretaci\u00f3 Ambiental, ja a la vesprada tindran lloc els actes religiosos, que consistiran en la missa en honor al patr\u00f3, Sant Blas, i posteriorment el repartiment dels tradicionals rotllos que precedir\u00e0 a la Process\u00f3 que ser\u00e0 acompanyada per la Uni\u00f3 Musical Millarense.<\/p>\n\n\n\n<figure class=\"wp-block-image size-large\"><img loading=\"lazy\" decoding=\"async\" width=\"724\" height=\"1024\" src=\"http:\/\/www.tucomarca.com\/wordpress\/segunda\/wp-content\/uploads\/2024\/01\/MillaresSanBlas-724x1024.jpg\" alt=\"\" class=\"wp-image-209293\" srcset=\"https:\/\/tucomarca.whitekongsoftware.com\/wp-content\/uploads\/2024\/01\/MillaresSanBlas-724x1024.jpg 724w, https:\/\/tucomarca.whitekongsoftware.com\/wp-content\/uploads\/2024\/01\/MillaresSanBlas-212x300.jpg 212w, https:\/\/tucomarca.whitekongsoftware.com\/wp-content\/uploads\/2024\/01\/MillaresSanBlas-768x1087.jpg 768w, https:\/\/tucomarca.whitekongsoftware.com\/wp-content\/uploads\/2024\/01\/MillaresSanBlas.jpg 1080w\" sizes=\"auto, (max-width: 724px) 100vw, 724px\" \/><\/figure>\n","protected":false},"excerpt":{"rendered":"<div class=\"mh-excerpt\">Millars celebra aquest dissabte la festivitat de Sant Blas, patr\u00f3 de la localitat, amb diferents actes organitzats organitzats per l&#8217;Ajuntament de Millars i els Festejos 2024. El dissabte al mat\u00ed es poden degustar els productes <a class=\"mh-excerpt-more\" href=\"https:\/\/tucomarca.whitekongsoftware.com\/ca\/millars-celebra-aquest-dissabte-la-festivitat-de-sant-blas-patro-de-la-localitat\/\" title=\"Millars celebra aquest dissabte la festivitat de Sant Blas, patr\u00f3 de la localitat\">[+] <\/a><\/div>\n","protected":false},"author":12,"featured_media":164447,"comment_status":"open","ping_status":"open","sticky":false,"template":"","format":"standard","meta":{"footnotes":""},"categories":[11019,10963,10894,10970,11007,10896],"tags":[11094,11186,18750],"class_list":["post-209417","post","type-post","status-publish","format-standard","has-post-thumbnail","category-agenda-ca","category-la-canal-de-navarres-ca","category-la-comarca-ca","category-millares-ca","category-ocio-y-cultura-ca","category-seccion-ca","tag-la-canal-de-navarres","tag-millares-ca","tag-san-blas-ca"],"_links":{"self":[{"href":"https:\/\/tucomarca.whitekongsoftware.com\/ca\/wp-json\/wp\/v2\/posts\/209417","targetHints":{"allow":["GET"]}}],"collection":[{"href":"https:\/\/tucomarca.whitekongsoftware.com\/ca\/wp-json\/wp\/v2\/posts"}],"about":[{"href":"https:\/\/tucomarca.whitekongsoftware.com\/ca\/wp-json\/wp\/v2\/types\/post"}],"author":[{"embeddable":true,"href":"https:\/\/tucomarca.whitekongsoftware.com\/ca\/wp-json\/wp\/v2\/users\/12"}],"replies":[{"embeddable":true,"href":"https:\/\/tucomarca.whitekongsoftware.com\/ca\/wp-json\/wp\/v2\/comments?post=209417"}],"version-history":[{"count":0,"href":"https:\/\/tucomarca.whitekongsoftware.com\/ca\/wp-json\/wp\/v2\/posts\/209417\/revisions"}],"wp:featuredmedia":[{"embeddable":true,"href":"https:\/\/tucomarca.whitekongsoftware.com\/ca\/wp-json\/wp\/v2\/media\/164447"}],"wp:attachment":[{"href":"https:\/\/tucomarca.whitekongsoftware.com\/ca\/wp-json\/wp\/v2\/media?parent=209417"}],"wp:term":[{"taxonomy":"category","embeddable":true,"href":"https:\/\/tucomarca.whitekongsoftware.com\/ca\/wp-json\/wp\/v2\/categories?post=209417"},{"taxonomy":"post_tag","embeddable":true,"href":"https:\/\/tucomarca.whitekongsoftware.com\/ca\/wp-json\/wp\/v2\/tags?post=209417"}],"curies":[{"name":"wp","href":"https:\/\/api.w.org\/{rel}","templated":true}]}}