{"id":209333,"date":"2024-02-01T17:30:00","date_gmt":"2024-02-01T16:30:00","guid":{"rendered":"https:\/\/www.tucomarca.com\/wordpress\/segunda\/?p=209333"},"modified":"2024-02-01T17:48:24","modified_gmt":"2024-02-01T16:48:24","slug":"x-bunyol-participa-en-el-primer-encontre-de-carrecs-electes-de-partits-municipalistes-de-la-comunitat-organitzat-per-ens-uneix","status":"publish","type":"post","link":"https:\/\/tucomarca.whitekongsoftware.com\/ca\/x-bunyol-participa-en-el-primer-encontre-de-carrecs-electes-de-partits-municipalistes-de-la-comunitat-organitzat-per-ens-uneix\/","title":{"rendered":"X Bunyol participa en el primer Encontre de c\u00e0rrecs electes de partits municipalistes de la Comunitat organitzat per Ens Uneix"},"content":{"rendered":"\n<p class=\"wp-block-paragraph\">L&#8217;agrupaci\u00f3 X Bunyol ha informat de la seua participaci\u00f3 en el primer Encontre de c\u00e0rrecs electes de partits municipalistes de la Comunitat Valenciana que ha organitzat Ens Uneix, la formaci\u00f3 que lidera l&#8217;alcalde d&#8217;Ontinyent i ex president de la Diputaci\u00f3 de Val\u00e8ncia, Jorge Rodr\u00edguez, i a la crida de la qual han acudit m\u00e9s de cent c\u00e0rrecs p\u00fablics de les tres prov\u00edncies, entre alcaldes i regidors.&nbsp;<\/p>\n\n\n\n<p class=\"wp-block-paragraph\">Una jornada que tamb\u00e9 ha incl\u00f2s la visita institucional del president de la Diputaci\u00f3 de Val\u00e8ncia, el popular Vicent Momp\u00f3, qui ha sigut l&#8217;encarregat de clausurar-la; no sense abans desenvolupar-se dues taules redones i un menjar.<\/p>\n\n\n\n<p class=\"wp-block-paragraph\">A este primer Encontre de c\u00e0rrecs electes de partits municipalistes de la Comunitat Valenciana tamb\u00e9 ha assistit l&#8217;agrupaci\u00f3 X Bunyol, formaci\u00f3 des d&#8217;on han destacat el fet que la trobada &#8220;haja reunit a m\u00e9s d&#8217;un centenar de representants d&#8217;eixes forces d&#8217;uns 60 ajuntaments de les tres prov\u00edncies amb la vicepresidenta primera de la Diputaci\u00f3 de Val\u00e8ncia, Nat\u00e0lia Enguix&#8221;.<\/p>\n\n\n\n<figure class=\"wp-block-image size-large\"><img loading=\"lazy\" decoding=\"async\" width=\"768\" height=\"1024\" src=\"http:\/\/www.tucomarca.com\/wordpress\/segunda\/wp-content\/uploads\/2024\/02\/XBunol2-768x1024.jpg\" alt=\"\" class=\"wp-image-209327\" srcset=\"https:\/\/tucomarca.whitekongsoftware.com\/wp-content\/uploads\/2024\/02\/XBunol2-768x1024.jpg 768w, https:\/\/tucomarca.whitekongsoftware.com\/wp-content\/uploads\/2024\/02\/XBunol2-225x300.jpg 225w, https:\/\/tucomarca.whitekongsoftware.com\/wp-content\/uploads\/2024\/02\/XBunol2-1152x1536.jpg 1152w, https:\/\/tucomarca.whitekongsoftware.com\/wp-content\/uploads\/2024\/02\/XBunol2.jpg 1200w\" sizes=\"auto, (max-width: 768px) 100vw, 768px\" \/><\/figure>\n\n\n\n<p class=\"wp-block-paragraph\">&#8220;Sumar forces per a guanyar capacitat d&#8217;influ\u00e8ncia i de decisi\u00f3. Eixe \u00e9s l&#8217;objectiu de la primera trobada, celebrat a Val\u00e8ncia, de c\u00e0rrecs electes de partits municipalistes de la Comunitat Valenciana. Representants d&#8217;uns 60 municipis de les tres prov\u00edncies s&#8217;han donat cita per a veure de quina forma poden col\u00b7laborar i que els m\u00e9s de 5% dels vots que acumulen es perden en una batalla contra els totpoderosos partits majoritaris&#8221;, han afegit des de la formaci\u00f3 bunyolense.<\/p>\n\n\n\n<p class=\"wp-block-paragraph\">&#8220;En aquesta trobada, l&#8217;agrupaci\u00f3 local X Bunyol ix amb m\u00e9s energia, il\u00b7lusi\u00f3 i ganes despr\u00e9s de tractar amb alcaldes, regidors i la vicepresidenta primera de la Diputaci\u00f3 de Val\u00e8ncia. Saber que tenim gent en la qual donar-nos suport, \u00e9s sens dubte un gran pas per a la nostra agrupaci\u00f3 i el nostre poble&#8221;, com han destacat des de X Bunyol.<\/p>\n\n\n\n<p class=\"wp-block-paragraph\">&#8220;La Vicepresidenta Natalia, ens ha tendit la seua m\u00e0 per a poder tractar tots els temes que ens preocupen del nostre poble. El no pert\u00e0nyer a grups pol\u00edtics grans et priva de moltes coses, hui ha sigut el principi d&#8217;un canvi. Un canvi que esperem que arribe a bon port i poder treballar m\u00e0 a m\u00e0 amb altres partits municipalistes&#8221;, han finalitzat des de X Bunyol.<\/p>\n\n\n\n<figure class=\"wp-block-image size-large\"><img loading=\"lazy\" decoding=\"async\" width=\"1024\" height=\"683\" src=\"http:\/\/www.tucomarca.com\/wordpress\/segunda\/wp-content\/uploads\/2024\/02\/XBunol4-1024x683.jpg\" alt=\"\" class=\"wp-image-209329\" srcset=\"https:\/\/tucomarca.whitekongsoftware.com\/wp-content\/uploads\/2024\/02\/XBunol4-1024x683.jpg 1024w, https:\/\/tucomarca.whitekongsoftware.com\/wp-content\/uploads\/2024\/02\/XBunol4-300x200.jpg 300w, https:\/\/tucomarca.whitekongsoftware.com\/wp-content\/uploads\/2024\/02\/XBunol4-768x512.jpg 768w, https:\/\/tucomarca.whitekongsoftware.com\/wp-content\/uploads\/2024\/02\/XBunol4-1536x1024.jpg 1536w, https:\/\/tucomarca.whitekongsoftware.com\/wp-content\/uploads\/2024\/02\/XBunol4-2048x1365.jpg 2048w\" sizes=\"auto, (max-width: 1024px) 100vw, 1024px\" \/><\/figure>\n\n\n\n<p class=\"wp-block-paragraph\"><strong>&#8220;Una fita molt important&#8221;<\/strong><\/p>\n\n\n\n<p class=\"wp-block-paragraph\">Per part seua, l&#8217;alcalde d&#8217;Ontinyent i Secretari General d\u2019Ens Uneix, Jorge Rodr\u00edguez, ha qualificat al seu terme aquesta primera trobada de ser &#8220;una fita molt important perqu\u00e8 encara que hist\u00f2ricament sempre han existit partits independents en les diferents institucions, mai s&#8217;ha aconseguit articular un ens que ens permeta aglutinar forces i fer front a reptes que t\u00e9 el municipalisme&#8221;.&nbsp;<\/p>\n\n\n\n<p class=\"wp-block-paragraph\">Jorge Rodr\u00edguez ha subratllat que amb aquest Encontre de c\u00e0rrecs electes &#8220;pretenem crear sinergies entre els diferents partits independents perqu\u00e8 la ciutadania puga saber que existeixen alternatives en els partits tradicionals que t\u00e9 com a \u00fanic objectiu posar els interessos de la gent per damunt de sigles, ideologies i de parla amb tothom per a millorar la seua qualitat de vida&#8221;.<\/p>\n","protected":false},"excerpt":{"rendered":"<div class=\"mh-excerpt\">L&#8217;agrupaci\u00f3 X Bunyol ha informat de la seua participaci\u00f3 en el primer Encontre de c\u00e0rrecs electes de partits municipalistes de la Comunitat Valenciana que ha organitzat Ens Uneix, la formaci\u00f3 que lidera l&#8217;alcalde d&#8217;Ontinyent i <a class=\"mh-excerpt-more\" href=\"https:\/\/tucomarca.whitekongsoftware.com\/ca\/x-bunyol-participa-en-el-primer-encontre-de-carrecs-electes-de-partits-municipalistes-de-la-comunitat-organitzat-per-ens-uneix\/\" title=\"X Bunyol participa en el primer Encontre de c\u00e0rrecs electes de partits municipalistes de la Comunitat organitzat per Ens Uneix\">[+] <\/a><\/div>\n","protected":false},"author":1,"featured_media":209335,"comment_status":"open","ping_status":"open","sticky":false,"template":"","format":"gallery","meta":{"footnotes":""},"categories":[10911,10898,10894,10904,10912,10947,10896],"tags":[10913,20186,10914,19365],"class_list":["post-209333","post","type-post","status-publish","format-gallery","has-post-thumbnail","category-bunol-ca","category-ventana-ca","category-la-comarca-ca","category-sin-categorizar-ca","category-la-hoya-ca","category-politica","category-seccion-ca","tag-bunol-ca","tag-ens-uneix-ca","tag-la-hoya-de-bunol-chiva-ca","tag-x-bunol-ca","post_format-post-format-gallery"],"_links":{"self":[{"href":"https:\/\/tucomarca.whitekongsoftware.com\/ca\/wp-json\/wp\/v2\/posts\/209333","targetHints":{"allow":["GET"]}}],"collection":[{"href":"https:\/\/tucomarca.whitekongsoftware.com\/ca\/wp-json\/wp\/v2\/posts"}],"about":[{"href":"https:\/\/tucomarca.whitekongsoftware.com\/ca\/wp-json\/wp\/v2\/types\/post"}],"author":[{"embeddable":true,"href":"https:\/\/tucomarca.whitekongsoftware.com\/ca\/wp-json\/wp\/v2\/users\/1"}],"replies":[{"embeddable":true,"href":"https:\/\/tucomarca.whitekongsoftware.com\/ca\/wp-json\/wp\/v2\/comments?post=209333"}],"version-history":[{"count":0,"href":"https:\/\/tucomarca.whitekongsoftware.com\/ca\/wp-json\/wp\/v2\/posts\/209333\/revisions"}],"wp:featuredmedia":[{"embeddable":true,"href":"https:\/\/tucomarca.whitekongsoftware.com\/ca\/wp-json\/wp\/v2\/media\/209335"}],"wp:attachment":[{"href":"https:\/\/tucomarca.whitekongsoftware.com\/ca\/wp-json\/wp\/v2\/media?parent=209333"}],"wp:term":[{"taxonomy":"category","embeddable":true,"href":"https:\/\/tucomarca.whitekongsoftware.com\/ca\/wp-json\/wp\/v2\/categories?post=209333"},{"taxonomy":"post_tag","embeddable":true,"href":"https:\/\/tucomarca.whitekongsoftware.com\/ca\/wp-json\/wp\/v2\/tags?post=209333"}],"curies":[{"name":"wp","href":"https:\/\/api.w.org\/{rel}","templated":true}]}}