{"id":209255,"date":"2024-01-31T07:55:00","date_gmt":"2024-01-31T06:55:00","guid":{"rendered":"https:\/\/www.tucomarca.com\/wordpress\/segunda\/?p=209255"},"modified":"2024-01-31T20:35:05","modified_gmt":"2024-01-31T19:35:05","slug":"el-psoe-de-bunyol-assegura-que-la-via-ciclopedestre-de-turche-ja-esta-en-fase-dexpropiacio","status":"publish","type":"post","link":"https:\/\/tucomarca.whitekongsoftware.com\/ca\/el-psoe-de-bunyol-assegura-que-la-via-ciclopedestre-de-turche-ja-esta-en-fase-dexpropiacio\/","title":{"rendered":"El PSOE de Bunyol assegura que la via ciclopedestre de Turche &#8220;ja est\u00e0 en fase d&#8217;expropiaci\u00f3&#8221;&nbsp;"},"content":{"rendered":"\n<h3 class=\"wp-block-heading\">Des del PSOE destaquen que aquest projecte &#8220;\u00e9s fruit d&#8217;un treball intens entre la presid\u00e8ncia de la Diputaci\u00f3 i l&#8217;alcaldia de Bunyol en l&#8217;anterior etapa socialista\u201d.<\/h3>\n\n\n\n<p class=\"wp-block-paragraph\">Des del Partit Socialista de Bunyol han fet p\u00fablic a trav\u00e9s d&#8217;un comunicat que l&#8217;anterior govern socialista en la Diputaci\u00f3 &#8220;va impulsar un projecte per a la construcci\u00f3 de la via ciclopedestre que uneix Bunyol i Alboraig i millora els accessos a la cova Turche. El Butllet\u00ed Oficial de la Prov\u00edncia de Val\u00e8ncia n\u00famero 19 del 26 de gener de 2024 publicava l&#8217;en anunci sobre l&#8217;aprovaci\u00f3 de la relaci\u00f3 de b\u00e9ns i drets afectats per les obres del projecte: B-274A &#8216;Ampliaci\u00f3 de la plataforma i connexi\u00f3 cicle per als vianants en la carretera CV-425. Tram de Bunyol a Alboraig'&#8221;.<\/p>\n\n\n\n<p class=\"wp-block-paragraph\">Des del PSOE mantenen que aquest tr\u00e0mit &#8220;arriba amb mes de 8 mesos de retard. Segons els terminis que es remenaven fa m\u00e9s d&#8217;un any, hui haur\u00edem d&#8217;estar pr\u00e0cticament en la fase de licitaci\u00f3 de l&#8217;obra, que suposar\u00e0 una inversi\u00f3 d&#8217;al voltant de 6 milions d&#8217;euros&#8221;.<\/p>\n\n\n\n<p class=\"wp-block-paragraph\">&#8220;Aix\u00ed i tot, es tracta d&#8217;una bona not\u00edcia per a Bunyol: Totes i tots els que hem treballat per reclamar unes connexions dignes entre els pobles de La Foia hem de sentir-nos, com a m\u00ednim, contents&#8221;, tal com mantenen des del PSOE de Bunyol.<\/p>\n\n\n\n<p class=\"wp-block-paragraph\">Els socialistes destaquen que els objectius prioritaris del projecte s\u00f3n &#8220;connectar els nostres pobles amb seguretat, garantir un p\u00e0rquing i uns accessos a Turche, tant per a vehicles com per a persones amb suficient seguretat per a tots&#8221;; i afigen que aquest projecte \u00e9s &#8220;fruit d&#8217;un treball intens entre la presid\u00e8ncia de la Diputaci\u00f3 i l&#8217;alcaldia de Bunyol en l&#8217;anterior etapa dirigida pels Socialistes&#8221;.<\/p>\n\n\n\n<p class=\"wp-block-paragraph\">&#8220;A partir d&#8217;aquest moment se sotmet a informaci\u00f3 p\u00fablica durant un termini de 15 dies a partir del dia de la publicaci\u00f3 en el Butllet\u00ed, fins al dia 26 de gener de 2024, la relaci\u00f3 de propietaris afectats per aquesta infraestructura perqu\u00e8 al\u00b7leguen el que estimen oport\u00fa davant la Corporaci\u00f3 Provincial. L&#8217;anunci es pot consultar en aquest enlla\u00e7:\u00a0<a href=\"https:\/\/bop.dival.es\/bop\/downloads?anuncioNumReg=2024\/00752&amp;lang=es\">https:\/\/bop.dival.es\/bop\/downloads?anuncioNumReg=2024\/00752&amp;lang=es<\/a>&#8220;, finalitzen des del PSOE bunyolense.<\/p>\n","protected":false},"excerpt":{"rendered":"<div class=\"mh-excerpt\">Des del PSOE destaquen que aquest projecte &#8220;\u00e9s fruit d&#8217;un treball intens entre la presid\u00e8ncia de la Diputaci\u00f3 i l&#8217;alcaldia de Bunyol en l&#8217;anterior etapa socialista\u201d. Des del Partit Socialista de Bunyol han fet p\u00fablic <a class=\"mh-excerpt-more\" href=\"https:\/\/tucomarca.whitekongsoftware.com\/ca\/el-psoe-de-bunyol-assegura-que-la-via-ciclopedestre-de-turche-ja-esta-en-fase-dexpropiacio\/\" title=\"El PSOE de Bunyol assegura que la via ciclopedestre de Turche &#8220;ja est\u00e0 en fase d&#8217;expropiaci\u00f3&#8221;&nbsp;\">[+] <\/a><\/div>\n","protected":false},"author":12,"featured_media":209224,"comment_status":"open","ping_status":"open","sticky":false,"template":"","format":"standard","meta":{"footnotes":""},"categories":[10911,10948,10894,10912,10947,10896],"tags":[10914,11546,20180],"class_list":["post-209255","post","type-post","status-publish","format-standard","has-post-thumbnail","category-bunol-ca","category-infraestructuras-ca","category-la-comarca-ca","category-la-hoya-ca","category-politica","category-seccion-ca","tag-la-hoya-de-bunol-chiva-ca","tag-psoe-bunol-ca","tag-rotonda-turche-ca"],"_links":{"self":[{"href":"https:\/\/tucomarca.whitekongsoftware.com\/ca\/wp-json\/wp\/v2\/posts\/209255","targetHints":{"allow":["GET"]}}],"collection":[{"href":"https:\/\/tucomarca.whitekongsoftware.com\/ca\/wp-json\/wp\/v2\/posts"}],"about":[{"href":"https:\/\/tucomarca.whitekongsoftware.com\/ca\/wp-json\/wp\/v2\/types\/post"}],"author":[{"embeddable":true,"href":"https:\/\/tucomarca.whitekongsoftware.com\/ca\/wp-json\/wp\/v2\/users\/12"}],"replies":[{"embeddable":true,"href":"https:\/\/tucomarca.whitekongsoftware.com\/ca\/wp-json\/wp\/v2\/comments?post=209255"}],"version-history":[{"count":0,"href":"https:\/\/tucomarca.whitekongsoftware.com\/ca\/wp-json\/wp\/v2\/posts\/209255\/revisions"}],"wp:featuredmedia":[{"embeddable":true,"href":"https:\/\/tucomarca.whitekongsoftware.com\/ca\/wp-json\/wp\/v2\/media\/209224"}],"wp:attachment":[{"href":"https:\/\/tucomarca.whitekongsoftware.com\/ca\/wp-json\/wp\/v2\/media?parent=209255"}],"wp:term":[{"taxonomy":"category","embeddable":true,"href":"https:\/\/tucomarca.whitekongsoftware.com\/ca\/wp-json\/wp\/v2\/categories?post=209255"},{"taxonomy":"post_tag","embeddable":true,"href":"https:\/\/tucomarca.whitekongsoftware.com\/ca\/wp-json\/wp\/v2\/tags?post=209255"}],"curies":[{"name":"wp","href":"https:\/\/api.w.org\/{rel}","templated":true}]}}