{"id":209241,"date":"2024-02-01T07:10:00","date_gmt":"2024-02-01T06:10:00","guid":{"rendered":"https:\/\/www.tucomarca.com\/wordpress\/segunda\/?p=209241"},"modified":"2024-01-31T21:32:32","modified_gmt":"2024-01-31T20:32:32","slug":"bunyol-celebra-aquest-diumenge-la-seua-tradicional-desfilada-i-benediccio-danimals-de-sant-anton","status":"publish","type":"post","link":"https:\/\/tucomarca.whitekongsoftware.com\/ca\/bunyol-celebra-aquest-diumenge-la-seua-tradicional-desfilada-i-benediccio-danimals-de-sant-anton\/","title":{"rendered":"Bunyol celebra aquest diumenge la seua tradicional desfilada i benedicci\u00f3 d&#8217;animals de Sant Ant\u00f3n"},"content":{"rendered":"\n<p class=\"wp-block-paragraph\">Aquest diumenge, 4 de febrer, a les 12,45 hores, l&#8217;Avinguda Guzm\u00e1n C\u00e1rcel de \u201cEl Planell&#8221; acollir\u00e0 la tradicional desfilada i benedicci\u00f3 d&#8217;animals per la festivitat de Sant Ant\u00f3n. En ella es comptar\u00e0 amb la participaci\u00f3 d&#8217;eguades i caballistas de Bunyol i de pobles ve\u00efns.<\/p>\n\n\n\n<p class=\"wp-block-paragraph\">Com \u00e9s tradici\u00f3, es repartir\u00e0 pa Sant Blas i chuches a les persones que participen la desfilada amb les seues mascotes.<\/p>\n","protected":false},"excerpt":{"rendered":"<div class=\"mh-excerpt\">Aquest diumenge, 4 de febrer, a les 12,45 hores, l&#8217;Avinguda Guzm\u00e1n C\u00e1rcel de \u201cEl Planell&#8221; acollir\u00e0 la tradicional desfilada i benedicci\u00f3 d&#8217;animals per la festivitat de Sant Ant\u00f3n. En ella es comptar\u00e0 amb la participaci\u00f3 <a class=\"mh-excerpt-more\" href=\"https:\/\/tucomarca.whitekongsoftware.com\/ca\/bunyol-celebra-aquest-diumenge-la-seua-tradicional-desfilada-i-benediccio-danimals-de-sant-anton\/\" title=\"Bunyol celebra aquest diumenge la seua tradicional desfilada i benedicci\u00f3 d&#8217;animals de Sant Ant\u00f3n\">[+] <\/a><\/div>\n","protected":false},"author":12,"featured_media":209239,"comment_status":"open","ping_status":"open","sticky":false,"template":"","format":"standard","meta":{"footnotes":""},"categories":[11019,10911,10894,10912,11007,10896],"tags":[10913,10914,20092],"class_list":["post-209241","post","type-post","status-publish","format-standard","has-post-thumbnail","category-agenda-ca","category-bunol-ca","category-la-comarca-ca","category-la-hoya-ca","category-ocio-y-cultura-ca","category-seccion-ca","tag-bunol-ca","tag-la-hoya-de-bunol-chiva-ca","tag-san-anton-2024-ca"],"_links":{"self":[{"href":"https:\/\/tucomarca.whitekongsoftware.com\/ca\/wp-json\/wp\/v2\/posts\/209241","targetHints":{"allow":["GET"]}}],"collection":[{"href":"https:\/\/tucomarca.whitekongsoftware.com\/ca\/wp-json\/wp\/v2\/posts"}],"about":[{"href":"https:\/\/tucomarca.whitekongsoftware.com\/ca\/wp-json\/wp\/v2\/types\/post"}],"author":[{"embeddable":true,"href":"https:\/\/tucomarca.whitekongsoftware.com\/ca\/wp-json\/wp\/v2\/users\/12"}],"replies":[{"embeddable":true,"href":"https:\/\/tucomarca.whitekongsoftware.com\/ca\/wp-json\/wp\/v2\/comments?post=209241"}],"version-history":[{"count":0,"href":"https:\/\/tucomarca.whitekongsoftware.com\/ca\/wp-json\/wp\/v2\/posts\/209241\/revisions"}],"wp:featuredmedia":[{"embeddable":true,"href":"https:\/\/tucomarca.whitekongsoftware.com\/ca\/wp-json\/wp\/v2\/media\/209239"}],"wp:attachment":[{"href":"https:\/\/tucomarca.whitekongsoftware.com\/ca\/wp-json\/wp\/v2\/media?parent=209241"}],"wp:term":[{"taxonomy":"category","embeddable":true,"href":"https:\/\/tucomarca.whitekongsoftware.com\/ca\/wp-json\/wp\/v2\/categories?post=209241"},{"taxonomy":"post_tag","embeddable":true,"href":"https:\/\/tucomarca.whitekongsoftware.com\/ca\/wp-json\/wp\/v2\/tags?post=209241"}],"curies":[{"name":"wp","href":"https:\/\/api.w.org\/{rel}","templated":true}]}}