{"id":209119,"date":"2024-01-31T08:00:00","date_gmt":"2024-01-31T07:00:00","guid":{"rendered":"https:\/\/www.tucomarca.com\/wordpress\/segunda\/?p=209119"},"modified":"2024-01-31T13:01:37","modified_gmt":"2024-01-31T12:01:37","slug":"la-diputacio-de-valencia-i-el-levante-ud-collaboraran-per-a-impulsar-lesport-femeni","status":"publish","type":"post","link":"https:\/\/tucomarca.whitekongsoftware.com\/ca\/la-diputacio-de-valencia-i-el-levante-ud-collaboraran-per-a-impulsar-lesport-femeni\/","title":{"rendered":"La Diputaci\u00f3 de Val\u00e8ncia i el Levante UD col\u00b7laboraran per a impulsar l&#8217;esport femen\u00ed"},"content":{"rendered":"\n<h3 class=\"wp-block-heading\">El president de la corporaci\u00f3 provincial, Vicent Momp\u00f3, es reunix amb el president del club granota, Pablo S\u00e1nchez, per a promoure la igualtat en l&#8217;esport en tots els municipis de la prov\u00edncia<\/h3>\n\n\n\n<p class=\"wp-block-paragraph\">El president de la Diputaci\u00f3 de Val\u00e8ncia, Vicent Momp\u00f3, y el president del Levante UD, Pablo S\u00e1nchez, han mantingut una reuni\u00f3 de treball per a buscar sinergies i comen\u00e7ar a col\u00b7laborar en la promoci\u00f3 i impuls de l&#8217;esport femen\u00ed a la prov\u00edncia. Durant la trobada tamb\u00e9 han estat presents el diputat de Turisme i Esports de la corporaci\u00f3 provincial, Pedro Cuesta; el director general del club granota, Pedro S\u00e1iz; la directora de Comunicaci\u00f3 i Relacions Externes, Puri Naya; la consellera Ruth Garc\u00eda; i la coordinadora general del Levante UD Femen\u00ed, Maider Castillo; al costat d&#8217;un equip de treball per totes dos parts.<br>Totes dos entitats, que volen consolidar la seua relaci\u00f3, pretenen aprofitar la forta pres\u00e8ncia que mantenen a la prov\u00edncia de Val\u00e8ncia, en la qual poden arribar juntes a tots els municipis. L&#8217;objectiu \u00e9s que en tot el territori puguen desenvolupar-se activitats esportives que promoguen la igualtat i l&#8217;esport com a valors b\u00e0sics per al desenvolupament educatiu. I, a partir d&#8217;estes reunions de treball, enfortir la pres\u00e8ncia i la potenciaci\u00f3 de l&#8217;esport femen\u00ed, del qual totes dos entitats s\u00f3n referents, en les localitats i pobles de la nostra prov\u00edncia.<br>La primera reuni\u00f3 entre la Diputaci\u00f3 de Val\u00e8ncia i el Levante UD ha sigut un punt de partida en el qual totes dos parts s&#8217;han comprom\u00e9s a continuar desenvolupant el projecte i s&#8217;han empla\u00e7at per a futures encontres amb un calendari d&#8217;accions.<\/p>\n","protected":false},"excerpt":{"rendered":"<div class=\"mh-excerpt\">El president de la corporaci\u00f3 provincial, Vicent Momp\u00f3, es reunix amb el president del club granota, Pablo S\u00e1nchez, per a promoure la igualtat en l&#8217;esport en tots els municipis de la prov\u00edncia El president de <a class=\"mh-excerpt-more\" href=\"https:\/\/tucomarca.whitekongsoftware.com\/ca\/la-diputacio-de-valencia-i-el-levante-ud-collaboraran-per-a-impulsar-lesport-femeni\/\" title=\"La Diputaci\u00f3 de Val\u00e8ncia i el Levante UD col\u00b7laboraran per a impulsar l&#8217;esport femen\u00ed\">[+] <\/a><\/div>\n","protected":false},"author":12,"featured_media":209118,"comment_status":"open","ping_status":"open","sticky":false,"template":"","format":"standard","meta":{"footnotes":""},"categories":[11015,11003,10894,10904,10947,10896],"tags":[20169,11246,18636],"class_list":["post-209119","post","type-post","status-publish","format-standard","has-post-thumbnail","category-canal-futbol","category-sports","category-la-comarca-ca","category-sin-categorizar-ca","category-politica","category-seccion-ca","tag-deporte-femenino-ca","tag-diputacio-de-valencia-ca","tag-levante-ud-ca"],"_links":{"self":[{"href":"https:\/\/tucomarca.whitekongsoftware.com\/ca\/wp-json\/wp\/v2\/posts\/209119","targetHints":{"allow":["GET"]}}],"collection":[{"href":"https:\/\/tucomarca.whitekongsoftware.com\/ca\/wp-json\/wp\/v2\/posts"}],"about":[{"href":"https:\/\/tucomarca.whitekongsoftware.com\/ca\/wp-json\/wp\/v2\/types\/post"}],"author":[{"embeddable":true,"href":"https:\/\/tucomarca.whitekongsoftware.com\/ca\/wp-json\/wp\/v2\/users\/12"}],"replies":[{"embeddable":true,"href":"https:\/\/tucomarca.whitekongsoftware.com\/ca\/wp-json\/wp\/v2\/comments?post=209119"}],"version-history":[{"count":0,"href":"https:\/\/tucomarca.whitekongsoftware.com\/ca\/wp-json\/wp\/v2\/posts\/209119\/revisions"}],"wp:featuredmedia":[{"embeddable":true,"href":"https:\/\/tucomarca.whitekongsoftware.com\/ca\/wp-json\/wp\/v2\/media\/209118"}],"wp:attachment":[{"href":"https:\/\/tucomarca.whitekongsoftware.com\/ca\/wp-json\/wp\/v2\/media?parent=209119"}],"wp:term":[{"taxonomy":"category","embeddable":true,"href":"https:\/\/tucomarca.whitekongsoftware.com\/ca\/wp-json\/wp\/v2\/categories?post=209119"},{"taxonomy":"post_tag","embeddable":true,"href":"https:\/\/tucomarca.whitekongsoftware.com\/ca\/wp-json\/wp\/v2\/tags?post=209119"}],"curies":[{"name":"wp","href":"https:\/\/api.w.org\/{rel}","templated":true}]}}