{"id":209069,"date":"2024-01-30T12:15:00","date_gmt":"2024-01-30T11:15:00","guid":{"rendered":"https:\/\/www.tucomarca.com\/wordpress\/segunda\/?p=209069"},"modified":"2024-01-30T21:10:56","modified_gmt":"2024-01-30T20:10:56","slug":"la-diputacio-promou-lus-denergia-sostenible-en-un-cicle-de-jornades-per-la-provincia-de-valencia","status":"publish","type":"post","link":"https:\/\/tucomarca.whitekongsoftware.com\/ca\/la-diputacio-promou-lus-denergia-sostenible-en-un-cicle-de-jornades-per-la-provincia-de-valencia\/","title":{"rendered":"La Diputaci\u00f3 promou l&#8217;\u00fas d&#8217;energia sostenible en un cicle de jornades per la prov\u00edncia de Val\u00e8ncia"},"content":{"rendered":"\n<h3 class=\"wp-block-heading\">El diputat de Medi Ambient, Avelino Mascarell, anuncia la celebraci\u00f3 de cinc jornades dirigides a t\u00e8cnics municipals i responsables p\u00fablics a Catarroja, Montitxelvo, Benaguasil, Foios i Val\u00e8ncia<\/h3>\n\n\n\n<h3 class=\"wp-block-heading\">La posada en marxa d&#8217;estes accions formatives \u00e9s fruit de la col\u00b7laboraci\u00f3 entre la instituci\u00f3 provincial i l&#8217;associaci\u00f3 d&#8217;instal\u00b7ladors el\u00e8ctrics Aselec&nbsp;<\/h3>\n\n\n\n<p class=\"wp-block-paragraph\">La Diputaci\u00f3 de Val\u00e8ncia comen\u00e7ar\u00e0 a Catarroja el pr\u00f2xim 7 de febrer la IV edici\u00f3 de les Jornades Comarcals \u2018Energia i Canvi Clim\u00e0tic\u2019, les quals viatjaran tamb\u00e9 a Montitxelvo, Benaguasil, Foios i Val\u00e8ncia, en col\u00b7laboraci\u00f3 amb l&#8217;Associaci\u00f3 d&#8217;Empreses d&#8217;Instal\u00b7lacions El\u00e8ctriques, Telecomunicacions i Energies Renovables de Val\u00e8ncia (Aselec).<\/p>\n\n\n\n<p class=\"wp-block-paragraph\">Aix\u00ed ho ha anunciat el diputat de Medi Ambient, Avelino Mascarell, en un acte que ha comptat tamb\u00e9 amb la pres\u00e8ncia del president d\u2019Aselec, Rafael Castillo, i el cap del servici de Medi Ambient de la Diputaci\u00f3 de Val\u00e8ncia, Ram\u00f3n Bellido.<\/p>\n\n\n\n<p class=\"wp-block-paragraph\">Avelino Mascarell ha indicat que \u201cestes jornades estan dirigides especialment a t\u00e8cnics municipals i c\u00e0rrecs p\u00fablics\u201d i ha incidit en \u201cla import\u00e0ncia que acostar als municipis les \u00faltimes tecnologies del mercat en energia sostenible, aix\u00ed com novetats legislatives, conclusions cient\u00edfiques i tend\u00e8ncies a nivell global\u201d.<\/p>\n\n\n\n<p class=\"wp-block-paragraph\">En este sentit, el diputat de Medi Ambient explica que \u201cper a esta edici\u00f3, hem apostat per tractar de manera preferent aplicacions que ja estan d&#8217;actualitat i que poden marcar el futur del mercat, com l&#8217;aerot\u00e8rmia i geot\u00e8rmia somera o la instal\u00b7laci\u00f3 de microturbines en les xarxes d&#8217;aigua per a generar energia\u201d.<\/p>\n\n\n\n<p class=\"wp-block-paragraph\">Per part seua, el president d\u2019Aselec, Rafael Castillo, ha posat en valor \u201cl&#8217;alian\u00e7a entre l&#8217;associaci\u00f3 i la Diputaci\u00f3 de Val\u00e8ncia, ja que les dos entitats tenim en com\u00fa la pres\u00e8ncia en tot el territori de la prov\u00edncia\u201d. \u201cEsta capil\u00b7laritat -continua Castillo- \u00e9s la millor garantia que tot el que es tracte en les jornades arribe de veritat a la ciutadania, a trav\u00e9s de professionals perfectament formats que siguen capa\u00e7os d&#8217;instal\u00b7lar noves energies m\u00e9s respectuoses amb el medi ambient\u201d.<\/p>\n\n\n\n<p class=\"wp-block-paragraph\"><strong>Calendari i programa previst<\/strong><\/p>\n\n\n\n<p class=\"wp-block-paragraph\">La quarta edici\u00f3 d&#8217;estes Jornades Comarcals \u2018Energia i Canvi Clim\u00e0tic\u2019, comptar\u00e0 amb la participaci\u00f3 de Borja Badenes, Doctor en Enginyeria Mediambiental i investigador de la UPV, per a traslladar a les persones assistents les claus de l&#8217;aerot\u00e8rmia i la geot\u00e8rmia somera.<\/p>\n\n\n\n<p class=\"wp-block-paragraph\">L&#8217;aerot\u00e8rmia \u00e9s una tecnologia que se servix d&#8217;una bomba de calor per tal d\u2019extraure l&#8217;energia de l&#8217;aire, permetent aix\u00ed climatitzar l&#8217;interior d&#8217;un habitatge i oferir aigua calenta; mentre que la geot\u00e8rmia produ\u00efx calor i electricitat a partir de les temperatures elevades que s&#8217;acumulen en les capes internes de la Terra.<\/p>\n\n\n\n<p class=\"wp-block-paragraph\">Les sessions formatives tamb\u00e9 abordaran, a trav\u00e9s d\u2019Alejandro Belinch\u00f3n, Enginyer de l&#8217;Institut&nbsp; Tecnol\u00f2gic de l\u2019Energia, les possibilitats del microturbinat en xarxes d&#8217;aigua. Esta tecnologia aprofita la pressi\u00f3 de l&#8217;aigua per a moure un xicotet generador el\u00e8ctric i produir electricitat; i t\u00e9 com a avantatge enfront de la fotovoltaica o l&#8217;e\u00f2lica, que \u00e9s capa\u00e7 de generar energia durant les 24 hores del dia i 365 dies de l&#8217;any.<\/p>\n\n\n\n<p class=\"wp-block-paragraph\">Estes jornades donaran principi el 7 de febrer a Catarroja i es traslladaran tamb\u00e9 a Montitxelvo (14 febrer), Benaguasil (21 febrer) i Foios (28 de febrer) per a acabar en el MuVIM de Val\u00e8ncia el 8 de mar\u00e7, amb una taula redona sobre compet\u00e8ncia municipal i plantes fotovoltaiques.<\/p>\n\n\n\n<p class=\"wp-block-paragraph\"><\/p>\n","protected":false},"excerpt":{"rendered":"<div class=\"mh-excerpt\">El diputat de Medi Ambient, Avelino Mascarell, anuncia la celebraci\u00f3 de cinc jornades dirigides a t\u00e8cnics municipals i responsables p\u00fablics a Catarroja, Montitxelvo, Benaguasil, Foios i Val\u00e8ncia La posada en marxa d&#8217;estes accions formatives \u00e9s <a class=\"mh-excerpt-more\" href=\"https:\/\/tucomarca.whitekongsoftware.com\/ca\/la-diputacio-promou-lus-denergia-sostenible-en-un-cicle-de-jornades-per-la-provincia-de-valencia\/\" title=\"La Diputaci\u00f3 promou l&#8217;\u00fas d&#8217;energia sostenible en un cicle de jornades per la prov\u00edncia de Val\u00e8ncia\">[+] <\/a><\/div>\n","protected":false},"author":12,"featured_media":209068,"comment_status":"open","ping_status":"open","sticky":false,"template":"","format":"standard","meta":{"footnotes":""},"categories":[10952,10892,10948,10894,10903,10947,10896],"tags":[11136,10899,11246,13503],"class_list":["post-209069","post","type-post","status-publish","format-standard","has-post-thumbnail","category-benaguasil-ca","category-camp-de-turia-ca","category-infraestructuras-ca","category-la-comarca-ca","category-medio-ambiente-la-comarca-ca","category-politica","category-seccion-ca","tag-benaguasil-ca","tag-camp-de-turia-ca","tag-diputacio-de-valencia-ca","tag-energia-sostenible-ca"],"_links":{"self":[{"href":"https:\/\/tucomarca.whitekongsoftware.com\/ca\/wp-json\/wp\/v2\/posts\/209069","targetHints":{"allow":["GET"]}}],"collection":[{"href":"https:\/\/tucomarca.whitekongsoftware.com\/ca\/wp-json\/wp\/v2\/posts"}],"about":[{"href":"https:\/\/tucomarca.whitekongsoftware.com\/ca\/wp-json\/wp\/v2\/types\/post"}],"author":[{"embeddable":true,"href":"https:\/\/tucomarca.whitekongsoftware.com\/ca\/wp-json\/wp\/v2\/users\/12"}],"replies":[{"embeddable":true,"href":"https:\/\/tucomarca.whitekongsoftware.com\/ca\/wp-json\/wp\/v2\/comments?post=209069"}],"version-history":[{"count":0,"href":"https:\/\/tucomarca.whitekongsoftware.com\/ca\/wp-json\/wp\/v2\/posts\/209069\/revisions"}],"wp:featuredmedia":[{"embeddable":true,"href":"https:\/\/tucomarca.whitekongsoftware.com\/ca\/wp-json\/wp\/v2\/media\/209068"}],"wp:attachment":[{"href":"https:\/\/tucomarca.whitekongsoftware.com\/ca\/wp-json\/wp\/v2\/media?parent=209069"}],"wp:term":[{"taxonomy":"category","embeddable":true,"href":"https:\/\/tucomarca.whitekongsoftware.com\/ca\/wp-json\/wp\/v2\/categories?post=209069"},{"taxonomy":"post_tag","embeddable":true,"href":"https:\/\/tucomarca.whitekongsoftware.com\/ca\/wp-json\/wp\/v2\/tags?post=209069"}],"curies":[{"name":"wp","href":"https:\/\/api.w.org\/{rel}","templated":true}]}}