{"id":208836,"date":"2024-01-29T12:00:00","date_gmt":"2024-01-29T11:00:00","guid":{"rendered":"https:\/\/www.tucomarca.com\/wordpress\/segunda\/?p=208836"},"modified":"2024-01-29T15:12:01","modified_gmt":"2024-01-29T14:12:01","slug":"natalia-soler-es-triada-com-a-reina-de-les-festes-de-turis-2024","status":"publish","type":"post","link":"https:\/\/tucomarca.whitekongsoftware.com\/ca\/natalia-soler-es-triada-com-a-reina-de-les-festes-de-turis-2024\/","title":{"rendered":"Nat\u00e0lia Soler \u00e9s triada com a Reina de les Festes de Tur\u00eds 2024"},"content":{"rendered":"\n<p class=\"wp-block-paragraph\">Este cap de setmana s\u2019ha descobert el nom de Nat\u00e0lia Soler Morcillo, la jove turisana que va a presidir les Festes d&#8217;Agost de 2024. En una reuni\u00f3 al Sal\u00f3 de Plens on nervis i rises eren ben evidents, es va desvetlar la inc\u00f2gnita amb la pres\u00e8ncia de l&#8217;Alcalde, Ismael Corell, i el regidor de Festes, Toni Segura.<\/p>\n","protected":false},"excerpt":{"rendered":"<div class=\"mh-excerpt\">Este cap de setmana s\u2019ha descobert el nom de Nat\u00e0lia Soler Morcillo, la jove turisana que va a presidir les Festes d&#8217;Agost de 2024. En una reuni\u00f3 al Sal\u00f3 de Plens on nervis i rises <a class=\"mh-excerpt-more\" href=\"https:\/\/tucomarca.whitekongsoftware.com\/ca\/natalia-soler-es-triada-com-a-reina-de-les-festes-de-turis-2024\/\" title=\"Nat\u00e0lia Soler \u00e9s triada com a Reina de les Festes de Tur\u00eds 2024\">[+] <\/a><\/div>\n","protected":false},"author":12,"featured_media":208835,"comment_status":"open","ping_status":"open","sticky":false,"template":"","format":"image","meta":{"footnotes":""},"categories":[10894,10902,11007,10896,11047],"tags":[20155,11356,11093],"class_list":["post-208836","post","type-post","status-publish","format-image","has-post-thumbnail","category-la-comarca-ca","category-la-ribera-ca","category-ocio-y-cultura-ca","category-seccion-ca","category-turis-ca","tag-reina-de-las-fiestas-2024-ca","tag-ribera-alta-ca","tag-turis-ca","post_format-post-format-image"],"_links":{"self":[{"href":"https:\/\/tucomarca.whitekongsoftware.com\/ca\/wp-json\/wp\/v2\/posts\/208836","targetHints":{"allow":["GET"]}}],"collection":[{"href":"https:\/\/tucomarca.whitekongsoftware.com\/ca\/wp-json\/wp\/v2\/posts"}],"about":[{"href":"https:\/\/tucomarca.whitekongsoftware.com\/ca\/wp-json\/wp\/v2\/types\/post"}],"author":[{"embeddable":true,"href":"https:\/\/tucomarca.whitekongsoftware.com\/ca\/wp-json\/wp\/v2\/users\/12"}],"replies":[{"embeddable":true,"href":"https:\/\/tucomarca.whitekongsoftware.com\/ca\/wp-json\/wp\/v2\/comments?post=208836"}],"version-history":[{"count":0,"href":"https:\/\/tucomarca.whitekongsoftware.com\/ca\/wp-json\/wp\/v2\/posts\/208836\/revisions"}],"wp:featuredmedia":[{"embeddable":true,"href":"https:\/\/tucomarca.whitekongsoftware.com\/ca\/wp-json\/wp\/v2\/media\/208835"}],"wp:attachment":[{"href":"https:\/\/tucomarca.whitekongsoftware.com\/ca\/wp-json\/wp\/v2\/media?parent=208836"}],"wp:term":[{"taxonomy":"category","embeddable":true,"href":"https:\/\/tucomarca.whitekongsoftware.com\/ca\/wp-json\/wp\/v2\/categories?post=208836"},{"taxonomy":"post_tag","embeddable":true,"href":"https:\/\/tucomarca.whitekongsoftware.com\/ca\/wp-json\/wp\/v2\/tags?post=208836"}],"curies":[{"name":"wp","href":"https:\/\/api.w.org\/{rel}","templated":true}]}}