{"id":208732,"date":"2024-01-28T14:00:00","date_gmt":"2024-01-28T13:00:00","guid":{"rendered":"https:\/\/www.tucomarca.com\/wordpress\/segunda\/?p=208732"},"modified":"2024-01-28T19:25:09","modified_gmt":"2024-01-28T18:25:09","slug":"riba-roja-destinara-225-000-euros-a-lany-en-ajudes-economiques-demergencia-social-per-a-cobrir-les-despeses-necessaries-de-families-i-unitats-de-convivencia","status":"publish","type":"post","link":"https:\/\/tucomarca.whitekongsoftware.com\/ca\/riba-roja-destinara-225-000-euros-a-lany-en-ajudes-economiques-demergencia-social-per-a-cobrir-les-despeses-necessaries-de-families-i-unitats-de-convivencia\/","title":{"rendered":"Riba-roja destinar\u00e0 225.000 euros a l&#8217;any en ajudes econ\u00f2miques d&#8217;emerg\u00e8ncia social per a cobrir les despeses necess\u00e0ries de fam\u00edlies i unitats de conviv\u00e8ncia\u00a0"},"content":{"rendered":"\n<h4 class=\"wp-block-heading\">L&#8217;ajuntament publica les bases reguladores de les ajudes econ\u00f2miques enfocades a sufragar les despeses de determinades situacions socials&nbsp;<\/h4>\n\n\n\n<p class=\"wp-block-paragraph\">L&#8217;Ajuntament de Riba-roja de T\u00faria ha publicat les bases reguladores de les ajudes econ\u00f2miques d&#8217;emerg\u00e8ncia social corresponent al per\u00edode compr\u00e9s entre els anys 2022 i 2025. D&#8217;aquesta manera, al llarg d&#8217;aquest per\u00edode de temps es destinaran un total de 225.000 euros a l&#8217;any procedents dels fons econ\u00f2mics municipals.&nbsp;<\/p>\n\n\n\n<p class=\"wp-block-paragraph\">Aquestes ajudes tenen un car\u00e0cter extraordinari i estan enfocades a solucionar aquelles situacions en les quals es puguen trobar les fam\u00edlies de Riba-roja de T\u00faria afectades per un estat de necessitat conjuntural, dirigides a la unitat de conviv\u00e8ncia. Les unitats benefici\u00e0ries d&#8217;aquestes ajudes hauran de complir una s\u00e8rie de requisits per a optar a la concessi\u00f3 de les ajudes econ\u00f2miques.&nbsp;<\/p>\n\n\n\n<p class=\"wp-block-paragraph\">La concessi\u00f3 de les subvencions econ\u00f2miques es dur\u00e0 a terme a trav\u00e9s d&#8217;un procediment de concurr\u00e8ncia competitiva que hauran de complir les unitats de conviv\u00e8ncia sol\u00b7licitants al llarg del per\u00edode 2022-2025. Les sol\u00b7licituds rebudes hauran de ser estudiades per una comissi\u00f3 t\u00e8cnica de valoraci\u00f3 i seguiment de les prestacions econ\u00f2miques que, en \u00faltim lloc, decidir\u00e0 la concessi\u00f3 o denegaci\u00f3 d&#8217;aquesta.&nbsp;<\/p>\n\n\n\n<p class=\"wp-block-paragraph\">Les sol\u00b7licituds s&#8217;analitzaran d&#8217;acord amb els factors socials, familiars i econ\u00f2mics de les unitats de conviv\u00e8ncia que opten a les ajudes econ\u00f2miques, d&#8217;acord, a m\u00e9s, d&#8217;altres factors com la documentaci\u00f3 presentada i el compliment del termini establit. Les subvencions que es destinen a les unitats de conviv\u00e8ncia hauran de cobrir necessitats espec\u00edfiques de car\u00e0cter b\u00e0sic i urgent.&nbsp;<\/p>\n\n\n\n<p class=\"wp-block-paragraph\">Entre eixes necessitats cal destacar les despeses destinades a cobrir necessitats b\u00e0siques familiars, despeses imprescindibles per a l&#8217;\u00fas de l&#8217;habitatge habitual, despeses excepcionals en els quals conc\u00f3rreguen circumst\u00e0ncies de greu o urgent necessitat social i d&#8217;inter\u00e9s per a l&#8217;atenci\u00f3 de persones amb important problem\u00e0tica, despla\u00e7aments per a rebre un tractament m\u00e8dic o atenci\u00f3 d&#8217;emerg\u00e8ncia residencial.<\/p>\n\n\n\n<p class=\"wp-block-paragraph\">Els requisits que hauran de complir els beneficiaris consisteixen a estar empadronats i residir en el municipi com a m\u00ednim els 6 mesos d&#8217;antelaci\u00f3 a la sol\u00b7licitud, ser major d&#8217;edat, acreditar situaci\u00f3 de necessitat, aportar documentaci\u00f3, no superar la renda per c\u00e0pita del nucli de conviv\u00e8ncia establida, acceptar un pla personalitzat d&#8217;intervenci\u00f3 social, escolaritzaci\u00f3 i assist\u00e8ncia en cas de menors d&#8217;edat i, a m\u00e9s, haver justificat correctament ajudes concedides amb anterioritat.&nbsp;<\/p>\n\n\n\n<p class=\"wp-block-paragraph\">Les ajudes d&#8217;emerg\u00e8ncia social de Riba-roja de T\u00faria es distribueixen en ajudes econ\u00f2miques a la unitat de conviv\u00e8ncia destinades a cobrir necessitats b\u00e0siques com la compra d&#8217;aliments, productes d&#8217;higiene personal, de neteja de la llar, de subministraments de l&#8217;habitatge habitual i despeses derivades del lloguer d&#8217;aquesta. En el pagament del lloguer de l&#8217;habitatge haur\u00e0 de titular del contracte d&#8217;arrendament la persona sol\u00b7licitant.&nbsp;<\/p>\n\n\n\n<p class=\"wp-block-paragraph\">Tamb\u00e9, es concediran ajudes per a la llet infantil fins que el beb\u00e9 haja complit els 6 mesos d&#8217;edat amb un car\u00e0cter trimestral i ser\u00e0 d&#8217;1 pot de llet infantil setmanal per beb\u00e9, a m\u00e9s d&#8217;ajudes per a pr\u00f2tesis, amb tractaments especialitzats sempre que no estiguen inclosos en la cobertura p\u00fablica sanit\u00e0ria. Es requerir\u00e0, a m\u00e9s, prescripci\u00f3 facultativa de la xarxa p\u00fablica de salut o privada.&nbsp;<\/p>\n\n\n\n<p class=\"wp-block-paragraph\">Altres ajudes complement\u00e0ries estan dirigides a pagar el transport, les despeses farmac\u00e8utiques, les ajudes econ\u00f2miques d&#8217;emerg\u00e8ncia residencial, les ajudes per a atendre necessitats temporals o d&#8217;emerg\u00e8ncia en centres especialitzats o les ajudes polivalents, amb car\u00e0cter temporal i transitori, a m\u00e9s d&#8217;ajudes per a la hipoteca. Totes les ajudes hauran de ser justificades, posteriorment.&nbsp;<\/p>\n\n\n\n<p class=\"wp-block-paragraph\">L&#8217;alcalde de Riba-roja de T\u00faria, Robert Raga, ha afirmat que aquestes ajudes \u201cs\u00f3n el millor escut de protecci\u00f3 social que des de l&#8217;ajuntament posem a la disposici\u00f3 de les fam\u00edlies i les unitats de conviv\u00e8ncia del nostre municipi per a atendre situacions determinades que exigeixen la intervenci\u00f3 econ\u00f2mica de les arques p\u00fabliques, per aix\u00f2, l&#8217;administraci\u00f3 local ha de ser garant del nostre sistema de solidaritat social\u201d.<\/p>\n\n\n\n<p class=\"wp-block-paragraph\"><\/p>\n","protected":false},"excerpt":{"rendered":"<div class=\"mh-excerpt\">L&#8217;ajuntament publica les bases reguladores de les ajudes econ\u00f2miques enfocades a sufragar les despeses de determinades situacions socials&nbsp; L&#8217;Ajuntament de Riba-roja de T\u00faria ha publicat les bases reguladores de les ajudes econ\u00f2miques d&#8217;emerg\u00e8ncia social corresponent <a class=\"mh-excerpt-more\" href=\"https:\/\/tucomarca.whitekongsoftware.com\/ca\/riba-roja-destinara-225-000-euros-a-lany-en-ajudes-economiques-demergencia-social-per-a-cobrir-les-despeses-necessaries-de-families-i-unitats-de-convivencia\/\" title=\"Riba-roja destinar\u00e0 225.000 euros a l&#8217;any en ajudes econ\u00f2miques d&#8217;emerg\u00e8ncia social per a cobrir les despeses necess\u00e0ries de fam\u00edlies i unitats de conviv\u00e8ncia\u00a0\">[+] <\/a><\/div>\n","protected":false},"author":12,"featured_media":200743,"comment_status":"open","ping_status":"open","sticky":false,"template":"","format":"standard","meta":{"footnotes":""},"categories":[10892,10948,10894,10947,10906,10896],"tags":[16354,10899,15024],"class_list":["post-208732","post","type-post","status-publish","format-standard","has-post-thumbnail","category-camp-de-turia-ca","category-infraestructuras-ca","category-la-comarca-ca","category-politica","category-riba-roja-ca","category-seccion-ca","tag-ayudas-economicas-ca","tag-camp-de-turia-ca","tag-riba-roja-de-turia-ca"],"_links":{"self":[{"href":"https:\/\/tucomarca.whitekongsoftware.com\/ca\/wp-json\/wp\/v2\/posts\/208732","targetHints":{"allow":["GET"]}}],"collection":[{"href":"https:\/\/tucomarca.whitekongsoftware.com\/ca\/wp-json\/wp\/v2\/posts"}],"about":[{"href":"https:\/\/tucomarca.whitekongsoftware.com\/ca\/wp-json\/wp\/v2\/types\/post"}],"author":[{"embeddable":true,"href":"https:\/\/tucomarca.whitekongsoftware.com\/ca\/wp-json\/wp\/v2\/users\/12"}],"replies":[{"embeddable":true,"href":"https:\/\/tucomarca.whitekongsoftware.com\/ca\/wp-json\/wp\/v2\/comments?post=208732"}],"version-history":[{"count":0,"href":"https:\/\/tucomarca.whitekongsoftware.com\/ca\/wp-json\/wp\/v2\/posts\/208732\/revisions"}],"wp:featuredmedia":[{"embeddable":true,"href":"https:\/\/tucomarca.whitekongsoftware.com\/ca\/wp-json\/wp\/v2\/media\/200743"}],"wp:attachment":[{"href":"https:\/\/tucomarca.whitekongsoftware.com\/ca\/wp-json\/wp\/v2\/media?parent=208732"}],"wp:term":[{"taxonomy":"category","embeddable":true,"href":"https:\/\/tucomarca.whitekongsoftware.com\/ca\/wp-json\/wp\/v2\/categories?post=208732"},{"taxonomy":"post_tag","embeddable":true,"href":"https:\/\/tucomarca.whitekongsoftware.com\/ca\/wp-json\/wp\/v2\/tags?post=208732"}],"curies":[{"name":"wp","href":"https:\/\/api.w.org\/{rel}","templated":true}]}}