{"id":208720,"date":"2024-01-27T21:00:00","date_gmt":"2024-01-27T20:00:00","guid":{"rendered":"https:\/\/www.tucomarca.com\/wordpress\/segunda\/?p=208720"},"modified":"2024-01-28T16:03:57","modified_gmt":"2024-01-28T15:03:57","slug":"els-alcaldes-del-pp-de-la-provincia-de-valencia-signen-un-manifest-contra-lamnistia-de-sanchez","status":"publish","type":"post","link":"https:\/\/tucomarca.whitekongsoftware.com\/ca\/els-alcaldes-del-pp-de-la-provincia-de-valencia-signen-un-manifest-contra-lamnistia-de-sanchez\/","title":{"rendered":"Els alcaldes del PP de la prov\u00edncia de Val\u00e8ncia signen un manifest contra l&#8217;amnistia de S\u00e1nchez"},"content":{"rendered":"\n<h4 class=\"wp-block-heading\">El president provincial, Vicent Momp\u00f3, reuneix els alcaldes del PP per a defensar \u201cla igualtat dels espanyols enfront dels privilegis concedits per S\u00e1nchez a l&#8217;independentisme catal\u00e0\u201d<\/h4>\n\n\n\n<h4 class=\"wp-block-heading\">Momp\u00f3 mostra el seu \u201crebuig absolut a la llei d&#8217;amnistia\u201d i adverteix que \u201cno existeix terrorisme bo\u201d<\/h4>\n\n\n\n<figure class=\"wp-block-image size-large\"><img loading=\"lazy\" decoding=\"async\" width=\"1024\" height=\"682\" src=\"http:\/\/www.tucomarca.com\/wordpress\/segunda\/wp-content\/uploads\/2024\/01\/PPCVManifiesto1-1024x682.jpg\" alt=\"\" class=\"wp-image-208717\" srcset=\"https:\/\/tucomarca.whitekongsoftware.com\/wp-content\/uploads\/2024\/01\/PPCVManifiesto1-1024x682.jpg 1024w, https:\/\/tucomarca.whitekongsoftware.com\/wp-content\/uploads\/2024\/01\/PPCVManifiesto1-300x200.jpg 300w, https:\/\/tucomarca.whitekongsoftware.com\/wp-content\/uploads\/2024\/01\/PPCVManifiesto1-768x512.jpg 768w, https:\/\/tucomarca.whitekongsoftware.com\/wp-content\/uploads\/2024\/01\/PPCVManifiesto1-1536x1024.jpg 1536w, https:\/\/tucomarca.whitekongsoftware.com\/wp-content\/uploads\/2024\/01\/PPCVManifiesto1-2048x1365.jpg 2048w\" sizes=\"auto, (max-width: 1024px) 100vw, 1024px\" \/><\/figure>\n\n\n\n<p class=\"wp-block-paragraph\">Els alcaldes del PP de la prov\u00edncia de Val\u00e8ncia han signat un manifest en la seu del PPCV \u201cper la igualtat dels espanyols enfront dels privilegis concedits per S\u00e1nchez a l&#8217;independentisme catal\u00e0\u201d davant la imminent aprovaci\u00f3 de la llei d&#8217;amnistia del govern de coalici\u00f3.<\/p>\n\n\n\n<p class=\"wp-block-paragraph\">\u201cEns hem unit per a defensar que els serveis p\u00fablics i la igualtat dels espanyols davant la llei no poden ser moneda de canvi per a blindar la presid\u00e8ncia de Pedro S\u00e1nchez\u201d, ha explicat el president del PP de la prov\u00edncia de Val\u00e8ncia, Vicent Momp\u00f3, qui ha advertit que \u201cS\u00e1nchez es continua aferrant a la Moncloa i li \u00e9s igual el que li demanen els separatistes perqu\u00e8 li ho donar\u00e0 tot\u201d.<\/p>\n\n\n\n<p class=\"wp-block-paragraph\">Igualment, ha esgrimit, \u201cno existeix &#8216;terrorisme bo&#8217; malgrat el que ens vulguen fer creure; tot acte terrorista ha de ser investigat i condemnat\u201d. Per aix\u00f2, ha argumentat el l\u00edder del PP provincial, \u201cdefensem la separaci\u00f3 de poders i la independ\u00e8ncia judicial enfront d&#8217;un govern que est\u00e0 posant en q\u00fcesti\u00f3 i assenyalant a jutges per les seues decisions\u201d.<\/p>\n\n\n\n<p class=\"wp-block-paragraph\">A m\u00e9s, Momp\u00f3 ha instat les alcaldesses i els alcaldes a \u201ccontinuar en aquesta l\u00ednia de protesta pac\u00edfica, per\u00f2 molt ferma\u201d. \u201cEl nostre rebuig \u00e9s absolut i no ens cansarem de reiterar-lo i defensar-lo\u201d, ha assegurat.<\/p>\n\n\n\n<p class=\"wp-block-paragraph\">De fet, dem\u00e0 estaran a Madrid per a secundar la convocat\u00f2ria de N\u00fa\u00f1ez Feij\u00f3o contra l&#8217;amnistia. Ser\u00e0 en la Pla\u00e7a d&#8217;Espanya i s&#8217;espera que assistisquen milers de persones. Mentrestant, hui a Espanya els 3.361 alcaldes del PP han secundat el manifest en actes, com el de Val\u00e8ncia, celebrats en totes les prov\u00edncies.<\/p>\n\n\n\n<h4 class=\"wp-block-heading\"><\/h4>\n","protected":false},"excerpt":{"rendered":"<div class=\"mh-excerpt\">El president provincial, Vicent Momp\u00f3, reuneix els alcaldes del PP per a defensar \u201cla igualtat dels espanyols enfront dels privilegis concedits per S\u00e1nchez a l&#8217;independentisme catal\u00e0\u201d Momp\u00f3 mostra el seu \u201crebuig absolut a la llei <a class=\"mh-excerpt-more\" href=\"https:\/\/tucomarca.whitekongsoftware.com\/ca\/els-alcaldes-del-pp-de-la-provincia-de-valencia-signen-un-manifest-contra-lamnistia-de-sanchez\/\" title=\"Els alcaldes del PP de la prov\u00edncia de Val\u00e8ncia signen un manifest contra l&#8217;amnistia de S\u00e1nchez\">[+] <\/a><\/div>\n","protected":false},"author":12,"featured_media":208716,"comment_status":"open","ping_status":"open","sticky":false,"template":"","format":"standard","meta":{"footnotes":""},"categories":[10898,10948,10894,10904,10947,10896],"tags":[20152,20153,12336],"class_list":["post-208720","post","type-post","status-publish","format-standard","has-post-thumbnail","category-ventana-ca","category-infraestructuras-ca","category-la-comarca-ca","category-sin-categorizar-ca","category-politica","category-seccion-ca","tag-manifiesto-contra-la-amnistia-ca","tag-partido-popular-provincia-de-valencia-ca","tag-ppcv-ca"],"_links":{"self":[{"href":"https:\/\/tucomarca.whitekongsoftware.com\/ca\/wp-json\/wp\/v2\/posts\/208720","targetHints":{"allow":["GET"]}}],"collection":[{"href":"https:\/\/tucomarca.whitekongsoftware.com\/ca\/wp-json\/wp\/v2\/posts"}],"about":[{"href":"https:\/\/tucomarca.whitekongsoftware.com\/ca\/wp-json\/wp\/v2\/types\/post"}],"author":[{"embeddable":true,"href":"https:\/\/tucomarca.whitekongsoftware.com\/ca\/wp-json\/wp\/v2\/users\/12"}],"replies":[{"embeddable":true,"href":"https:\/\/tucomarca.whitekongsoftware.com\/ca\/wp-json\/wp\/v2\/comments?post=208720"}],"version-history":[{"count":0,"href":"https:\/\/tucomarca.whitekongsoftware.com\/ca\/wp-json\/wp\/v2\/posts\/208720\/revisions"}],"wp:featuredmedia":[{"embeddable":true,"href":"https:\/\/tucomarca.whitekongsoftware.com\/ca\/wp-json\/wp\/v2\/media\/208716"}],"wp:attachment":[{"href":"https:\/\/tucomarca.whitekongsoftware.com\/ca\/wp-json\/wp\/v2\/media?parent=208720"}],"wp:term":[{"taxonomy":"category","embeddable":true,"href":"https:\/\/tucomarca.whitekongsoftware.com\/ca\/wp-json\/wp\/v2\/categories?post=208720"},{"taxonomy":"post_tag","embeddable":true,"href":"https:\/\/tucomarca.whitekongsoftware.com\/ca\/wp-json\/wp\/v2\/tags?post=208720"}],"curies":[{"name":"wp","href":"https:\/\/api.w.org\/{rel}","templated":true}]}}