{"id":208678,"date":"2024-01-26T12:12:00","date_gmt":"2024-01-26T11:12:00","guid":{"rendered":"https:\/\/www.tucomarca.com\/wordpress\/segunda\/?p=208678"},"modified":"2024-01-26T19:59:00","modified_gmt":"2024-01-26T18:59:00","slug":"el-certamen-de-bandes-de-la-diputacio-recupera-la-seua-esplendor-amb-el-retorn-de-la-competicio-a-totes-les-seccions","status":"publish","type":"post","link":"https:\/\/tucomarca.whitekongsoftware.com\/ca\/el-certamen-de-bandes-de-la-diputacio-recupera-la-seua-esplendor-amb-el-retorn-de-la-competicio-a-totes-les-seccions\/","title":{"rendered":"El Certamen de Bandes de la Diputaci\u00f3 recupera la seua esplendor amb el retorn de la competici\u00f3 a totes les seccions\u00a0"},"content":{"rendered":"\n<h3 class=\"wp-block-heading\"><strong><strong>Despr\u00e9s de diverses edicions en les quals una o m\u00e9s categories havien quedat desertes, el 47\u00e9 Certamen de Bandes de la Diputaci\u00f3 de Val\u00e8ncia comptar\u00e0 amb participaci\u00f3 de bandes en cadascuna de les quatre seccions<\/strong><\/strong>.<\/h3>\n\n\n\n<h3 class=\"wp-block-heading\"><strong><strong>El diputat de Bandes de M\u00fasica, Ricardo Gabald\u00f3n, ha presidit el sorteig de l&#8217;ordre de participaci\u00f3 d&#8217;una competici\u00f3 que se celebrar\u00e0 els dies 27 i 28 d&#8217;abril en el Palau de la M\u00fasica de Val\u00e8ncia<\/strong><\/strong>.<\/h3>\n\n\n\n<p class=\"wp-block-paragraph\">El Certamen de Bandes de la Diputaci\u00f3 de Val\u00e8ncia torna a celebrar-se en 2024 recuperant tota la seua esplendor. Despr\u00e9s d&#8217;uns anys en qu\u00e8, a causa de la pand\u00e8mia, una o m\u00e9s categories de la competici\u00f3 van quedar desertes, la 47a edici\u00f3 del certamen comptar\u00e0 amb la participaci\u00f3 de bandes en cadascuna de les quatre seccions. En total seran 11 les societats musicals presents en l&#8217;esdeveniment que se celebrar\u00e0 els dies 27 i 28 d&#8217;abril en el Palau de la M\u00fasica de Val\u00e8ncia.<\/p>\n\n\n\n<p class=\"wp-block-paragraph\">Per al diputat de Bandes de M\u00fasica de la corporaci\u00f3 provincial, Ricardo Gabald\u00f3n, \u201ctornar al Palau de la M\u00fasica \u00e9s un al\u00b7licient especial per a les nostres bandes que, en nombroses ocasions, han manifestat la import\u00e0ncia de poder actuar en este auditori tan especial per a la societat valenciana\u201d.<\/p>\n\n\n\n<p class=\"wp-block-paragraph\">D&#8217;esta manera, el 47\u00e9 Certamen de Bandes de la Diputaci\u00f3 de Val\u00e8ncia est\u00e0 dividit en quatre seccions, que van de Primera a Quarta en funci\u00f3 del nombre de m\u00fasics que integra cada banda. Aix\u00ed, en la Secci\u00f3 Primera, que \u00e9s la m\u00e9s nombrosa, participen fins a 90 persones, en la Secci\u00f3 Segona fins a 70, no m\u00e9s de 50 en la Secci\u00f3 Tercera i un l\u00edmit de 40 en la Secci\u00f3 Quarta. La prova consistir\u00e0 enguany en la interpretaci\u00f3 de dos obres per cada banda, una obligada i una altra de lliure elecci\u00f3. De les dos composicions a valorar, l&#8217;obra obligada que s&#8217;ha establit per a cadascuna de les seccions haur\u00e0 d&#8217;executar-se en primer lloc.<\/p>\n\n\n\n<p class=\"wp-block-paragraph\">Les obres obligades seran \u2018Terra de conquestes\u2019, d&#8217;Enrique C\u00e1rcel Villalba, per a la Secci\u00f3 Primera; \u2018Can\u00e7ons de la meua terra\u2019, de Ferrer Ferran, una nova composici\u00f3 que s&#8217;estrenar\u00e0 en el certamen, per a la Secci\u00f3 Segona; els participants en la Secci\u00f3 Tercera hauran d&#8217;interpretar \u2018El camino del Santo Grial\u2019, d&#8217;Eduardo Nogueroles; mentre que els de la Secci\u00f3 Quarta tocaran \u2018Tresors valencians\u2019, de Jordi Peir\u00f3 Marco, tamb\u00e9 de nova composici\u00f3 per a este certamen.<\/p>\n\n\n\n<figure class=\"wp-block-image size-large\"><img loading=\"lazy\" decoding=\"async\" width=\"1024\" height=\"665\" src=\"http:\/\/www.tucomarca.com\/wordpress\/segunda\/wp-content\/uploads\/2024\/01\/DipuCertamen24_2-1024x665.jpg\" alt=\"\" class=\"wp-image-208675\" srcset=\"https:\/\/tucomarca.whitekongsoftware.com\/wp-content\/uploads\/2024\/01\/DipuCertamen24_2-1024x665.jpg 1024w, https:\/\/tucomarca.whitekongsoftware.com\/wp-content\/uploads\/2024\/01\/DipuCertamen24_2-300x195.jpg 300w, https:\/\/tucomarca.whitekongsoftware.com\/wp-content\/uploads\/2024\/01\/DipuCertamen24_2-768x499.jpg 768w, https:\/\/tucomarca.whitekongsoftware.com\/wp-content\/uploads\/2024\/01\/DipuCertamen24_2-1536x998.jpg 1536w, https:\/\/tucomarca.whitekongsoftware.com\/wp-content\/uploads\/2024\/01\/DipuCertamen24_2-2048x1331.jpg 2048w\" sizes=\"auto, (max-width: 1024px) 100vw, 1024px\" \/><\/figure>\n\n\n\n<p class=\"wp-block-paragraph\"><strong>El sorteig<\/strong><\/p>\n\n\n\n<p class=\"wp-block-paragraph\">El sorteig per a con\u00e9ixer l&#8217;ordre de participaci\u00f3 de les bandes inscrites en el 47\u00e9 Certamen de Bandes de la Diputaci\u00f3 de Val\u00e8ncia ha tingut lloc en el Sal\u00f3 de Plens de la corporaci\u00f3 provincial. El mateix ha estat presidit pel diputat d&#8217;Administraci\u00f3 General i Bandes de M\u00fasica, Ricardo Gabald\u00f3n, al costat del cap del servei de Cultura, Josep Vidal, l&#8217;assessor musical de la Diputaci\u00f3, Jes\u00fas Perell\u00f3 i, en representaci\u00f3 de la Federaci\u00f3 de Societats Musicals de la Comunitat Valenciana (FSMCV), Joan Bocanegra.<\/p>\n\n\n\n<p class=\"wp-block-paragraph\">Despr\u00e9s de la celebraci\u00f3 del sorteig, Ricardo Gabald\u00f3n ha volgut \u201cagrair a totes les bandes la seua participaci\u00f3 en un certamen en el qual segur que ens delecten a tots amb les seues actuacions. Sens dubte ser\u00e0 una magn\u00edfica ocasi\u00f3 per a veure i escoltar la bona m\u00fasica que fan les nostres bandes\u201d, i ha animat a totes elles a \u201cfer-ho tan b\u00e9 com siga possible per a demostrar a tots els valencians la fortalesa que continua tenint la nostra m\u00fasica hui dia\u201d.<\/p>\n\n\n\n<p class=\"wp-block-paragraph\">Segons el resultat del sorteig, el dia 27 d&#8217;abril a la vesprada la Uni\u00f3 Art\u00edstica Musical de Montroi ser\u00e0 la primera a actuar de la Secci\u00f3 Primera, seguida de l\u2019Agrupaci\u00f3 Musical l\u2019Amistat de Quart de Poblet. El dia 28 a la vesprada, ser\u00e0 el torn de la Secci\u00f3 Segona, que comen\u00e7ar\u00e0 amb l\u2019Agrupaci\u00f3 Art\u00edstic Musical Santa B\u00e0rbara de Piles, seguida de la Societat Musical l\u2019Entusiasta de Benifair\u00f3 de la Valldigna i la Societat Musical Santa Cecilia de Chelva.<\/p>\n\n\n\n<p class=\"wp-block-paragraph\">La Secci\u00f3 Tercera tindr\u00e0 lloc el 28 al mat\u00ed, i en ella participaran l&#8217;Associaci\u00f3 \u2018M\u00fasica Jove\u2019 de Val\u00e8ncia, la Banda Simf\u00f2nica d\u2019Ontinyent \u2018Tot per la M\u00fasica\u2019, i l\u2019Ateneo Musical del Puerto de Valencia (Banda Juvenil), en este ordre.<\/p>\n\n\n\n<p class=\"wp-block-paragraph\">Finalment, la Secci\u00f3 Quarta, que inaugurar\u00e0 el certamen el dia 27 al mat\u00ed, s&#8217;obrir\u00e0 amb la interpretaci\u00f3 de l\u2019Associaci\u00f3 Amics de la M\u00fasica de Benifai\u00f3, seguida per les actuacions de CIM Banda de M\u00fasica de Torrefiel, i la Uni\u00f3 Musical Centre Hist\u00f2ric de Val\u00e8ncia.<\/p>\n\n\n\n<p class=\"wp-block-paragraph\"><strong>Premis i actuacions fora de la prov\u00edncia<\/strong><\/p>\n\n\n\n<p class=\"wp-block-paragraph\">Quant als premis de la present edici\u00f3, la banda que aconseguisca la major puntuaci\u00f3 en la secci\u00f3 primera rebr\u00e0 5.500 euros; 4.500 euros la guanyadora de la secci\u00f3 segona; 3.500 la vencedora en tercera; i 2.500 euros per a la banda amb la millor puntuaci\u00f3 en la secci\u00f3 quarta. En el cas que, a m\u00e9s, s&#8217;aconseguisca la menci\u00f3 d&#8217;honor, les quanties abans referides seran de 6.500 euros per a la secci\u00f3 primera; 5.500 euros per a la secci\u00f3 segona; 4.500 euros per a la secci\u00f3 tercera; i 3.500 euros per a la secci\u00f3 quarta.<\/p>\n\n\n\n<p class=\"wp-block-paragraph\">A aix\u00f2 cal afegir, com a novetat, l&#8217;anunci realitzat per Ricardo Gabald\u00f3n de la inclusi\u00f3 de dos nous premis. Un de 500 euros als guanyadors de cada secci\u00f3 en l&#8217;apartat d&#8217;obra obligada, amb la col\u00b7laboraci\u00f3 de Musical Campos i Neom\u00fasica; i un altre de 700 euros al millor solista de tot el certamen, amb la col\u00b7laboraci\u00f3 d&#8217;UME. A m\u00e9s, Clemente Pianos participa amb la cessi\u00f3 gratu\u00efta del piano que s&#8217;emprar\u00e0 en esta edici\u00f3.<\/p>\n\n\n\n<p class=\"wp-block-paragraph\">Una altra de les novetats que ha revelat el diputat Ricardo Gabald\u00f3n consistix en el fet que, a m\u00e9s del premi econ\u00f2mic, \u201cdes de la Diputaci\u00f3 potenciarem la col\u00b7laboraci\u00f3 amb altres administracions perqu\u00e8 les bandes guanyadores puguen actuar fora de la prov\u00edncia\u201d.<\/p>\n","protected":false},"excerpt":{"rendered":"<div class=\"mh-excerpt\">Despr\u00e9s de diverses edicions en les quals una o m\u00e9s categories havien quedat desertes, el 47\u00e9 Certamen de Bandes de la Diputaci\u00f3 de Val\u00e8ncia comptar\u00e0 amb participaci\u00f3 de bandes en cadascuna de les quatre seccions. <a class=\"mh-excerpt-more\" href=\"https:\/\/tucomarca.whitekongsoftware.com\/ca\/el-certamen-de-bandes-de-la-diputacio-recupera-la-seua-esplendor-amb-el-retorn-de-la-competicio-a-totes-les-seccions\/\" title=\"El Certamen de Bandes de la Diputaci\u00f3 recupera la seua esplendor amb el retorn de la competici\u00f3 a totes les seccions\u00a0\">[+] <\/a><\/div>\n","protected":false},"author":1,"featured_media":208674,"comment_status":"open","ping_status":"open","sticky":false,"template":"","format":"standard","meta":{"footnotes":""},"categories":[10890,10987,11005,11039,11046,10898,10948,10894,10904,10902,11001,11007,10909,10896,11059],"tags":[12209,11246,11199,11080],"class_list":["post-208678","post","type-post","status-publish","format-standard","has-post-thumbnail","category-ademus","category-benifaio-ca","category-canal-musica","category-chelva-ca","category-los-serranos-ca","category-ventana-ca","category-infraestructuras-ca","category-la-comarca-ca","category-sin-categorizar-ca","category-la-ribera-ca","category-montroi-ca","category-ocio-y-cultura-ca","category-requena-utiel-ca","category-seccion-ca","category-utiel-ca","tag-certamen-de-bandas-de-la-diputacio-ca","tag-diputacio-de-valencia-ca","tag-la-comunitat-ca","tag-los-serranos-ca"],"_links":{"self":[{"href":"https:\/\/tucomarca.whitekongsoftware.com\/ca\/wp-json\/wp\/v2\/posts\/208678","targetHints":{"allow":["GET"]}}],"collection":[{"href":"https:\/\/tucomarca.whitekongsoftware.com\/ca\/wp-json\/wp\/v2\/posts"}],"about":[{"href":"https:\/\/tucomarca.whitekongsoftware.com\/ca\/wp-json\/wp\/v2\/types\/post"}],"author":[{"embeddable":true,"href":"https:\/\/tucomarca.whitekongsoftware.com\/ca\/wp-json\/wp\/v2\/users\/1"}],"replies":[{"embeddable":true,"href":"https:\/\/tucomarca.whitekongsoftware.com\/ca\/wp-json\/wp\/v2\/comments?post=208678"}],"version-history":[{"count":0,"href":"https:\/\/tucomarca.whitekongsoftware.com\/ca\/wp-json\/wp\/v2\/posts\/208678\/revisions"}],"wp:featuredmedia":[{"embeddable":true,"href":"https:\/\/tucomarca.whitekongsoftware.com\/ca\/wp-json\/wp\/v2\/media\/208674"}],"wp:attachment":[{"href":"https:\/\/tucomarca.whitekongsoftware.com\/ca\/wp-json\/wp\/v2\/media?parent=208678"}],"wp:term":[{"taxonomy":"category","embeddable":true,"href":"https:\/\/tucomarca.whitekongsoftware.com\/ca\/wp-json\/wp\/v2\/categories?post=208678"},{"taxonomy":"post_tag","embeddable":true,"href":"https:\/\/tucomarca.whitekongsoftware.com\/ca\/wp-json\/wp\/v2\/tags?post=208678"}],"curies":[{"name":"wp","href":"https:\/\/api.w.org\/{rel}","templated":true}]}}