{"id":208620,"date":"2024-01-26T12:00:00","date_gmt":"2024-01-26T11:00:00","guid":{"rendered":"https:\/\/www.tucomarca.com\/wordpress\/segunda\/?p=208620"},"modified":"2024-01-26T14:58:30","modified_gmt":"2024-01-26T13:58:30","slug":"centenars-dagricultors-convocats-per-ava-asaja-arranquen-les-protestes-amb-una-foguera-del-vi-a-utiel-requena-contra-el-pla-de-brusselles-per-a-matar-nos","status":"publish","type":"post","link":"https:\/\/tucomarca.whitekongsoftware.com\/ca\/centenars-dagricultors-convocats-per-ava-asaja-arranquen-les-protestes-amb-una-foguera-del-vi-a-utiel-requena-contra-el-pla-de-brusselles-per-a-matar-nos\/","title":{"rendered":"Centenars d&#8217;agricultors convocats per AVA-Asaja arranquen les protestes amb una \u2018foguera del vi\u2019 a Utiel-Requena contra \u201cel pla de Brussel\u00b7les per a matar-nos\u201d"},"content":{"rendered":"\n<p class=\"wp-block-paragraph\">Centenars d&#8217;agricultors de l&#8217;Associaci\u00f3 Valenciana d&#8217;Agricultors (AVA-ASAJA) i altres organitzacions agr\u00e0ries i cooperatives de la comarca d&#8217;Utiel-Requena han realitzat este dijous una \u2018foguera del vi\u2019 a Caudete de las Fuentes contra \u201cel pla preconcebut de Brussel\u00b7les per a matar-nos als agricultors i ramaders europeus i substituir-nos per les importacions procedents de pa\u00efsos tercers que tenen els mateixos drets que els Estats membres per\u00f2 no tenen les mateixes obligacions laborals, fiscals, fitosanit\u00e0ries o mediambientals\u201d, tal com ha assegurat el president de AVA-ASAJA Crist\u00f3bal Aguado.<br>La crema d&#8217;una muntanya de ceps i sarments, acompanyada de cartells reivindicatius com \u201cLes pol\u00edtiques agr\u00e0ries calciguen al sector\u201d, \u201cUna PAC que no serveix\u201d o \u201cSense vida no hi ha vinya, ha sigut la primera protesta convocada per AVA-ASAJA, a la qual s&#8217;han sumat La Uni\u00f3, la Coordinadora Llauradora del Pa\u00eds Valenci\u00e0 (CCPV-COAG), Cooperatives Agro-aliment\u00e0ries, l&#8217;Associaci\u00f3 de Viticultors Cava de Requena i la Denominaci\u00f3 d&#8217;Origen Utiel-Requena.<br>Aigualit ha denunciat que \u201cels nostres enemics estan a Brussel\u00b7les. Altres pa\u00efsos europeus estan al\u00e7ant la veu i fins i tot als Pa\u00efsos Baixos han creat un partit pol\u00edtic per a defensar als productors. Crec que l&#8217;estrat\u00e8gia marcada per la Comissi\u00f3 \u00e9s la mort dels agricultors i, per tant, la mort del camp europeu. O canviem les pol\u00edtiques agr\u00e0ries, o hi haur\u00e0 m\u00e9s camps abandonats, m\u00e9s incendis, m\u00e9s despoblament i aliments m\u00e9s cars. Som els primers ecologistes que cuidem el bosc verd que no es crema i que omplim les neveres. I aix\u00f2 mereix un reconeixement real en forma de preus justos i estabilitat\u201d.<br>El responsable d&#8217;Utiel-Requena de AVA-ASAJA, Luis Juli\u00e1n P\u00e9rez, ha assenyalat que \u201cla comarca est\u00e0 arru\u00efnada, la situaci\u00f3 \u00e9s dolenta, pitjor del que pensem. Hi ha moltes fam\u00edlies que no poden ni pagar la seguretat social i no tiraran avant. A causa del canvi clim\u00e0tic produ\u00efm la meitat que fa uns anys. A causa de la guerra els nostres costos s&#8217;han duplicat o triplicat. I els preus s\u00f3n ru\u00efnosos. Necessitem mesures de suport ja\u201d.<br>AVA-ASAJA ha reclamat aprovar ajudes directes als productors de ra\u00efm i olivar, ampliar les establides per a ametla, cereals i ramaderia, adoptar mesures de suport com la verema en verd (la Conselleria d&#8217;Agricultura la va demanar ahir al Ministeri), la destil\u00b7laci\u00f3 de crisi o i ajudes a l&#8217;aband\u00f3 definitiu de vinyes, flexibilitzant el desviament dels fons sobrants del PASVE a aquestes mesures de suport. Tamb\u00e9 ha sol\u00b7licitat incrementar en totes les p\u00f2lisses d&#8217;asseguran\u00e7a que tinguen cobert el risc de sequera fins al 70% del cost (el m\u00e0xim perm\u00e9s per la legislaci\u00f3) a c\u00e0rrec de la subvenci\u00f3 de les administracions, dret de reg de suport a tots els cultius llenyosos de sec\u00e0, agilitzar els pagaments de les ajudes de la PAC de l&#8217;any 2023, resoldre els errors administratius que estan provocant la denegaci\u00f3 del 15% de subvenci\u00f3 addicional per cultiu ecol\u00f2gic en resolucions de plans de millora i prorrogar la bonificaci\u00f3 del gasoil B.<br>Aix\u00ed mateix, l&#8217;organitzaci\u00f3 agr\u00e0ria insta les autoritats comunit\u00e0ries a impulsar una PAC m\u00e9s mediterr\u00e0nia i que contemple la necessitat de suport als sectors de sec\u00e0 i del nostre model ramader sostenible, exigir reciprocitat en les produccions agr\u00edcoles i ramaderes que s&#8217;importen de pa\u00efsos tercers, de manera que existisquen les mateixes condicions de producci\u00f3 dins i fora de la Uni\u00f3 Europea per als aliments que arriben als nostres consumidors, flexibilitzar els terminis i les exig\u00e8ncies establides per les iniciatives legislatives incloses dins del Pacte Verd Europeu perqu\u00e8 els agricultors i ramaders europeus puguen adaptar-se sense menyscabar la rendibilitat de les explotacions, retardant l&#8217;entrada en vigor i flexibilitzant les condicions del quadern digital d&#8217;explotaci\u00f3.<\/p>\n\n\n\n<p class=\"wp-block-paragraph\"><strong>Atacs francesos<\/strong><\/p>\n\n\n\n<p class=\"wp-block-paragraph\">AVA-ASAJA ha demanat a les autoritats espanyoles i franceses que protegisquen les produccions agroaliment\u00e0ries espanyoles que travessen les carreteres franceses. Aigualit ha recordat que \u201cels agricultors i ramaders espanyols complim les mateixes normatives europees que els francesos i, per tant, no som una compet\u00e8ncia deslleial com s\u00ed que ho s\u00f3n les importacions que arriben de pa\u00efsos tercers. El sector agrari europeu ha de mantindre&#8217;s unit contra els nostres enemics comuns: els pol\u00edtics comunitaris que no trepitgen terra, que es mouen per un ecologisme filos\u00f2fic i radical, i que sembla que vulguen expulsar-nos per a deixar espai als aliments de fora\u201d.<\/p>\n","protected":false},"excerpt":{"rendered":"<div class=\"mh-excerpt\">Centenars d&#8217;agricultors de l&#8217;Associaci\u00f3 Valenciana d&#8217;Agricultors (AVA-ASAJA) i altres organitzacions agr\u00e0ries i cooperatives de la comarca d&#8217;Utiel-Requena han realitzat este dijous una \u2018foguera del vi\u2019 a Caudete de las Fuentes contra \u201cel pla preconcebut de <a class=\"mh-excerpt-more\" href=\"https:\/\/tucomarca.whitekongsoftware.com\/ca\/centenars-dagricultors-convocats-per-ava-asaja-arranquen-les-protestes-amb-una-foguera-del-vi-a-utiel-requena-contra-el-pla-de-brusselles-per-a-matar-nos\/\" title=\"Centenars d&#8217;agricultors convocats per AVA-Asaja arranquen les protestes amb una \u2018foguera del vi\u2019 a Utiel-Requena contra \u201cel pla de Brussel\u00b7les per a matar-nos\u201d\">[+] <\/a><\/div>\n","protected":false},"author":1,"featured_media":208608,"comment_status":"open","ping_status":"open","sticky":false,"template":"","format":"standard","meta":{"footnotes":""},"categories":[10905,11032,10898,10948,10894,10904,10903,10947,10909,10896,10897],"tags":[11731,12700,10910],"class_list":["post-208620","post","type-post","status-publish","format-standard","has-post-thumbnail","category-agricultura-la-comarca-ca","category-caudete-ca","category-ventana-ca","category-infraestructuras-ca","category-la-comarca-ca","category-sin-categorizar-ca","category-medio-ambiente-la-comarca-ca","category-politica","category-requena-utiel-ca","category-seccion-ca","category-sucesos-la-comarca-ca","tag-ava-ca","tag-caudete-de-las-fuentes-ca","tag-requena-utiel-ca"],"_links":{"self":[{"href":"https:\/\/tucomarca.whitekongsoftware.com\/ca\/wp-json\/wp\/v2\/posts\/208620","targetHints":{"allow":["GET"]}}],"collection":[{"href":"https:\/\/tucomarca.whitekongsoftware.com\/ca\/wp-json\/wp\/v2\/posts"}],"about":[{"href":"https:\/\/tucomarca.whitekongsoftware.com\/ca\/wp-json\/wp\/v2\/types\/post"}],"author":[{"embeddable":true,"href":"https:\/\/tucomarca.whitekongsoftware.com\/ca\/wp-json\/wp\/v2\/users\/1"}],"replies":[{"embeddable":true,"href":"https:\/\/tucomarca.whitekongsoftware.com\/ca\/wp-json\/wp\/v2\/comments?post=208620"}],"version-history":[{"count":0,"href":"https:\/\/tucomarca.whitekongsoftware.com\/ca\/wp-json\/wp\/v2\/posts\/208620\/revisions"}],"wp:featuredmedia":[{"embeddable":true,"href":"https:\/\/tucomarca.whitekongsoftware.com\/ca\/wp-json\/wp\/v2\/media\/208608"}],"wp:attachment":[{"href":"https:\/\/tucomarca.whitekongsoftware.com\/ca\/wp-json\/wp\/v2\/media?parent=208620"}],"wp:term":[{"taxonomy":"category","embeddable":true,"href":"https:\/\/tucomarca.whitekongsoftware.com\/ca\/wp-json\/wp\/v2\/categories?post=208620"},{"taxonomy":"post_tag","embeddable":true,"href":"https:\/\/tucomarca.whitekongsoftware.com\/ca\/wp-json\/wp\/v2\/tags?post=208620"}],"curies":[{"name":"wp","href":"https:\/\/api.w.org\/{rel}","templated":true}]}}