{"id":208593,"date":"2024-01-25T21:00:00","date_gmt":"2024-01-25T20:00:00","guid":{"rendered":"https:\/\/www.tucomarca.com\/wordpress\/segunda\/?p=208593"},"modified":"2024-01-25T21:10:05","modified_gmt":"2024-01-25T20:10:05","slug":"un-incendi-originat-en-terrenys-agricoles-de-la-partida-bunyolense-de-baiba-calcina-prop-duna-hectarea-de-massa-forestal","status":"publish","type":"post","link":"https:\/\/tucomarca.whitekongsoftware.com\/ca\/un-incendi-originat-en-terrenys-agricoles-de-la-partida-bunyolense-de-baiba-calcina-prop-duna-hectarea-de-massa-forestal\/","title":{"rendered":"Un incendi originat en terrenys agr\u00edcoles de la partida bunyolense de Baiba calcina prop d&#8217;una hect\u00e0rea de massa forestal\u00a0"},"content":{"rendered":"\n<figure class=\"wp-block-image size-large\"><img loading=\"lazy\" decoding=\"async\" width=\"1024\" height=\"853\" src=\"http:\/\/www.tucomarca.com\/wordpress\/segunda\/wp-content\/uploads\/2024\/01\/IncendioPardenillas-1-1024x853.jpg\" alt=\"\" class=\"wp-image-208509\" srcset=\"https:\/\/tucomarca.whitekongsoftware.com\/wp-content\/uploads\/2024\/01\/IncendioPardenillas-1-1024x853.jpg 1024w, https:\/\/tucomarca.whitekongsoftware.com\/wp-content\/uploads\/2024\/01\/IncendioPardenillas-1-300x250.jpg 300w, https:\/\/tucomarca.whitekongsoftware.com\/wp-content\/uploads\/2024\/01\/IncendioPardenillas-1-768x640.jpg 768w, https:\/\/tucomarca.whitekongsoftware.com\/wp-content\/uploads\/2024\/01\/IncendioPardenillas-1.jpg 1181w\" sizes=\"auto, (max-width: 1024px) 100vw, 1024px\" \/><\/figure>\n\n\n\n<p class=\"wp-block-paragraph\">L&#8217;incendi que aquest dijous al migdia es va originar en uns terrenys agr\u00edcoles de la partida bunyolense de Baiba, concretament en les proximitats de la carretera que uneix Bunyol amb Godelleta, ha afectat a prop d&#8217;una hect\u00e0rea de terreny forestal i ha obligat a la intervenci\u00f3 d&#8217;efectius del Consorci Provincial de Bombers de Val\u00e8ncia secundats per mitjans aeris de la Generalitat Valenciana que han controlat l&#8217;incendi a les 14,16 hores i l&#8217;han donat per extingit poc temps despr\u00e9s. <\/p>\n\n\n\n<p class=\"wp-block-paragraph\">En els treballs d&#8217;extinci\u00f3 del sinistre, que s&#8217;han iniciat passada la una del migdia, han participat efectius del parc de bombers de Xiva; un coordinador forestal del Consorci; una autobomba i dues brigades forestals del Consorci, una d&#8217;elles helitransportada; al costat d&#8217;un agent mediambiental i dos mitjans aeris.<\/p>\n","protected":false},"excerpt":{"rendered":"<div class=\"mh-excerpt\">L&#8217;incendi que aquest dijous al migdia es va originar en uns terrenys agr\u00edcoles de la partida bunyolense de Baiba, concretament en les proximitats de la carretera que uneix Bunyol amb Godelleta, ha afectat a prop <a class=\"mh-excerpt-more\" href=\"https:\/\/tucomarca.whitekongsoftware.com\/ca\/un-incendi-originat-en-terrenys-agricoles-de-la-partida-bunyolense-de-baiba-calcina-prop-duna-hectarea-de-massa-forestal\/\" title=\"Un incendi originat en terrenys agr\u00edcoles de la partida bunyolense de Baiba calcina prop d&#8217;una hect\u00e0rea de massa forestal\u00a0\">[+] <\/a><\/div>\n","protected":false},"author":1,"featured_media":208510,"comment_status":"open","ping_status":"open","sticky":false,"template":"","format":"image","meta":{"footnotes":""},"categories":[10905,10911,10898,10948,10894,10904,10912,10903,10896,10897],"tags":[10913,12755,10914],"class_list":["post-208593","post","type-post","status-publish","format-image","has-post-thumbnail","category-agricultura-la-comarca-ca","category-bunol-ca","category-ventana-ca","category-infraestructuras-ca","category-la-comarca-ca","category-sin-categorizar-ca","category-la-hoya-ca","category-medio-ambiente-la-comarca-ca","category-seccion-ca","category-sucesos-la-comarca-ca","tag-bunol-ca","tag-incendio-ca","tag-la-hoya-de-bunol-chiva-ca","post_format-post-format-image"],"_links":{"self":[{"href":"https:\/\/tucomarca.whitekongsoftware.com\/ca\/wp-json\/wp\/v2\/posts\/208593","targetHints":{"allow":["GET"]}}],"collection":[{"href":"https:\/\/tucomarca.whitekongsoftware.com\/ca\/wp-json\/wp\/v2\/posts"}],"about":[{"href":"https:\/\/tucomarca.whitekongsoftware.com\/ca\/wp-json\/wp\/v2\/types\/post"}],"author":[{"embeddable":true,"href":"https:\/\/tucomarca.whitekongsoftware.com\/ca\/wp-json\/wp\/v2\/users\/1"}],"replies":[{"embeddable":true,"href":"https:\/\/tucomarca.whitekongsoftware.com\/ca\/wp-json\/wp\/v2\/comments?post=208593"}],"version-history":[{"count":0,"href":"https:\/\/tucomarca.whitekongsoftware.com\/ca\/wp-json\/wp\/v2\/posts\/208593\/revisions"}],"wp:featuredmedia":[{"embeddable":true,"href":"https:\/\/tucomarca.whitekongsoftware.com\/ca\/wp-json\/wp\/v2\/media\/208510"}],"wp:attachment":[{"href":"https:\/\/tucomarca.whitekongsoftware.com\/ca\/wp-json\/wp\/v2\/media?parent=208593"}],"wp:term":[{"taxonomy":"category","embeddable":true,"href":"https:\/\/tucomarca.whitekongsoftware.com\/ca\/wp-json\/wp\/v2\/categories?post=208593"},{"taxonomy":"post_tag","embeddable":true,"href":"https:\/\/tucomarca.whitekongsoftware.com\/ca\/wp-json\/wp\/v2\/tags?post=208593"}],"curies":[{"name":"wp","href":"https:\/\/api.w.org\/{rel}","templated":true}]}}