{"id":208554,"date":"2024-01-25T13:45:00","date_gmt":"2024-01-25T12:45:00","guid":{"rendered":"https:\/\/www.tucomarca.com\/wordpress\/segunda\/?p=208554"},"modified":"2024-01-25T19:21:57","modified_gmt":"2024-01-25T18:21:57","slug":"el-pla-obert-de-la-diputacio-repartira-29-milions-mes-entre-els-municipis-de-la-foia-de-bunyol-xiva-i-14-milions-mes-al-valle-de-aiora-cofrents","status":"publish","type":"post","link":"https:\/\/tucomarca.whitekongsoftware.com\/ca\/el-pla-obert-de-la-diputacio-repartira-29-milions-mes-entre-els-municipis-de-la-foia-de-bunyol-xiva-i-14-milions-mes-al-valle-de-aiora-cofrents\/","title":{"rendered":"El Pla Obert de la Diputaci\u00f3 repartir\u00e0 2,9 milions m\u00e9s entre els municipis de la Foia de Bunyol-Xiva i 1,4 milions m\u00e9s al Valle de Aiora-Cofrents"},"content":{"rendered":"\n<h3 class=\"wp-block-heading\"><strong><strong>L&#8217;assignaci\u00f3 d&#8217;este pla a quatre anys, una de les novetats per a facilitar la planificaci\u00f3 i execuci\u00f3 de les obres, creix en tots els municipis i assigna 12,9 milions d&#8217;euros a la Foia de Bunyol-Xiva i 8,1 milions al Valle de Aiora<\/strong><\/strong>-Cofrents.<\/h3>\n\n\n\n<h3 class=\"wp-block-heading\"><strong><strong>La vicepresidenta primera i responsable de Cooperaci\u00f3, Nat\u00e0lia Enguix, assegura que \u201cm\u00e9s enll\u00e0 de titulars amb l&#8217;anunci de milions, facilitarem el proc\u00e9s als pobles perqu\u00e8 convertisquen en realitat els seus projectes\u201d<\/strong><\/strong>.<\/h3>\n\n\n\n<h3 class=\"wp-block-heading\"><strong><strong>El ple de gener aprovar\u00e0 un pla que premiar\u00e0 les iniciatives arriscades i noves que transformen els municipis i que tindr\u00e0 tres convocat\u00f2ries anuals, la primera a l&#8217;abril. Es podran presentar projectes durant tot l&#8217;any<\/strong><\/strong>.<\/h3>\n\n\n\n<p class=\"wp-block-paragraph\">Els municipis de la Foia de Bunyol-Xiva i el Valle de Aiora-Cofrents han vist incrementada la seua assignaci\u00f3 amb el nou Pla Obert d\u2019Inversions de la Diputaci\u00f3 de Val\u00e8ncia. En concret, els nou ajuntaments de L\u2019Hoya rebran en el seu conjunt 12.975.836 euros en els pr\u00f2xims quatre anys, 2,9 milions m\u00e9s que en el per\u00edode 2019-23; mentre que els set consistoris del Valle de Aiora-Cofrents disposaran de 8.171.390 euros, 1,4 milions m\u00e9s que en la passada legislatura.<\/p>\n\n\n\n<p class=\"wp-block-paragraph\">Totes les comarques valencianes han vist incrementada de manera considerable l&#8217;assignaci\u00f3 del nou Pla Obert d\u2019Inversions de la Diputaci\u00f3 de Val\u00e8ncia, el major programa inversor en la hist\u00f2ria de la corporaci\u00f3 provincial amb una partida de 350 milions d&#8217;euros a quatre anys. Precisament la planificaci\u00f3 quadriennal \u00e9s una de les principals novetats d&#8217;un pla que pret\u00e9n \u201cfacilitar el proc\u00e9s als ajuntaments, que podran presentar els seus projectes en qualsevol moment, sense pressions, i disposaran del temps suficient per a executar les obres i que els diners es queden als pobles\u201d, destaca la vicepresidenta primera i responsable de Cooperaci\u00f3, Nat\u00e0lia Enguix.<\/p>\n\n\n\n<p class=\"wp-block-paragraph\">Les xifres del Pla Obert d\u2019Inversions, comunicades a cada alcalde i alcaldessa el passat 5 de gener, tal com va avan\u00e7ar la vicepresidenta Enguix en la presentaci\u00f3 del pla, confirmen que 257 de 264 ajuntaments rebran m\u00e9s diners amb el Pla Obert, mentre que els set restants disposaran d&#8217;inversions complement\u00e0ries al llarg de la legislatura perqu\u00e8 puguen igualment incrementar els seus recursos. \u201cLa resposta ha sigut molt positiva per part dels alcaldes i alcaldesses, que valoren sobretot la implicaci\u00f3 de la Diputaci\u00f3 per a facilitar el procediment i agilitzar els projectes\u201d, assegura la vicepresidenta.<\/p>\n\n\n\n<p class=\"wp-block-paragraph\">En paraules d&#8217;Enguix, \u201cqueda acreditat l&#8217;esfor\u00e7 inversor i que els ajuntaments disposaran de m\u00e9s recursos econ\u00f2mics, per\u00f2 no volem que este siga un pla sol de titulars amb una pluja de milions per als pobles, sin\u00f3 que els projectes es plasmen en millores reals per als municipis i que siga tamb\u00e9 un pla de valors, que incentivar\u00e0 la responsabilitat dels alcaldes en actuacions relacionades amb l&#8217;aigua, els espais verds i infantils, les infraestructures esportives o l&#8217;urbanisme amb perspectiva de g\u00e8nere, i reconeixer\u00e0 les bones pr\u00e0ctiques dels ajuntaments i les iniciatives noves que transformen els nostres municipis\u201d.<\/p>\n\n\n\n<p class=\"wp-block-paragraph\"><strong>Repartiment per municipis<\/strong><\/p>\n\n\n\n<p class=\"wp-block-paragraph\">L&#8217;assignaci\u00f3 del nou pla d&#8217;inversions de la Diputaci\u00f3 que dirigix Vicent Momp\u00f3 creix exponencialment en els municipis de les dos comarques. En el cas de la Foia de Bunyol-Xiva, destaquen els 566.000 euros de m\u00e9s que rebran Xiva (2.378.356 euros) i Bunyol (2.057.477 euros); i els 362.000 euros addicionals per a Xest (1.804.304 euros). A m\u00e9s, I\u00e0tova i Godelleta disposaran de m\u00e9s de 300.000 euros addicionals en el nou pla inversor de la Diputaci\u00f3.<\/p>\n\n\n\n<figure class=\"wp-block-image size-full\"><img loading=\"lazy\" decoding=\"async\" width=\"740\" height=\"172\" src=\"http:\/\/www.tucomarca.com\/wordpress\/segunda\/wp-content\/uploads\/2024\/01\/HoyaDipuTabla-e1706206283710.jpg\" alt=\"\" class=\"wp-image-208549\" srcset=\"https:\/\/tucomarca.whitekongsoftware.com\/wp-content\/uploads\/2024\/01\/HoyaDipuTabla-e1706206283710.jpg 740w, https:\/\/tucomarca.whitekongsoftware.com\/wp-content\/uploads\/2024\/01\/HoyaDipuTabla-e1706206283710-300x70.jpg 300w\" sizes=\"auto, (max-width: 740px) 100vw, 740px\" \/><\/figure>\n\n\n\n<p class=\"wp-block-paragraph\">Al Valle de Aiora-Cofrents, els principals increments es donen en la mateixa Aiora, amb 366.000 euros m\u00e9s i 1.941.420 euros d&#8217;assignaci\u00f3; i a Cofrents (1.180.288 euros), Teresa de Cofrents (1.067.328 euros) i Jalance (984.470 euros), que veuen incrementada la seua assignaci\u00f3 en m\u00e9s de 200.000 euros. En el cas de Cortes de Pall\u00e0s (1.122.251 euros) es produ\u00efx un descens de 29.000 euros que es compensar\u00e0 amb altres l\u00ednies d&#8217;inversi\u00f3 provincials.<\/p>\n\n\n\n<figure class=\"wp-block-image size-full\"><img loading=\"lazy\" decoding=\"async\" width=\"734\" height=\"162\" src=\"http:\/\/www.tucomarca.com\/wordpress\/segunda\/wp-content\/uploads\/2024\/01\/ValleAyoraTabla-e1706206348193.jpg\" alt=\"\" class=\"wp-image-208551\" srcset=\"https:\/\/tucomarca.whitekongsoftware.com\/wp-content\/uploads\/2024\/01\/ValleAyoraTabla-e1706206348193.jpg 734w, https:\/\/tucomarca.whitekongsoftware.com\/wp-content\/uploads\/2024\/01\/ValleAyoraTabla-e1706206348193-300x66.jpg 300w\" sizes=\"auto, (max-width: 734px) 100vw, 734px\" \/><\/figure>\n\n\n\n<p class=\"wp-block-paragraph\">La vicepresidenta Enguix afig que les modulacions en les f\u00f3rmules de repartiment \u201csempre generen canvis puntuals en l&#8217;assignaci\u00f3 als municipis, per\u00f2 esta vegada ha sigut a l&#8217;al\u00e7a per a tots, com no podia ser d&#8217;una altra forma quan s&#8217;ha incrementat la dotaci\u00f3 del pla en 60 milions d&#8217;euros\u201d. \u201cEn esta ocasi\u00f3 ha prevalgut m\u00e9s la poblaci\u00f3 que el territori, en coher\u00e8ncia amb el que els valencians reclamen al sistema de finan\u00e7ament estatal, que ens infrafinan\u00e7a al no tindre en compte la poblaci\u00f3\u201d, conclou la responsable provincial.<\/p>\n","protected":false},"excerpt":{"rendered":"<div class=\"mh-excerpt\">L&#8217;assignaci\u00f3 d&#8217;este pla a quatre anys, una de les novetats per a facilitar la planificaci\u00f3 i execuci\u00f3 de les obres, creix en tots els municipis i assigna 12,9 milions d&#8217;euros a la Foia de Bunyol-Xiva <a class=\"mh-excerpt-more\" href=\"https:\/\/tucomarca.whitekongsoftware.com\/ca\/el-pla-obert-de-la-diputacio-repartira-29-milions-mes-entre-els-municipis-de-la-foia-de-bunyol-xiva-i-14-milions-mes-al-valle-de-aiora-cofrents\/\" title=\"El Pla Obert de la Diputaci\u00f3 repartir\u00e0 2,9 milions m\u00e9s entre els municipis de la Foia de Bunyol-Xiva i 1,4 milions m\u00e9s al Valle de Aiora-Cofrents\">[+] <\/a><\/div>\n","protected":false},"author":1,"featured_media":98870,"comment_status":"open","ping_status":"open","sticky":false,"template":"","format":"standard","meta":{"footnotes":""},"categories":[10954,10951,10973,10911,10955,10953,10976,10898,10977,10980,10948,10956,10957,10894,10912,10978,10947,10896,10979,10958,10974,10975,10959],"tags":[11401,11934,10914],"class_list":["post-208554","post","type-post","status-publish","format-standard","has-post-thumbnail","category-ayora-ca","category-ayora-cofrentes-ca","category-alborache-ca","category-bunol-ca","category-cofrentes-ca","category-cortes-de-pallas-ca","category-dos-aguas-ca","category-ventana-ca","category-godelleta-ca","category-yatova-ca","category-infraestructuras-ca","category-jalance-ca","category-jarafuel-ca","category-la-comarca-ca","category-la-hoya-ca","category-macastre-ca","category-politica","category-seccion-ca","category-siete-aguas-ca","category-teresa-de-cofrentes-ca","category-cheste-ca","category-chiva-ca","category-zarra-ca","tag-diputacion-de-valencia-ca","tag-el-valle-de-ayora-cofrentes-ca","tag-la-hoya-de-bunol-chiva-ca"],"_links":{"self":[{"href":"https:\/\/tucomarca.whitekongsoftware.com\/ca\/wp-json\/wp\/v2\/posts\/208554","targetHints":{"allow":["GET"]}}],"collection":[{"href":"https:\/\/tucomarca.whitekongsoftware.com\/ca\/wp-json\/wp\/v2\/posts"}],"about":[{"href":"https:\/\/tucomarca.whitekongsoftware.com\/ca\/wp-json\/wp\/v2\/types\/post"}],"author":[{"embeddable":true,"href":"https:\/\/tucomarca.whitekongsoftware.com\/ca\/wp-json\/wp\/v2\/users\/1"}],"replies":[{"embeddable":true,"href":"https:\/\/tucomarca.whitekongsoftware.com\/ca\/wp-json\/wp\/v2\/comments?post=208554"}],"version-history":[{"count":0,"href":"https:\/\/tucomarca.whitekongsoftware.com\/ca\/wp-json\/wp\/v2\/posts\/208554\/revisions"}],"wp:featuredmedia":[{"embeddable":true,"href":"https:\/\/tucomarca.whitekongsoftware.com\/ca\/wp-json\/wp\/v2\/media\/98870"}],"wp:attachment":[{"href":"https:\/\/tucomarca.whitekongsoftware.com\/ca\/wp-json\/wp\/v2\/media?parent=208554"}],"wp:term":[{"taxonomy":"category","embeddable":true,"href":"https:\/\/tucomarca.whitekongsoftware.com\/ca\/wp-json\/wp\/v2\/categories?post=208554"},{"taxonomy":"post_tag","embeddable":true,"href":"https:\/\/tucomarca.whitekongsoftware.com\/ca\/wp-json\/wp\/v2\/tags?post=208554"}],"curies":[{"name":"wp","href":"https:\/\/api.w.org\/{rel}","templated":true}]}}