{"id":208466,"date":"2024-01-25T08:08:00","date_gmt":"2024-01-25T07:08:00","guid":{"rendered":"https:\/\/www.tucomarca.com\/wordpress\/segunda\/?p=208466"},"modified":"2024-01-25T12:38:00","modified_gmt":"2024-01-25T11:38:00","slug":"el-departament-de-salut-de-manises-millora-el-seguiment-dels-pacients-anticoagulados-des-dels-centres-de-salut","status":"publish","type":"post","link":"https:\/\/tucomarca.whitekongsoftware.com\/ca\/el-departament-de-salut-de-manises-millora-el-seguiment-dels-pacients-anticoagulados-des-dels-centres-de-salut\/","title":{"rendered":"El Departament de Salut de Manises millora el seguiment dels pacients anticoagulados des dels centres de salut"},"content":{"rendered":"\n<h4 class=\"wp-block-heading\">El Projecte \u2018Enlla\u00e7\u2019 incorpora a una infermera gestora que serveix de connexi\u00f3 entre l&#8217;especialista d&#8217;Hematologia de l&#8217;Hospital i els pacients que acudeixen al centre de salut.<\/h4>\n\n\n\n<h4 class=\"wp-block-heading\">Ja beneficia a pacients en tractament que tenen elevat risc tromboemb\u00f2lic. Des que est\u00e0 en marxa, el Projecte Enlla\u00e7 ha realitzat m\u00e9s de 300 consultes presencials en els centres de salut durant l&#8217;any 2023.<\/h4>\n\n\n\n<h4 class=\"wp-block-heading\">L&#8217;objectiu \u00e9s descentralitzar l&#8217;assist\u00e8ncia sanit\u00e0ria per a aquesta mena de pacients, millorant la seua accessibilitat.<\/h4>\n\n\n\n<p class=\"wp-block-paragraph\">El Departament de Salut de Manises continua apostant pel refor\u00e7 de l&#8217;Atenci\u00f3 Prim\u00e0ria i, per aix\u00f2, ha posat en marxa en 2023 el Projecte Enlla\u00e7 per a atendre des dels centres de salut als pacients anticoagulados. El projecte ja beneficia a pacients en tractament amb fibril\u00b7laci\u00f3 auricular no valvular.\u00a0<\/p>\n\n\n\n<p class=\"wp-block-paragraph\">Concretament, el Projecte Enlla\u00e7 forma part d&#8217;un projecte nacional en el qual tamb\u00e9 participen altres 13 centres espanyols, i consisteix en la incorporaci\u00f3 d&#8217;un professional gestor d&#8217;infermeria que serveix com a \u2018enlla\u00e7\u2019 entre el servei d&#8217;Hematologia de l&#8217;Hospital de Manises i els pacients que acudeixen al centre de salut, de manera que l&#8217;atenci\u00f3 es realitza prop del domicili i evita trasllats innecessaris a l&#8217;hospital.<\/p>\n\n\n\n<p class=\"wp-block-paragraph\">La infermera gestora encarregada del projecte \u00e9s Beatriz Buigues, juntament amb l&#8217;especialista en hematologia, la Dra. G\u00f3mez Toboso. Durant l&#8217;any&nbsp; 2023 s&#8217;han complit les expectativos marcades i superat les 300 visites presencials. En aquesta l\u00ednia, l&#8217;especialista, G\u00f3mez Toboso, explica que \u201ces tracta d&#8217;una atenci\u00f3 especialitzada que abans es prestava en hospitals i que ara hem aconseguit acostar a les persones que ho necessiten en els seus centres d&#8217;Atenci\u00f3 Prim\u00e0ria, molt m\u00e9s prop d&#8217;on viuen i tamb\u00e9 amb major comoditat\u201d.<\/p>\n\n\n\n<p class=\"wp-block-paragraph\">\u201cEl Projecte Enlla\u00e7 persegueix un doble objectiu: d&#8217;una banda, avan\u00e7ar en un nou model d&#8217;atenci\u00f3 sanit\u00e0ria que permeta descentralitzar encara m\u00e9s el seguiment de la ter\u00e0pia anticoagulants; i per un altre, facilitar l&#8217;accessibilitat als professionals sanitaris pels pacients m\u00e9s vulnerables\u201d, ha explicat la doctora G\u00f3mez Toboso.&nbsp;<\/p>\n\n\n\n<p class=\"wp-block-paragraph\">\u00c9s a dir, aquest projecte implica la \u201cdescentralitzaci\u00f3 de l&#8217;atenci\u00f3 i despla\u00e7ament a l&#8217;Atenci\u00f3 prim\u00e0ria, molt m\u00e9s pr\u00f2xima a la poblaci\u00f3\u201d i que, al seu torn, permet dedicar les agendes hospital\u00e0ries als casos que requereixen aquesta atenci\u00f3 especialitzada, recalca.&nbsp;<\/p>\n\n\n\n<p class=\"wp-block-paragraph\">Igualment, la labor de la infermera gestora no se circumscriu a les tasques assistencials, sin\u00f3 que tamb\u00e9 comporta una important labor de formaci\u00f3 i d&#8217;aconsellament. D&#8217;aquesta manera, guia al pacient durant l&#8217;inici del tractament oral i, al mateix temps, facilita un major grau de coneixement tant de la malaltia com de la medicaci\u00f3. Aquest seguiment, tant presencial com telef\u00f2nica, es realitza amb el facultatiu d&#8217;hematologia encarregat de l&#8217;atenci\u00f3 del pacient<\/p>\n\n\n\n<p class=\"wp-block-paragraph\">Efici\u00e8ncia del sistema sanitari<\/p>\n\n\n\n<p class=\"wp-block-paragraph\">La doctora Isabel Pic\u00f3n, cap de servei d&#8217;hematologia de l&#8217;hospital de Manises, ha incidit en qu\u00e8 el Projecte Enlla\u00e7 reporta un benefici assistencial tant als professionals com als pacients, i facilita la integraci\u00f3 entre diversos nivells assistencials en l\u00ednia als objectius estrat\u00e8gics del departament de Salut de Manises.&nbsp;<\/p>\n\n\n\n<p class=\"wp-block-paragraph\">Una q\u00fcesti\u00f3, igualment rellevant, \u00e9s que el projecte ha facilitat la possibilitat de cures compartides; a m\u00e9s de motivar una qualitat percebuda immillorable tant per a professionals com per a pacients.&nbsp;<\/p>\n\n\n\n<p class=\"wp-block-paragraph\">Aquest projecte es desenvolupa amb la col\u00b7laboraci\u00f3 de la companyia Bristol Myers Squibb.<\/p>\n","protected":false},"excerpt":{"rendered":"<div class=\"mh-excerpt\">El Projecte \u2018Enlla\u00e7\u2019 incorpora a una infermera gestora que serveix de connexi\u00f3 entre l&#8217;especialista d&#8217;Hematologia de l&#8217;Hospital i els pacients que acudeixen al centre de salut. Ja beneficia a pacients en tractament que tenen elevat <a class=\"mh-excerpt-more\" href=\"https:\/\/tucomarca.whitekongsoftware.com\/ca\/el-departament-de-salut-de-manises-millora-el-seguiment-dels-pacients-anticoagulados-des-dels-centres-de-salut\/\" title=\"El Departament de Salut de Manises millora el seguiment dels pacients anticoagulados des dels centres de salut\">[+] <\/a><\/div>\n","protected":false},"author":12,"featured_media":208465,"comment_status":"open","ping_status":"open","sticky":false,"template":"","format":"standard","meta":{"footnotes":""},"categories":[10973,10911,10892,11010,10898,10977,10980,10948,10894,10904,10912,10902,10931,10978,10906,10896,11047,10974,10975],"tags":[11092],"class_list":["post-208466","post","type-post","status-publish","format-standard","has-post-thumbnail","category-alborache-ca","category-bunol-ca","category-camp-de-turia-ca","category-canal-salud","category-ventana-ca","category-godelleta-ca","category-yatova-ca","category-infraestructuras-ca","category-la-comarca-ca","category-sin-categorizar-ca","category-la-hoya-ca","category-la-ribera-ca","category-loriguilla-ca","category-macastre-ca","category-riba-roja-ca","category-seccion-ca","category-turis-ca","category-cheste-ca","category-chiva-ca","tag-hospital-de-manises-ca"],"_links":{"self":[{"href":"https:\/\/tucomarca.whitekongsoftware.com\/ca\/wp-json\/wp\/v2\/posts\/208466","targetHints":{"allow":["GET"]}}],"collection":[{"href":"https:\/\/tucomarca.whitekongsoftware.com\/ca\/wp-json\/wp\/v2\/posts"}],"about":[{"href":"https:\/\/tucomarca.whitekongsoftware.com\/ca\/wp-json\/wp\/v2\/types\/post"}],"author":[{"embeddable":true,"href":"https:\/\/tucomarca.whitekongsoftware.com\/ca\/wp-json\/wp\/v2\/users\/12"}],"replies":[{"embeddable":true,"href":"https:\/\/tucomarca.whitekongsoftware.com\/ca\/wp-json\/wp\/v2\/comments?post=208466"}],"version-history":[{"count":0,"href":"https:\/\/tucomarca.whitekongsoftware.com\/ca\/wp-json\/wp\/v2\/posts\/208466\/revisions"}],"wp:featuredmedia":[{"embeddable":true,"href":"https:\/\/tucomarca.whitekongsoftware.com\/ca\/wp-json\/wp\/v2\/media\/208465"}],"wp:attachment":[{"href":"https:\/\/tucomarca.whitekongsoftware.com\/ca\/wp-json\/wp\/v2\/media?parent=208466"}],"wp:term":[{"taxonomy":"category","embeddable":true,"href":"https:\/\/tucomarca.whitekongsoftware.com\/ca\/wp-json\/wp\/v2\/categories?post=208466"},{"taxonomy":"post_tag","embeddable":true,"href":"https:\/\/tucomarca.whitekongsoftware.com\/ca\/wp-json\/wp\/v2\/tags?post=208466"}],"curies":[{"name":"wp","href":"https:\/\/api.w.org\/{rel}","templated":true}]}}