{"id":208411,"date":"2024-01-24T13:50:00","date_gmt":"2024-01-24T12:50:00","guid":{"rendered":"https:\/\/www.tucomarca.com\/wordpress\/segunda\/?p=208411"},"modified":"2024-01-24T20:48:19","modified_gmt":"2024-01-24T19:48:19","slug":"requena-es-prepara-per-a-celebrar-la-seua-proxima-mostra-de-lembotit","status":"publish","type":"post","link":"https:\/\/tucomarca.whitekongsoftware.com\/ca\/requena-es-prepara-per-a-celebrar-la-seua-proxima-mostra-de-lembotit\/","title":{"rendered":"Requena es prepara per a celebrar la seua pr\u00f2xima Mostra de l&#8217;Embotit"},"content":{"rendered":"\n<p class=\"wp-block-paragraph\">La XXIX Mostra de l&#8217;Embotit Artes\u00e0 i de Qualitat de Requena declarada d&#8217;Inter\u00e9s Tur\u00edstic Auton\u00f2mic, se celebrar\u00e0 del 9 a l&#8217;11 de febrer en el Recinte Firal de la localitat. Per a aquests 3 dies, les carnisseries de de l&#8217;Associaci\u00f3 de l&#8217;Embotit, han preparat una quantitat colossal d&#8217;embotits i diferents productes artesans i de qualitat de Requena.<br>Durant la mostra requenenses i visitants podran degustar llonganissa, xori\u00e7o, salsitx\u00f3, g\u00fce\u00f1a, botifarra, sobrassada, gos, formatge i oli d&#8217;oliva entre altres productes com ajoarriero, morteruelo, brioix i pa bene\u00eft, aix\u00ed com va vindre de la zona en els expositors dels cellers.<br>La venda anticipada de tiquets es dur\u00e0 a terme de l&#8217;Oficina de Turisme, fins al 6 de febrer incl\u00f2s, a trav\u00e9s dels seg\u00fcents tel\u00e8fons: 697104824 962303851 i el correu electr\u00f2nic cuevasdelavilla@requena.es<br>La venda anticipada inclou 3 visites m\u00e9s a museu o monument. L&#8217;horari d&#8217;entrada per a aquests tiquets ser\u00e0 de 10 a 12 hores durant el dissabte i diumenge.<br>Els amants de l&#8217;embotit i de la gastronomia m\u00e9s tradicional de Requena, Comunitat Valenciana i tota Espanya, poden anar programant la seua visita a Requena. Informa, <strong>Luis Ib\u00e1\u00f1ez.<\/strong><\/p>\n\n\n\n<figure class=\"wp-block-image size-large\"><img loading=\"lazy\" decoding=\"async\" width=\"732\" height=\"1024\" src=\"http:\/\/www.tucomarca.com\/wordpress\/segunda\/wp-content\/uploads\/2024\/01\/MuestraEmbutido24-732x1024.jpg\" alt=\"\" class=\"wp-image-208407\" srcset=\"https:\/\/tucomarca.whitekongsoftware.com\/wp-content\/uploads\/2024\/01\/MuestraEmbutido24-732x1024.jpg 732w, https:\/\/tucomarca.whitekongsoftware.com\/wp-content\/uploads\/2024\/01\/MuestraEmbutido24-214x300.jpg 214w, https:\/\/tucomarca.whitekongsoftware.com\/wp-content\/uploads\/2024\/01\/MuestraEmbutido24-768x1075.jpg 768w, https:\/\/tucomarca.whitekongsoftware.com\/wp-content\/uploads\/2024\/01\/MuestraEmbutido24.jpg 886w\" sizes=\"auto, (max-width: 732px) 100vw, 732px\" \/><\/figure>\n","protected":false},"excerpt":{"rendered":"<div class=\"mh-excerpt\">La XXIX Mostra de l&#8217;Embotit Artes\u00e0 i de Qualitat de Requena declarada d&#8217;Inter\u00e9s Tur\u00edstic Auton\u00f2mic, se celebrar\u00e0 del 9 a l&#8217;11 de febrer en el Recinte Firal de la localitat. Per a aquests 3 dies, <a class=\"mh-excerpt-more\" href=\"https:\/\/tucomarca.whitekongsoftware.com\/ca\/requena-es-prepara-per-a-celebrar-la-seua-proxima-mostra-de-lembotit\/\" title=\"Requena es prepara per a celebrar la seua pr\u00f2xima Mostra de l&#8217;Embotit\">[+] <\/a><\/div>\n","protected":false},"author":12,"featured_media":208408,"comment_status":"open","ping_status":"open","sticky":false,"template":"","format":"standard","meta":{"footnotes":""},"categories":[11019,10894,11007,10908,10909,10896],"tags":[20142,11099,10910],"class_list":["post-208411","post","type-post","status-publish","format-standard","has-post-thumbnail","category-agenda-ca","category-la-comarca-ca","category-ocio-y-cultura-ca","category-requena-ca","category-requena-utiel-ca","category-seccion-ca","tag-muestra-del-embutido-artesano-de-requena-ca","tag-requena-ca","tag-requena-utiel-ca"],"_links":{"self":[{"href":"https:\/\/tucomarca.whitekongsoftware.com\/ca\/wp-json\/wp\/v2\/posts\/208411","targetHints":{"allow":["GET"]}}],"collection":[{"href":"https:\/\/tucomarca.whitekongsoftware.com\/ca\/wp-json\/wp\/v2\/posts"}],"about":[{"href":"https:\/\/tucomarca.whitekongsoftware.com\/ca\/wp-json\/wp\/v2\/types\/post"}],"author":[{"embeddable":true,"href":"https:\/\/tucomarca.whitekongsoftware.com\/ca\/wp-json\/wp\/v2\/users\/12"}],"replies":[{"embeddable":true,"href":"https:\/\/tucomarca.whitekongsoftware.com\/ca\/wp-json\/wp\/v2\/comments?post=208411"}],"version-history":[{"count":0,"href":"https:\/\/tucomarca.whitekongsoftware.com\/ca\/wp-json\/wp\/v2\/posts\/208411\/revisions"}],"wp:featuredmedia":[{"embeddable":true,"href":"https:\/\/tucomarca.whitekongsoftware.com\/ca\/wp-json\/wp\/v2\/media\/208408"}],"wp:attachment":[{"href":"https:\/\/tucomarca.whitekongsoftware.com\/ca\/wp-json\/wp\/v2\/media?parent=208411"}],"wp:term":[{"taxonomy":"category","embeddable":true,"href":"https:\/\/tucomarca.whitekongsoftware.com\/ca\/wp-json\/wp\/v2\/categories?post=208411"},{"taxonomy":"post_tag","embeddable":true,"href":"https:\/\/tucomarca.whitekongsoftware.com\/ca\/wp-json\/wp\/v2\/tags?post=208411"}],"curies":[{"name":"wp","href":"https:\/\/api.w.org\/{rel}","templated":true}]}}